{"id":316,"date":"2016-05-05T20:55:15","date_gmt":"2016-05-05T18:55:15","guid":{"rendered":"http:\/\/blogs.lasprovincias.es\/almasconpatas\/?p=316"},"modified":"2016-05-05T20:55:15","modified_gmt":"2016-05-05T18:55:15","slug":"sos-por-atena","status":"publish","type":"post","link":"https:\/\/blogs.lasprovincias.es\/almasconpatas\/2016\/05\/05\/sos-por-atena\/","title":{"rendered":"SOS por Atena"},"content":{"rendered":"<div id=\"attachment_317\" style=\"width: 550px\" class=\"wp-caption aligncenter\"><a href=\"\/almasconpatas\/wp-content\/uploads\/sites\/41\/2016\/05\/Atena-en-el-veterinario.jpg\" target=\"_blank\"><img aria-describedby=\"caption-attachment-317\" loading=\"lazy\" class=\"size-full wp-image-317\" title=\"Atena en el veterinario\" src=\"\/almasconpatas\/wp-content\/uploads\/sites\/41\/2016\/05\/Atena-en-el-veterinario.jpg\" alt=\"\" width=\"540\" height=\"960\" srcset=\"https:\/\/static-blogs.lasprovincias.es\/wp-content\/uploads\/sites\/41\/2016\/05\/Atena-en-el-veterinario.jpg 540w, https:\/\/static-blogs.lasprovincias.es\/wp-content\/uploads\/sites\/41\/2016\/05\/Atena-en-el-veterinario-169x300.jpg 169w\" sizes=\"(max-width: 540px) 100vw, 540px\" \/><\/a><p id=\"caption-attachment-317\" class=\"wp-caption-text\">Atena, atendida en el veterinario.<\/p><\/div>\n<p><span style=\"font-size: large;\">Atena cumple una semana de vuelta a la vida, el tiempo que ha pasado desde que <a href=\"https:\/\/www.facebook.com\/MichelRescueDogs\/?fref=nf\" target=\"_blank\" rel=\"external nofollow\">Michel Neb\u00f3n<\/a> rescat\u00f3 a esta preciosa podenca junto a la A-7 en Silla, supuestamente <a href=\"https:\/\/blogs.lasprovincias.es\/almasconpatas\/2016\/04\/26\/atena-arrojada-desde-un-coche-en-marcha-para-morir\/\" target=\"_blank\">tras ser arrojada desde un coche en marcha<\/a>. Hoy sigue con su salvador. Y a\u00fan necesita ayuda, adem\u00e1s de una familia de adopci\u00f3n. Aqu\u00ed va la llamada de auxilio que Michel ha colgado en su Facebook. \u00a1Ayudemos! Os dejo con Michel.<br \/>\n<\/span><\/p>\n<p>&nbsp;<\/p>\n<p><span style=\"font-size: large;\"><br \/>\n<\/span><\/p>\n<p style=\"margin: 0px 0px 6px; color: #141823; font-family: helvetica, arial, sans-serif; font-size: 14px; line-height: 19.32px; text-align: center; background-color: #ffffff;\"><span style=\"font-size: large;\"><em>\u00a1SOS!<\/em><\/span><\/p>\n<p style=\"margin: 6px 0px; color: #141823; font-family: helvetica, arial, sans-serif; font-size: 14px; line-height: 19.32px; text-align: center; background-color: #ffffff;\"><span style=\"font-size: large;\"><em>\u00a1Necesitamos 40 ampollas de GLUCANTIME para tratar a ATENA!<\/em><\/span><\/p>\n<p style=\"margin: 6px 0px; color: #141823; font-family: helvetica, arial, sans-serif; font-size: 14px; line-height: 19.32px; text-align: center; background-color: #ffffff;\"><span style=\"font-size: large;\"><em>Hemos visitado con ella el veterinario, y aunque ya ha engordado en solo una semana 1 kilazo,<br \/>\nseguimos teniendo el problema de su leishmania.\u00a0Nos necesita para poder recuperarse completamente. \u00a1Se lo merece!<\/em><\/span><\/p>\n<div class=\"text_exposed_show\" style=\"display: inline; color: #141823; font-family: helvetica, arial, sans-serif; font-size: 14px; line-height: 19.32px; text-align: center; background-color: #ffffff;\">\n<p style=\"margin: 0px 0px 6px;\"><span style=\"font-size: large;\"><em>No hay GLUCANTIME en las farmacias, por lo que necesitamos vuestra ayuda para conseguirlo o ayuda econ\u00f3mica para comprarlo.<\/em><\/span><\/p>\n<p style=\"margin: 6px 0px;\"><span style=\"font-size: large;\"><em>Ya ha empezado la nueva vida de ATENA, \u00a1\u00a1\u00a1\u00a1d\u00e9mosle un \u00faltimo empuj\u00f3n para que sea todo lo feliz que merece esta luchadora!!!!<\/em><\/span><\/p>\n<p>IBAN ES79 3058\/2015\/81\/2720004100<br \/>\n<span style=\"font-size: large;\"><em>SWIFT \/ C\u00f3digo BIC CCRIES2AXXX<\/em><\/span><br \/>\n<span style=\"font-size: large;\"><em>Titular: Miguel Nebon Huerta<\/em><\/span><\/p>\n<\/div>\n<p style=\"text-align: center;\"><span style=\"font-size: large;\"><em><span style=\"color: #141823; font-family: helvetica, arial, sans-serif; line-height: 19.32px; background-color: #ffffff;\">Paypal: michelnebon@hotmail.com<\/span><\/em><\/span><\/p>\n<!-- AddThis Advanced Settings generic via filter on the_content --><!-- AddThis Share Buttons generic via filter on the_content -->","protected":false},"excerpt":{"rendered":"<p>Atena cumple una semana de vuelta a la vida, el tiempo que ha pasado desde que Michel Neb\u00f3n rescat\u00f3 a esta preciosa podenca junto a la A-7 en Silla, supuestamente tras ser arrojada desde un coche en marcha. Hoy sigue con su salvador. Y a\u00fan necesita ayuda, adem\u00e1s de una familia de adopci\u00f3n. Aqu\u00ed va [&hellip;]<!-- AddThis Advanced Settings generic via filter on get_the_excerpt --><!-- AddThis Share Buttons generic via filter on get_the_excerpt --><\/p>\n","protected":false},"author":20,"featured_media":0,"comment_status":"open","ping_status":"closed","sticky":false,"template":"","format":"standard","meta":[],"categories":[2,8,10],"tags":[14,16,57,147],"_links":{"self":[{"href":"https:\/\/blogs.lasprovincias.es\/almasconpatas\/wp-json\/wp\/v2\/posts\/316"}],"collection":[{"href":"https:\/\/blogs.lasprovincias.es\/almasconpatas\/wp-json\/wp\/v2\/posts"}],"about":[{"href":"https:\/\/blogs.lasprovincias.es\/almasconpatas\/wp-json\/wp\/v2\/types\/post"}],"author":[{"embeddable":true,"href":"https:\/\/blogs.lasprovincias.es\/almasconpatas\/wp-json\/wp\/v2\/users\/20"}],"replies":[{"embeddable":true,"href":"https:\/\/blogs.lasprovincias.es\/almasconpatas\/wp-json\/wp\/v2\/comments?post=316"}],"version-history":[{"count":0,"href":"https:\/\/blogs.lasprovincias.es\/almasconpatas\/wp-json\/wp\/v2\/posts\/316\/revisions"}],"wp:attachment":[{"href":"https:\/\/blogs.lasprovincias.es\/almasconpatas\/wp-json\/wp\/v2\/media?parent=316"}],"wp:term":[{"taxonomy":"category","embeddable":true,"href":"https:\/\/blogs.lasprovincias.es\/almasconpatas\/wp-json\/wp\/v2\/categories?post=316"},{"taxonomy":"post_tag","embeddable":true,"href":"https:\/\/blogs.lasprovincias.es\/almasconpatas\/wp-json\/wp\/v2\/tags?post=316"}],"curies":[{"name":"wp","href":"https:\/\/api.w.org\/{rel}","templated":true}]}}