{"id":341,"date":"2016-07-15T18:45:46","date_gmt":"2016-07-15T16:45:46","guid":{"rendered":"http:\/\/blogs.lasprovincias.es\/almasconpatas\/?p=341"},"modified":"2016-07-15T18:45:46","modified_gmt":"2016-07-15T16:45:46","slug":"el-gobierno-valenciano-debe-pagar-por-el-maltrato-a-40-caballos","status":"publish","type":"post","link":"https:\/\/blogs.lasprovincias.es\/almasconpatas\/2016\/07\/15\/el-gobierno-valenciano-debe-pagar-por-el-maltrato-a-40-caballos\/","title":{"rendered":"El Gobierno valenciano debe pagar por el maltrato a 40 caballos"},"content":{"rendered":"<p style=\"text-align: center;\"><a href=\"\/almasconpatas\/wp-content\/uploads\/sites\/41\/2016\/07\/photo-51.jpg\" target=\"_blank\"><img loading=\"lazy\" class=\"aligncenter size-full wp-image-342\" title=\"photo 51\" src=\"\/almasconpatas\/wp-content\/uploads\/sites\/41\/2016\/07\/photo-51.jpg\" alt=\"\" width=\"816\" height=\"612\" srcset=\"https:\/\/static-blogs.lasprovincias.es\/wp-content\/uploads\/sites\/41\/2016\/07\/photo-51.jpg 816w, https:\/\/static-blogs.lasprovincias.es\/wp-content\/uploads\/sites\/41\/2016\/07\/photo-51-300x225.jpg 300w, https:\/\/static-blogs.lasprovincias.es\/wp-content\/uploads\/sites\/41\/2016\/07\/photo-51-768x576.jpg 768w\" sizes=\"(max-width: 816px) 100vw, 816px\" \/><\/a><\/p>\n<p><span style=\"font-size: large;\">S\u00f3lo hay que ver esta foto, el bodeg\u00f3n infecto que abre estas l\u00edneas. Ese era el men\u00fa diario de 40 caballos. Un grupo de equinos torturados y dejados al borde de la muerte por un desalmado en el municipio alicantino de Callosa de Segura. La noticia <a href=\"http:\/\/www.lasprovincias.es\/orihuela\/201607\/13\/condenado-nueve-meses-prision-20160713115352.html\" target=\"_blank\" rel=\"external nofollow\">ya la contamos en Las Provincia<\/a>s, <strong>con alegr\u00eda por la condena de nueve meses de prisi\u00f3n que recay\u00f3 sobre el responsable de este infierno<\/strong>. Aqu\u00ed detallar\u00e9 ahora un poco m\u00e1s la pesadilla en la que estaba sumidos esos caballos, que no s\u00f3lo de perros y gatos, por desgracia, viven los infames maltratadores.\u00a0<\/span><span style=\"font-size: large;\">Y contar\u00e9 tambi\u00e9n la gran labor que realiza <a href=\"http:\/\/www.elrefugiodelburrito.com\/\" target=\"_blank\" rel=\"external nofollow\">El Refugio del Burrito<\/a>, una asociaci\u00f3n que se desvive por ayudar a caballos, burros y todo este tipo de animales. Mejor lo cuentan ellos: &#8220;Investigamos casos de negligencia, abuso, maltrato o abandono a burros y mulos en toda Espa\u00f1a. <span style=\"color: #ff0000;\"><strong>Hay m\u00e1s de 300 animales viviendo en nuestras granjas. Desde enero de 2016 hemos participado en 56 investigaciones y recogido a 135 animales.<\/strong><\/span> El pasado mes de febrero lideramos un rescate masivo de cerca de 100 burros en C\u00e1ceres. Adem\u00e1s, El Refugio del Burrito se implica activamente en causas que insten a la aplicaci\u00f3n y mejora de las leyes vigentes en cuanto a bienestar animal&#8221;. Por cierto, que como no pod\u00eda ser de otra forma, necesitan una inyecci\u00f3n econ\u00f3mica y tienen el refugio saturado. Si alguien se anima, aqu\u00ed va <a href=\"http:\/\/www.elrefugiodelburrito.com\/es\/articulo\/colgamos-el-cartel-de-lleno\" target=\"_blank\" rel=\"external nofollow\">un enlace en el que colaborar<\/a>.<\/span><\/p>\n<p style=\"text-align: center;\"><a href=\"\/almasconpatas\/wp-content\/uploads\/sites\/41\/2016\/07\/photo-41.jpg\" target=\"_blank\"><img loading=\"lazy\" class=\"aligncenter size-full wp-image-344\" title=\"photo 41\" src=\"\/almasconpatas\/wp-content\/uploads\/sites\/41\/2016\/07\/photo-41.jpg\" alt=\"\" width=\"816\" height=\"612\" srcset=\"https:\/\/static-blogs.lasprovincias.es\/wp-content\/uploads\/sites\/41\/2016\/07\/photo-41.jpg 816w, https:\/\/static-blogs.lasprovincias.es\/wp-content\/uploads\/sites\/41\/2016\/07\/photo-41-300x225.jpg 300w, https:\/\/static-blogs.lasprovincias.es\/wp-content\/uploads\/sites\/41\/2016\/07\/photo-41-768x576.jpg 768w\" sizes=\"(max-width: 816px) 100vw, 816px\" \/><\/a><\/p>\n<p><span style=\"font-size: large;\">La alerta la dio <a href=\"http:\/\/www.caballosluna.es\/es\/\" target=\"_blank\" rel=\"external nofollow\">Caballos Luna<\/a>, otra de esas entidades que se dedica a velar por estos animales. Otro \u00e1ngel de la guarda de burros, caballos o mulas. Al llegar al lugar para comprobar los hechos, El Refugio comprob\u00f3 c\u00f3mo los animales apenas se manten\u00edan en pie. <strong>Escu\u00e1lidos, devorados por las moscas, repletos de llagas<\/strong> y abandonados a su suerte. Su men\u00fa diario, frutas y verduras en estado de putrefacci\u00f3n. Sin sitio para siquiera corretear. Un sue\u00f1o imposible comparado con la realidad de los equinos. Atados en corto con cadenas de hierro que dificultaban su movilidad. Los cascos los ten\u00edan infectados y tremendamente da\u00f1ados.<\/span><\/p>\n<p style=\"text-align: center;\"><a href=\"\/almasconpatas\/wp-content\/uploads\/sites\/41\/2016\/07\/photo-4.jpg\" target=\"_blank\"><img loading=\"lazy\" class=\"aligncenter size-full wp-image-345\" title=\"photo 4\" src=\"\/almasconpatas\/wp-content\/uploads\/sites\/41\/2016\/07\/photo-4.jpg\" alt=\"\" width=\"816\" height=\"612\" srcset=\"https:\/\/static-blogs.lasprovincias.es\/wp-content\/uploads\/sites\/41\/2016\/07\/photo-4.jpg 816w, https:\/\/static-blogs.lasprovincias.es\/wp-content\/uploads\/sites\/41\/2016\/07\/photo-4-300x225.jpg 300w, https:\/\/static-blogs.lasprovincias.es\/wp-content\/uploads\/sites\/41\/2016\/07\/photo-4-768x576.jpg 768w\" sizes=\"(max-width: 816px) 100vw, 816px\" \/><\/a><\/p>\n<p><span style=\"font-size: large;\">El grupo viv\u00eda entre\u00a0escombros, chapas met\u00e1licas oxidadas y restos de alambrada de espino. Los menos id\u00edlico del mundo.\u00a0<\/span><span style=\"font-size: large;\">Un infierno por el que el autor recibi\u00f3 una contundente condena del juzgado de lo Penal n\u00famero uno de Orihuela: nueve meses de prisi\u00f3n y, sobre todo, tres a\u00f1os de inhabilitaci\u00f3n, lo que le impedir\u00e1 ejercer como empresario equino, si es que se puede llamar de esa manera a su barrabasismo. La sentencia dej\u00f3 claro la actitud del condenado: <span style=\"color: #333300;\"><strong>&#8220;Su<\/strong><\/span><\/span><span style=\"font-size: large;\"><span style=\"color: #333300;\"><strong>\u00a0flagrante desprecio a la vida, salud y bienestar de los animales, haciendo voluntariamente dejaci\u00f3n de los m\u00ednimos deberes de alimentaci\u00f3n y cuidado<\/strong><\/span> de los mismos provocando con ello detrimento del estado de salud de dichos equinos e incluso la muerte de algunos de ellos\u201d.<\/span><\/p>\n<p style=\"text-align: center;\"><span style=\"font-size: large;\"><a href=\"\/almasconpatas\/wp-content\/uploads\/sites\/41\/2016\/07\/photo-2.jpg\" target=\"_blank\"><img loading=\"lazy\" class=\"aligncenter size-full wp-image-346\" title=\"photo 2\" src=\"\/almasconpatas\/wp-content\/uploads\/sites\/41\/2016\/07\/photo-2.jpg\" alt=\"\" width=\"816\" height=\"612\" srcset=\"https:\/\/static-blogs.lasprovincias.es\/wp-content\/uploads\/sites\/41\/2016\/07\/photo-2.jpg 816w, https:\/\/static-blogs.lasprovincias.es\/wp-content\/uploads\/sites\/41\/2016\/07\/photo-2-300x225.jpg 300w, https:\/\/static-blogs.lasprovincias.es\/wp-content\/uploads\/sites\/41\/2016\/07\/photo-2-768x576.jpg 768w\" sizes=\"(max-width: 816px) 100vw, 816px\" \/><\/a><\/span><\/p>\n<p><span style=\"font-size: large;\">La primera denuncia de El Refugio del Burrito fue desestimada, pero gracias a la intermediaci\u00f3n del Eurogrupo por los Animales y a una campa\u00f1a de recogida de firmas que ped\u00eda el cierre definitivo de las instalaciones, se reabri\u00f3 el caso. La asociaci\u00f3n protectora de burros y mulos recibi\u00f3 una orden de incautaci\u00f3n temporal que permiti\u00f3 el traslado de los animales a sus instalaciones. El equipo de Bienestar Animal de El Refugio del Burrito contact\u00f3 con otras protectoras y puso a salvo a un grupo de 14 caballos en Easy Horse Rescue Centre, de Alicante. <strong>No se pudo evitar el fallecimiento de otros 3 equinos<\/strong> propiedad del mismo due\u00f1o.<\/span><\/p>\n<p style=\"text-align: left;\"><span style=\"font-size: large;\"><a href=\"\/almasconpatas\/wp-content\/uploads\/sites\/41\/2016\/07\/photo-1.jpg\" target=\"_blank\"><img loading=\"lazy\" class=\"aligncenter size-full wp-image-347\" title=\"photo 1\" src=\"\/almasconpatas\/wp-content\/uploads\/sites\/41\/2016\/07\/photo-1.jpg\" alt=\"\" width=\"816\" height=\"612\" srcset=\"https:\/\/static-blogs.lasprovincias.es\/wp-content\/uploads\/sites\/41\/2016\/07\/photo-1.jpg 816w, https:\/\/static-blogs.lasprovincias.es\/wp-content\/uploads\/sites\/41\/2016\/07\/photo-1-300x225.jpg 300w, https:\/\/static-blogs.lasprovincias.es\/wp-content\/uploads\/sites\/41\/2016\/07\/photo-1-768x576.jpg 768w\" sizes=\"(max-width: 816px) 100vw, 816px\" \/><\/a><\/p>\n<p>La denuncia y acci\u00f3n de la protectora de animales va incluso m\u00e1s all\u00e1: <strong>hace responsable de lo ocurrido al Consell, por su inacci\u00f3n al permitir el maltrato de los equinos.<\/strong> Pese a llenarse la boca de muchos dirigentes con la defensa de los derechos de los animales, en la pr\u00e1ctica se permiten situaciones como esta. Ambos refugios reclamar\u00e1n ante la Consejer\u00eda de Agricultura de la Comunidad Valenciana los gastos derivados del cuidado y la alimentaci\u00f3n de los animales. Estas protectoras de animales proporcionan atenci\u00f3n veterinaria y refugio para toda la vida a equinos en situaci\u00f3n de abandono y\/o maltratados. Las administraciones p\u00fablicas carecen de la capacidad y de las infraestructuras para hacerse cargo de estos animales, raz\u00f3n por la que los refugios emplean recursos propios -procedentes del apoyo de sus socios- para acudir en su auxilio.<br \/>\n<\/span><\/p>\n<p><span style=\"font-size: large;\">Luchar por los derechos de los animales es algo m\u00e1s que llenarse la boca con ellos. <span style=\"color: #808000;\"><strong>Hay que actuar.<\/strong><\/span> Como El Refugio del Burrito. ENHORABUENA.<\/span><\/p>\n<p><span style=\"font-size: large;\"><\/p>\n<p><\/span><\/p>\n<!-- AddThis Advanced Settings generic via filter on the_content --><!-- AddThis Share Buttons generic via filter on the_content -->","protected":false},"excerpt":{"rendered":"<p>S\u00f3lo hay que ver esta foto, el bodeg\u00f3n infecto que abre estas l\u00edneas. Ese era el men\u00fa diario de 40 caballos. Un grupo de equinos torturados y dejados al borde de la muerte por un desalmado en el municipio alicantino de Callosa de Segura. La noticia ya la contamos en Las Provincias, con alegr\u00eda por [&hellip;]<!-- AddThis Advanced Settings generic via filter on get_the_excerpt --><!-- AddThis Share Buttons generic via filter on get_the_excerpt --><\/p>\n","protected":false},"author":20,"featured_media":0,"comment_status":"open","ping_status":"closed","sticky":false,"template":"","format":"standard","meta":[],"categories":[2,7,10],"tags":[72],"_links":{"self":[{"href":"https:\/\/blogs.lasprovincias.es\/almasconpatas\/wp-json\/wp\/v2\/posts\/341"}],"collection":[{"href":"https:\/\/blogs.lasprovincias.es\/almasconpatas\/wp-json\/wp\/v2\/posts"}],"about":[{"href":"https:\/\/blogs.lasprovincias.es\/almasconpatas\/wp-json\/wp\/v2\/types\/post"}],"author":[{"embeddable":true,"href":"https:\/\/blogs.lasprovincias.es\/almasconpatas\/wp-json\/wp\/v2\/users\/20"}],"replies":[{"embeddable":true,"href":"https:\/\/blogs.lasprovincias.es\/almasconpatas\/wp-json\/wp\/v2\/comments?post=341"}],"version-history":[{"count":0,"href":"https:\/\/blogs.lasprovincias.es\/almasconpatas\/wp-json\/wp\/v2\/posts\/341\/revisions"}],"wp:attachment":[{"href":"https:\/\/blogs.lasprovincias.es\/almasconpatas\/wp-json\/wp\/v2\/media?parent=341"}],"wp:term":[{"taxonomy":"category","embeddable":true,"href":"https:\/\/blogs.lasprovincias.es\/almasconpatas\/wp-json\/wp\/v2\/categories?post=341"},{"taxonomy":"post_tag","embeddable":true,"href":"https:\/\/blogs.lasprovincias.es\/almasconpatas\/wp-json\/wp\/v2\/tags?post=341"}],"curies":[{"name":"wp","href":"https:\/\/api.w.org\/{rel}","templated":true}]}}