{"id":361,"date":"2016-10-14T19:28:44","date_gmt":"2016-10-14T17:28:44","guid":{"rendered":"http:\/\/blogs.lasprovincias.es\/almasconpatas\/?p=361"},"modified":"2016-10-14T19:28:44","modified_gmt":"2016-10-14T17:28:44","slug":"la-cocinera-de-los-3-000-clientes-al-dia","status":"publish","type":"post","link":"https:\/\/blogs.lasprovincias.es\/almasconpatas\/2016\/10\/14\/la-cocinera-de-los-3-000-clientes-al-dia\/","title":{"rendered":"La cocinera de los 3.000 clientes al d\u00eda"},"content":{"rendered":"<p dir=\"ltr\"><span style=\"font-size: large;\"><a href=\"http:\/\/www.bioparcvalencia.es\/2016\/03\/video-blog-raquel-jefa-de-cocina-de-los-animales-de-bioparc-valencia\/\" target=\"_blank\" rel=\"external nofollow\">Raquel Marqu\u00e9s<\/a> es posiblemente una de las cocineras con m\u00e1s \u00e9xito de Valencia. Y con m\u00e1s trabajo. Cada d\u00eda tiene 3.000 clientes en su &#8216;restaurante&#8217;. Ni uno m\u00e1s ni uno menos. Ninguno falla. Aunque tampoco suele tener m\u00e1s. Por algo en su cocina tiene un diploma de &#8216;<span style=\"color: #ff9900;\">supercocinera<\/span>&#8216;.<\/span><\/p>\n<div id=\"attachment_362\" style=\"width: 2586px\" class=\"wp-caption aligncenter\"><a href=\"\/almasconpatas\/wp-content\/uploads\/sites\/41\/2016\/10\/20160930_101358.jpg\" target=\"_blank\"><img aria-describedby=\"caption-attachment-362\" loading=\"lazy\" class=\"size-full wp-image-362 \" title=\"20160930_101358\" src=\"\/almasconpatas\/wp-content\/uploads\/sites\/41\/2016\/10\/20160930_101358.jpg\" alt=\"\" width=\"2576\" height=\"1932\" srcset=\"https:\/\/static-blogs.lasprovincias.es\/wp-content\/uploads\/sites\/41\/2016\/10\/20160930_101358.jpg 2576w, https:\/\/static-blogs.lasprovincias.es\/wp-content\/uploads\/sites\/41\/2016\/10\/20160930_101358-300x225.jpg 300w, https:\/\/static-blogs.lasprovincias.es\/wp-content\/uploads\/sites\/41\/2016\/10\/20160930_101358-768x576.jpg 768w, https:\/\/static-blogs.lasprovincias.es\/wp-content\/uploads\/sites\/41\/2016\/10\/20160930_101358-1024x768.jpg 1024w\" sizes=\"(max-width: 2576px) 100vw, 2576px\" \/><\/a><p id=\"caption-attachment-362\" class=\"wp-caption-text\">El diploma de Raquel.<\/p><\/div>\n<p dir=\"ltr\"><span style=\"font-size: large;\">Otorgado por sus propios clientes. No hay &#8216;local&#8217; gastron\u00f3mico m\u00e1s concurrido en la ciudad. Raquel Marqu\u00e9s es la jefa de cocina de animales del Bioparc. Y conocerla, comprobar la alegr\u00eda con la que hace su trabajo, la sonrisa con la que relata como trocea la fruta con la que acompa\u00f1a la dieta de los carn\u00edvoros o con la que despieza unos pollos para los felinos, el hecho mismo de visitar <strong>uno de los sitios menos conocidos de esta maravilla de parque de animales<\/strong>, por todo ello ya es m\u00e1s que una suerte tener este blog.<\/span><\/p>\n<p style=\"text-align: center;\" dir=\"ltr\"><a href=\"\/almasconpatas\/wp-content\/uploads\/sites\/41\/2016\/10\/20160930_100246.jpg\" target=\"_blank\"><img loading=\"lazy\" class=\"aligncenter size-full wp-image-364\" title=\"20160930_100246\" src=\"\/almasconpatas\/wp-content\/uploads\/sites\/41\/2016\/10\/20160930_100246.jpg\" alt=\"\" width=\"1932\" height=\"2576\" srcset=\"https:\/\/static-blogs.lasprovincias.es\/wp-content\/uploads\/sites\/41\/2016\/10\/20160930_100246.jpg 1932w, https:\/\/static-blogs.lasprovincias.es\/wp-content\/uploads\/sites\/41\/2016\/10\/20160930_100246-225x300.jpg 225w, https:\/\/static-blogs.lasprovincias.es\/wp-content\/uploads\/sites\/41\/2016\/10\/20160930_100246-768x1024.jpg 768w\" sizes=\"(max-width: 1932px) 100vw, 1932px\" \/><\/a><\/p>\n<p><span style=\"font-size: large;\">El primer mito (o mejor leyenda urbana) que destierras en cuanto pones un pie en la impecable cocina del Bioparc es aquel de \u201ca los animales les deben dar fruta pasada, carne a punto de quedar en mal estado y alimentos m\u00e1s bien pasaditos\u201d. Cuando uno aprecia el lustre de los platanos (un empleado del parque pasar\u00e1 luego a comerse uno), el brillo de la carne, el aspecto de los tomates, las acelgas, las lechugas&#8230; o la vivacidad de los gusanos (estos no son precisamente apetecibles, aunque s\u00ed sean un manjar para driles o mangostas), se da cuenta de que <span style=\"color: #00ff00;\">la calidad brilla por su presencia<\/span>.<\/span><\/p>\n<div id=\"attachment_365\" style=\"width: 1942px\" class=\"wp-caption aligncenter\"><a href=\"\/almasconpatas\/wp-content\/uploads\/sites\/41\/2016\/10\/20160930_094922.jpg\" target=\"_blank\"><img aria-describedby=\"caption-attachment-365\" loading=\"lazy\" class=\"size-full wp-image-365 \" title=\"20160930_094922\" src=\"\/almasconpatas\/wp-content\/uploads\/sites\/41\/2016\/10\/20160930_094922.jpg\" alt=\"\" width=\"1932\" height=\"2576\" srcset=\"https:\/\/static-blogs.lasprovincias.es\/wp-content\/uploads\/sites\/41\/2016\/10\/20160930_094922.jpg 1932w, https:\/\/static-blogs.lasprovincias.es\/wp-content\/uploads\/sites\/41\/2016\/10\/20160930_094922-225x300.jpg 225w, https:\/\/static-blogs.lasprovincias.es\/wp-content\/uploads\/sites\/41\/2016\/10\/20160930_094922-768x1024.jpg 768w\" sizes=\"(max-width: 1932px) 100vw, 1932px\" \/><\/a><p id=\"caption-attachment-365\" class=\"wp-caption-text\">Una macedonia para chuparse los dedos.<\/p><\/div>\n<p><span style=\"font-size: large;\">\u201cAl final es una cuesti\u00f3n de l\u00f3gica: un buen alimento, sano y con todas sus propiedades, acaba suponiendo una buena salud de los animales, y eso lo que aqu\u00ed buscamos\u201d, cuenta <a href=\"https:\/\/twitter.com\/kbokoko?lang=es\" target=\"_blank\" rel=\"external nofollow\">Kielo Bokoko<\/a>, del departamento de Comunicaci\u00f3n de <a href=\"http:\/\/www.bioparcvalencia.es\/\" target=\"_blank\" rel=\"external nofollow\">Bioparc<\/a>, mientras observa un pl\u00e1tano con mirada de apetito.<\/span><\/p>\n<div id=\"attachment_369\" style=\"width: 1942px\" class=\"wp-caption aligncenter\"><a href=\"\/almasconpatas\/wp-content\/uploads\/sites\/41\/2016\/10\/20160930_094956.jpg\" target=\"_blank\"><img aria-describedby=\"caption-attachment-369\" loading=\"lazy\" class=\"size-full wp-image-369 \" title=\"20160930_094956\" src=\"\/almasconpatas\/wp-content\/uploads\/sites\/41\/2016\/10\/20160930_094956.jpg\" alt=\"\" width=\"1932\" height=\"2576\" srcset=\"https:\/\/static-blogs.lasprovincias.es\/wp-content\/uploads\/sites\/41\/2016\/10\/20160930_094956.jpg 1932w, https:\/\/static-blogs.lasprovincias.es\/wp-content\/uploads\/sites\/41\/2016\/10\/20160930_094956-225x300.jpg 225w, https:\/\/static-blogs.lasprovincias.es\/wp-content\/uploads\/sites\/41\/2016\/10\/20160930_094956-768x1024.jpg 768w\" sizes=\"(max-width: 1932px) 100vw, 1932px\" \/><\/a><p id=\"caption-attachment-369\" class=\"wp-caption-text\">Pollitos, un manjar para los felinos.<\/p><\/div>\n<p>&nbsp;<\/p>\n<p><span style=\"font-size: large;\">Las cifras del Bioparc son tremendas. <strong>Unos 100 men\u00fas se mete entre pecho y espalda Raquel<\/strong>. M\u00e1s bien pasan por sus manos, para contentar a m\u00e1s de 3.000 animales de unas 200 especies. Nunca antes hab\u00eda trabajado en un restaurante. \u201cMis padres ten\u00edan un bar\u201d. Y algo ah\u00ed se desfog\u00f3 la \u2018superchef\u2019. La lista de la compra, la que se maneja a diario, lo dice todo:<\/span><\/p>\n<ul>\n<li dir=\"ltr\">\n<p dir=\"ltr\"><span style=\"font-size: large;\">570 kilos de alfalfa y heno.<\/span><\/p>\n<\/li>\n<li dir=\"ltr\">\n<p dir=\"ltr\"><span style=\"font-size: large; color: #00ffff;\">300 kilos de fruta y verdura.<\/span><\/p>\n<\/li>\n<li dir=\"ltr\">\n<p dir=\"ltr\"><span style=\"font-size: large;\">250 de piensos variados.<\/span><\/p>\n<\/li>\n<li dir=\"ltr\">\n<p dir=\"ltr\"><span style=\"font-size: large;\"><strong>130 de carne<\/strong> (de caballo, pollo, pollitos, ternera, palomas, codornices, conejos, ratas y ratones).<\/span><\/p>\n<\/li>\n<li dir=\"ltr\">\n<p dir=\"ltr\"><span style=\"font-size: large;\">20 kilos de pescado.<\/span><\/p>\n<\/li>\n<li dir=\"ltr\">\n<p dir=\"ltr\"><span style=\"font-size: large;\">2 kilos de arroz.<\/span><\/p>\n<\/li>\n<li dir=\"ltr\">\n<p dir=\"ltr\"><span style=\"font-size: large;\">1 kilo de gusanos.<\/span><\/p>\n<\/li>\n<li dir=\"ltr\">\n<p dir=\"ltr\"><span style=\"font-size: large;\">20 unidades de yogur<\/span><\/p>\n<\/li>\n<li dir=\"ltr\">\n<p dir=\"ltr\"><span style=\"font-size: large;\">9 litros de zumos.<\/span><\/p>\n<\/li>\n<li dir=\"ltr\">\n<p dir=\"ltr\"><span style=\"font-size: large;\">Caldos e infusiones en invierno.<\/span><\/p>\n<\/li>\n<li dir=\"ltr\">\n<p dir=\"ltr\"><span style=\"font-size: large;\">Helados en verano.<\/span><\/p>\n<p>&nbsp;<\/p>\n<div id=\"attachment_367\" style=\"width: 2586px\" class=\"wp-caption aligncenter\"><a href=\"\/almasconpatas\/wp-content\/uploads\/sites\/41\/2016\/10\/20160930_095835.jpg\" target=\"_blank\"><img aria-describedby=\"caption-attachment-367\" loading=\"lazy\" class=\"size-full wp-image-367 \" title=\"20160930_095835\" src=\"\/almasconpatas\/wp-content\/uploads\/sites\/41\/2016\/10\/20160930_095835.jpg\" alt=\"\" width=\"2576\" height=\"1932\" srcset=\"https:\/\/static-blogs.lasprovincias.es\/wp-content\/uploads\/sites\/41\/2016\/10\/20160930_095835.jpg 2576w, https:\/\/static-blogs.lasprovincias.es\/wp-content\/uploads\/sites\/41\/2016\/10\/20160930_095835-300x225.jpg 300w, https:\/\/static-blogs.lasprovincias.es\/wp-content\/uploads\/sites\/41\/2016\/10\/20160930_095835-768x576.jpg 768w, https:\/\/static-blogs.lasprovincias.es\/wp-content\/uploads\/sites\/41\/2016\/10\/20160930_095835-1024x768.jpg 1024w\" sizes=\"(max-width: 2576px) 100vw, 2576px\" \/><\/a><p id=\"caption-attachment-367\" class=\"wp-caption-text\">La pizarra de los secretos.<\/p><\/div>\n<p dir=\"ltr\"><span style=\"font-size: large;\">\u00a0<\/span><\/p>\n<\/li>\n<\/ul>\n<p><span style=\"font-size: large;\">Da gusto pasear por las cuatro c\u00e1maras frigor\u00edficas de la cocina del Bioparc. A mediod\u00eda aparecen a rebosar de cubos de verdura, fruta, pienso\u2026 Son las cenas. Raquel los deja preparados para sus chicos A\u00fan queda alg\u00fan cubo de los helados con los que se deleitan los animales en verano. A los chimpances sobre todo les apasionan. <strong>No menos que el pan a los elefantes. \u201cSe pirran por \u00e9l\u201d<\/strong>, resume Raquel. Junto a las c\u00e1maras hay monta\u00f1as de chuscos de pan, golosinas para los paquidermos.<\/span><\/p>\n<div id=\"attachment_368\" style=\"width: 1942px\" class=\"wp-caption aligncenter\"><a href=\"\/almasconpatas\/wp-content\/uploads\/sites\/41\/2016\/10\/20160930_094632.jpg\" target=\"_blank\"><img aria-describedby=\"caption-attachment-368\" loading=\"lazy\" class=\"size-full wp-image-368 \" title=\"20160930_094632\" src=\"\/almasconpatas\/wp-content\/uploads\/sites\/41\/2016\/10\/20160930_094632.jpg\" alt=\"\" width=\"1932\" height=\"2576\" srcset=\"https:\/\/static-blogs.lasprovincias.es\/wp-content\/uploads\/sites\/41\/2016\/10\/20160930_094632.jpg 1932w, https:\/\/static-blogs.lasprovincias.es\/wp-content\/uploads\/sites\/41\/2016\/10\/20160930_094632-225x300.jpg 225w, https:\/\/static-blogs.lasprovincias.es\/wp-content\/uploads\/sites\/41\/2016\/10\/20160930_094632-768x1024.jpg 768w\" sizes=\"(max-width: 1932px) 100vw, 1932px\" \/><\/a><p id=\"caption-attachment-368\" class=\"wp-caption-text\">Gusanos a mansalva.<\/p><\/div>\n<p><span style=\"font-size: large;\">En una pizarra, mil y un secretos de la cocina de los 3.000 comensales. Como la \u2018nueva dieta de las cig\u00fce\u00f1as\u2019, que hay que sacar del congelador ocho ratones para los marab\u00fas, o tres codornices para los talapos o un conejo para los leopardos y las fosas. Mil y un detalles del mimo con el que se trata a las especies. O consejos que demuestran el af\u00e1n de la tarea entre fogones: <span style=\"color: #008000;\">\u201cDios bendiga a quien no me haga perder el tiempo\u201d<\/span>.<\/span><\/p>\n<div id=\"attachment_370\" style=\"width: 1942px\" class=\"wp-caption aligncenter\"><a href=\"\/almasconpatas\/wp-content\/uploads\/sites\/41\/2016\/10\/20160930_100601.jpg\" target=\"_blank\"><img aria-describedby=\"caption-attachment-370\" loading=\"lazy\" class=\"size-full wp-image-370 \" title=\"20160930_100601\" src=\"\/almasconpatas\/wp-content\/uploads\/sites\/41\/2016\/10\/20160930_100601.jpg\" alt=\"\" width=\"1932\" height=\"2576\" srcset=\"https:\/\/static-blogs.lasprovincias.es\/wp-content\/uploads\/sites\/41\/2016\/10\/20160930_100601.jpg 1932w, https:\/\/static-blogs.lasprovincias.es\/wp-content\/uploads\/sites\/41\/2016\/10\/20160930_100601-225x300.jpg 225w, https:\/\/static-blogs.lasprovincias.es\/wp-content\/uploads\/sites\/41\/2016\/10\/20160930_100601-768x1024.jpg 768w\" sizes=\"(max-width: 1932px) 100vw, 1932px\" \/><\/a><p id=\"caption-attachment-370\" class=\"wp-caption-text\">Todo esto se comen s\u00f3lo los leones.<\/p><\/div>\n<p><span style=\"font-size: large;\">En una barre\u00f1a junto a Raquel, uno de los men\u00fas para una de las especies m\u00e1s delicadas. El pur\u00e9 de los oricteropos, el cerdo hormiguero, con arroz, manzana, pienso de perro\u2026 todo bien trituradito para que el oricteropo lo acepte. Ellos tambi\u00e9n tienen su paladar. A Tata, una de las leonas, no le gusta la carne de caballo. La otra cara de la moneda es Keops, uno de los leones m\u00e1s veteranos del parque, con 18 a\u00f1os. \u201c\u00bfEst\u00e1 enfermo?\u201d, se preguntan algunos al verlo siempre delgado y siempre delgado. Todo lo contrario. Nadie zampa m\u00e1s que \u00e9l. <strong>M\u00e1s de 23 kilos de carne a la semana, entre caballo, pollo y vaca.<\/strong><\/span><\/p>\n<p><iframe loading=\"lazy\" src=\"https:\/\/www.youtube.com\/embed\/LYrYEI9N55w\" frameborder=\"0\" width=\"560\" height=\"315\"><\/iframe><\/p>\n<p><span style=\"font-size: large;\">La bandeja de las tortugas es digna de un autoservicio vegetariano: escarola, col china, endibias, col, apio, puerro, zanahoria, r\u00e1bano, remolacha, pimiento, pepino, calabac\u00edn y lechuga. Casi nada. \u00bfY la cena de los gorilas. Seis lechugas, 18 zanahorias, 12 pepinos, seis puerros, 12 cebollas, una calabaza, 12 manzanas, 12 platanos y una pi\u00f1a. Espectacular. Luego hay quien cuestiona que el Bioparc es muy caro\u2026<\/span><\/p>\n<div id=\"attachment_371\" style=\"width: 1942px\" class=\"wp-caption aligncenter\"><a href=\"\/almasconpatas\/wp-content\/uploads\/sites\/41\/2016\/10\/Elefan2.jpg\" target=\"_blank\"><img aria-describedby=\"caption-attachment-371\" loading=\"lazy\" class=\"size-full wp-image-371 \" title=\"Elefan2\" src=\"\/almasconpatas\/wp-content\/uploads\/sites\/41\/2016\/10\/Elefan2.jpg\" alt=\"\" width=\"1932\" height=\"2576\" srcset=\"https:\/\/static-blogs.lasprovincias.es\/wp-content\/uploads\/sites\/41\/2016\/10\/Elefan2.jpg 1932w, https:\/\/static-blogs.lasprovincias.es\/wp-content\/uploads\/sites\/41\/2016\/10\/Elefan2-225x300.jpg 225w, https:\/\/static-blogs.lasprovincias.es\/wp-content\/uploads\/sites\/41\/2016\/10\/Elefan2-768x1024.jpg 768w\" sizes=\"(max-width: 1932px) 100vw, 1932px\" \/><\/a><p id=\"caption-attachment-371\" class=\"wp-caption-text\">Santi y Pablo, con el rancho de los elefantes.<\/p><\/div>\n<p><span style=\"font-size: large;\">A los cachorros que lo necesitan se les alimenta con biber\u00f3n. Pero siempre se intenta que sea lo menos posible. Seguir el camino de la naturaleza. \u201cCuando a la madre no le sube la leche o alguna cr\u00eda es rechazada, pero siempre como \u00faltimo recurso\u201d, explica Bokoko. Otro espect\u00e1culo es ver a los elefantes alimentarse en el interior de la roca. Los visitantes no disfrutan de ello, es uno de los secretos internos del Bioparc. Desde la cueva de Kitum se ve a los paquidermos aglomerados alrededor de una roca. La roca, la llaman los empleados. Como Santi y Pablo, los encargados de abrir un cub\u00edculo con seis orificios para las trompas de los animales. All\u00ed echan heno, paja y una bola gigante para que los elefantes saquen la comida del dentro. &#8220;Se trata de <strong>que no consigan todo autom\u00e1ticamente, que tengan que trabaj\u00e1rselo, como en la vida real<\/strong>&#8220;, explican sus cuidadores. Ah\u00ed va el v\u00eddeo de ese m\u00e1gico instante.<\/span><\/p>\n<p><iframe loading=\"lazy\" src=\"https:\/\/www.youtube.com\/embed\/Hfgzsa7dGv4\" frameborder=\"0\" width=\"560\" height=\"315\"><\/iframe><\/p>\n<p><span style=\"font-size: large;\">Al final, hasta en el coraz\u00f3n de Valencia, los animales viven como si estuvieran en la mism\u00edsima sabana. <span style=\"color: #ff0000;\">Esa es la grandeza del Bioparc.<\/span><\/span><\/p>\n<!-- AddThis Advanced Settings generic via filter on the_content --><!-- AddThis Share Buttons generic via filter on the_content -->","protected":false},"excerpt":{"rendered":"<p>Raquel Marqu\u00e9s es posiblemente una de las cocineras con m\u00e1s \u00e9xito de Valencia. Y con m\u00e1s trabajo. Cada d\u00eda tiene 3.000 clientes en su &#8216;restaurante&#8217;. Ni uno m\u00e1s ni uno menos. Ninguno falla. Aunque tampoco suele tener m\u00e1s. Por algo en su cocina tiene un diploma de &#8216;supercocinera&#8216;. Otorgado por sus propios clientes. No hay [&hellip;]<!-- AddThis Advanced Settings generic via filter on get_the_excerpt --><!-- AddThis Share Buttons generic via filter on get_the_excerpt --><\/p>\n","protected":false},"author":20,"featured_media":0,"comment_status":"open","ping_status":"closed","sticky":false,"template":"","format":"standard","meta":[],"categories":[11],"tags":[],"_links":{"self":[{"href":"https:\/\/blogs.lasprovincias.es\/almasconpatas\/wp-json\/wp\/v2\/posts\/361"}],"collection":[{"href":"https:\/\/blogs.lasprovincias.es\/almasconpatas\/wp-json\/wp\/v2\/posts"}],"about":[{"href":"https:\/\/blogs.lasprovincias.es\/almasconpatas\/wp-json\/wp\/v2\/types\/post"}],"author":[{"embeddable":true,"href":"https:\/\/blogs.lasprovincias.es\/almasconpatas\/wp-json\/wp\/v2\/users\/20"}],"replies":[{"embeddable":true,"href":"https:\/\/blogs.lasprovincias.es\/almasconpatas\/wp-json\/wp\/v2\/comments?post=361"}],"version-history":[{"count":0,"href":"https:\/\/blogs.lasprovincias.es\/almasconpatas\/wp-json\/wp\/v2\/posts\/361\/revisions"}],"wp:attachment":[{"href":"https:\/\/blogs.lasprovincias.es\/almasconpatas\/wp-json\/wp\/v2\/media?parent=361"}],"wp:term":[{"taxonomy":"category","embeddable":true,"href":"https:\/\/blogs.lasprovincias.es\/almasconpatas\/wp-json\/wp\/v2\/categories?post=361"},{"taxonomy":"post_tag","embeddable":true,"href":"https:\/\/blogs.lasprovincias.es\/almasconpatas\/wp-json\/wp\/v2\/tags?post=361"}],"curies":[{"name":"wp","href":"https:\/\/api.w.org\/{rel}","templated":true}]}}