{"id":426,"date":"2017-02-19T17:59:32","date_gmt":"2017-02-19T16:59:32","guid":{"rendered":"http:\/\/blogs.lasprovincias.es\/almasconpatas\/?p=426"},"modified":"2017-02-19T17:59:32","modified_gmt":"2017-02-19T16:59:32","slug":"vida-quiere-otra-vida","status":"publish","type":"post","link":"https:\/\/blogs.lasprovincias.es\/almasconpatas\/2017\/02\/19\/vida-quiere-otra-vida\/","title":{"rendered":"Vida quiere otra vida"},"content":{"rendered":"<div id=\"attachment_427\" style=\"width: 730px\" class=\"wp-caption aligncenter\"><a href=\"\/almasconpatas\/wp-content\/uploads\/sites\/41\/2017\/02\/Vida1.jpg\" target=\"_blank\"><img aria-describedby=\"caption-attachment-427\" loading=\"lazy\" class=\"size-full wp-image-427 \" title=\"Vida1\" src=\"\/almasconpatas\/wp-content\/uploads\/sites\/41\/2017\/02\/Vida1.jpg\" alt=\"\" width=\"720\" height=\"960\" srcset=\"https:\/\/static-blogs.lasprovincias.es\/wp-content\/uploads\/sites\/41\/2017\/02\/Vida1.jpg 720w, https:\/\/static-blogs.lasprovincias.es\/wp-content\/uploads\/sites\/41\/2017\/02\/Vida1-225x300.jpg 225w\" sizes=\"(max-width: 720px) 100vw, 720px\" \/><\/a><p id=\"caption-attachment-427\" class=\"wp-caption-text\">Vida.<\/p><\/div>\n<p><span style=\"font-size: large;\">Esta es una llamada de auxilio con fecha de caducidad. Un llamamiento a la solidaridad con Vida, una peque\u00f1a podenca hallada con su familia en medio del monte en Valencia y que sufre <strong>una malformaci\u00f3n en las patas delanteras que le impide andar con normalidad.<\/strong> Ah\u00ed va un v\u00eddeo en el que se aprecia.<\/span><\/p>\n<p>&nbsp;<\/p>\n<p><iframe loading=\"lazy\" src=\"https:\/\/www.youtube.com\/embed\/BBjoeuyBmrg\" frameborder=\"0\" width=\"560\" height=\"315\"><\/iframe><\/p>\n<p>&nbsp;<\/p>\n<p><span style=\"font-size: large;\">Aqu\u00ed lo cuentan sus rescatadores, poniendo voz de &#8216;Vida&#8217;&#8230;<\/span><\/p>\n<p>&nbsp;<\/p>\n<p><em><span style=\"font-size: large;\">&#8220;Hola, mi nombre es Vida. He sido rescatada junto a mi mam\u00e1 y mi hermanito de mitad del monte. All\u00ed nacimos, y all\u00ed hemos vivido hasta ahora&#8230;.<br \/>\n<span style=\"color: #339966;\">Nos ha costado mucho sobrevivir, sobre todo a mi, pues como veis, soy diferente.<\/span> O eso oigo decir a mis rescatadores&#8230;<br \/>\n<\/span><\/em><\/p>\n<p><em><span style=\"font-size: large;\">Por lo visto, nac\u00ed con una malformaci\u00f3n en mis patitas delanteras que me impide andar con normalidad&#8230;, as\u00ed que he o\u00eddo que me tendr\u00e1n que hacer pruebas para ver qu\u00e9 me pasa y si puedo llegar a andar mejor.<br \/>\n<\/span><\/em><\/p>\n<p><em><span style=\"font-size: large;\">\u00a1Pero yo estoy muy contenta! Ya no vivimos en la calle, y aunque oigo continuamente que soy diferente, no es verdad, <strong>soy como los dem\u00e1s, solo quiero amar y ser amada<\/strong>, ser feliz y tener una familia pronto que me quiera a pesar de mis &#8220;diferencias&#8221;.<\/span><\/em><\/p>\n<p>&nbsp;<\/p>\n<p>&nbsp;<\/p>\n<div id=\"attachment_428\" style=\"width: 730px\" class=\"wp-caption aligncenter\"><a href=\"\/almasconpatas\/wp-content\/uploads\/sites\/41\/2017\/02\/Zeus.jpg\" target=\"_blank\"><img aria-describedby=\"caption-attachment-428\" loading=\"lazy\" class=\"size-full wp-image-428 \" title=\"Zeus\" src=\"\/almasconpatas\/wp-content\/uploads\/sites\/41\/2017\/02\/Zeus.jpg\" alt=\"\" width=\"720\" height=\"960\" srcset=\"https:\/\/static-blogs.lasprovincias.es\/wp-content\/uploads\/sites\/41\/2017\/02\/Zeus.jpg 720w, https:\/\/static-blogs.lasprovincias.es\/wp-content\/uploads\/sites\/41\/2017\/02\/Zeus-225x300.jpg 225w\" sizes=\"(max-width: 720px) 100vw, 720px\" \/><\/a><p id=\"caption-attachment-428\" class=\"wp-caption-text\">Zeus, el hermanito de Vida, tambi\u00e9n en adopci\u00f3n.<\/p><\/div>\n<p><em><span style=\"font-size: large;\">\u00a0<\/span><\/em><\/p>\n<p>&nbsp;<\/p>\n<p><span style=\"font-size: large;\">Una vez m\u00e1s el h\u00e9roe es <a href=\"https:\/\/www.facebook.com\/MichelRescueDogs\/\" target=\"_blank\" rel=\"external nofollow\">Michel<\/a>, en esta ocasi\u00f3n ayudado por <span style=\"color: #00ffff;\">Daniel<\/span>, un voluntario que ahora se lanza a la salvaci\u00f3n de animales codo con codo con Michel, y <span style=\"color: #ffcc00;\">Amparo<\/span>, la chica que dio el aviso de que Vida, su madre y Zeus, que es como se llama su hermano, estaban abandonados en el monte y quien ahora los tiene en su casa de acogida. Dani tuvo LITERALMENTE que dejarse la piel en el rescate, pues <strong>result\u00f3 herido al tener que meterse en una madriguera para sacar a los dos cachorros<\/strong>, que se hab\u00edan resguardado en ella, aterrorizados.<\/span><\/p>\n<p>&nbsp;<\/p>\n<div id=\"attachment_429\" style=\"width: 1610px\" class=\"wp-caption aligncenter\"><a href=\"\/almasconpatas\/wp-content\/uploads\/sites\/41\/2017\/02\/Dani-y-rescate.jpg\" target=\"_blank\"><img aria-describedby=\"caption-attachment-429\" loading=\"lazy\" class=\"size-full wp-image-429 \" title=\"Dani y rescate\" src=\"\/almasconpatas\/wp-content\/uploads\/sites\/41\/2017\/02\/Dani-y-rescate.jpg\" alt=\"\" width=\"1600\" height=\"901\" srcset=\"https:\/\/static-blogs.lasprovincias.es\/wp-content\/uploads\/sites\/41\/2017\/02\/Dani-y-rescate.jpg 1600w, https:\/\/static-blogs.lasprovincias.es\/wp-content\/uploads\/sites\/41\/2017\/02\/Dani-y-rescate-300x169.jpg 300w, https:\/\/static-blogs.lasprovincias.es\/wp-content\/uploads\/sites\/41\/2017\/02\/Dani-y-rescate-768x432.jpg 768w, https:\/\/static-blogs.lasprovincias.es\/wp-content\/uploads\/sites\/41\/2017\/02\/Dani-y-rescate-1024x577.jpg 1024w\" sizes=\"(max-width: 1600px) 100vw, 1600px\" \/><\/a><p id=\"caption-attachment-429\" class=\"wp-caption-text\">Daniel, tras el rescaye con la jaula-trampa.<\/p><\/div>\n<p><span style=\"font-size: large;\"><\/p>\n<p>La dolencia no le impide a Vida ser una preciosa cachorrilla llena de vitalidad, alegr\u00eda y ganas de jugar. Sus rescatadores lanzan dos llamamientos de ayuda: el primero y m\u00e1s importante, el dirigido a encontrar una casa para Vida. Y el segundo, sufragar una operaci\u00f3n que le har\u00e1n este mi\u00e9rcoles y para lo que se necesita una no peque\u00f1a suma. Aqu\u00ed lo cuentan:<\/p>\n<p><\/span><\/p>\n<p><em><span style=\"font-size: large;\">La peque\u00f1a Vida ya ha visitado al veterinario. <strong>Su operaci\u00f3n nos cuesta 700\u20ac. No tenemos ese dinero, pero no vamos a dejarla sola.<\/strong> Tenemos que conseguirlo. Vida merece volver a caminar lo mejor posible. Merece tener calidad de vida, y por eso vamos a luchar.<\/span><\/em><\/p>\n<div id=\"attachment_430\" style=\"width: 549px\" class=\"wp-caption aligncenter\"><a href=\"\/almasconpatas\/wp-content\/uploads\/sites\/41\/2017\/02\/Patis.jpg\" target=\"_blank\"><img aria-describedby=\"caption-attachment-430\" loading=\"lazy\" class=\"size-full wp-image-430 \" title=\"Patis\" src=\"\/almasconpatas\/wp-content\/uploads\/sites\/41\/2017\/02\/Patis.jpg\" alt=\"\" width=\"539\" height=\"960\" srcset=\"https:\/\/static-blogs.lasprovincias.es\/wp-content\/uploads\/sites\/41\/2017\/02\/Patis.jpg 539w, https:\/\/static-blogs.lasprovincias.es\/wp-content\/uploads\/sites\/41\/2017\/02\/Patis-168x300.jpg 168w\" sizes=\"(max-width: 539px) 100vw, 539px\" \/><\/a><p id=\"caption-attachment-430\" class=\"wp-caption-text\">Radiograf\u00eda de una patita de Vida.<\/p><\/div>\n<p><em><span style=\"font-size: large;\">El veterinario nos recomienda operar cuanto antes, pues es un beb\u00e9 y sus huesos no dejan de crecer, y eso juega en su contra. As\u00ed que sin saber a\u00fan muy bien como, y confiando en que conseguiremos el dinero, el mi\u00e9rcoles que viene operaremos a Vida.<\/span><\/em><\/p>\n<p><strong><span style=\"font-size: large;\"><em>IBAN ES79 3058\/2015\/81\/2720004100<\/em><\/span><\/strong><\/p>\n<p><strong><span style=\"font-size: large;\"><em>SWIFT \/ C\u00f3digo BIC CCRIES2AXXX<\/em><\/span><\/strong><br \/>\n<strong><span style=\"font-size: large;\"><em>Titular: Miguel Nebon Huerta<\/em><\/span><\/strong><br \/>\n<strong><span style=\"font-size: large;\"><em>Paypal: michelnebon@hotmail.com<\/em><\/span><\/strong><\/p>\n<p><em><span style=\"font-size: large;\">Tenemos unos d\u00edas para conseguir 700\u20ac que cambiar\u00e1n su destino. Ella se lo merece, pues ha demostrado ser una luchadora que quiere vivir solo por el hecho de haber sobrevivido en esas condiciones en la calle.<\/span><\/em><\/p>\n<p><em><span style=\"font-size: large;\">Y por supuesto recordaros que una vez recuperada VIDA necesitar\u00e1 un hogar definitivo. \u00bfLa adoptas?<\/span><\/em><\/p>\n<p>&nbsp;<\/p>\n<p>&nbsp;<\/p>\n<p style=\"text-align: center;\"><span style=\"font-size: xx-large; color: #808000;\">\u00bf\u00bfNos ayudas a ayudar a Vida??<\/span><\/p>\n<p style=\"text-align: center;\"><span style=\"font-size: large;\"><a href=\"\/almasconpatas\/wp-content\/uploads\/sites\/41\/2017\/02\/Vida2.jpg\" target=\"_blank\"><img loading=\"lazy\" class=\"aligncenter size-full wp-image-431\" title=\"Vida2\" src=\"\/almasconpatas\/wp-content\/uploads\/sites\/41\/2017\/02\/Vida2.jpg\" alt=\"\" width=\"720\" height=\"960\" srcset=\"https:\/\/static-blogs.lasprovincias.es\/wp-content\/uploads\/sites\/41\/2017\/02\/Vida2.jpg 720w, https:\/\/static-blogs.lasprovincias.es\/wp-content\/uploads\/sites\/41\/2017\/02\/Vida2-225x300.jpg 225w\" sizes=\"(max-width: 720px) 100vw, 720px\" \/><\/a>\u00a0<\/span><\/p>\n<p>&nbsp;<\/p>\n<!-- AddThis Advanced Settings generic via filter on the_content --><!-- AddThis Share Buttons generic via filter on the_content -->","protected":false},"excerpt":{"rendered":"<p>Esta es una llamada de auxilio con fecha de caducidad. Un llamamiento a la solidaridad con Vida, una peque\u00f1a podenca hallada con su familia en medio del monte en Valencia y que sufre una malformaci\u00f3n en las patas delanteras que le impide andar con normalidad. Ah\u00ed va un v\u00eddeo en el que se aprecia. &nbsp; [&hellip;]<!-- AddThis Advanced Settings generic via filter on get_the_excerpt --><!-- AddThis Share Buttons generic via filter on get_the_excerpt --><\/p>\n","protected":false},"author":20,"featured_media":0,"comment_status":"open","ping_status":"closed","sticky":false,"template":"","format":"standard","meta":[],"categories":[8,10],"tags":[115,124,135],"_links":{"self":[{"href":"https:\/\/blogs.lasprovincias.es\/almasconpatas\/wp-json\/wp\/v2\/posts\/426"}],"collection":[{"href":"https:\/\/blogs.lasprovincias.es\/almasconpatas\/wp-json\/wp\/v2\/posts"}],"about":[{"href":"https:\/\/blogs.lasprovincias.es\/almasconpatas\/wp-json\/wp\/v2\/types\/post"}],"author":[{"embeddable":true,"href":"https:\/\/blogs.lasprovincias.es\/almasconpatas\/wp-json\/wp\/v2\/users\/20"}],"replies":[{"embeddable":true,"href":"https:\/\/blogs.lasprovincias.es\/almasconpatas\/wp-json\/wp\/v2\/comments?post=426"}],"version-history":[{"count":0,"href":"https:\/\/blogs.lasprovincias.es\/almasconpatas\/wp-json\/wp\/v2\/posts\/426\/revisions"}],"wp:attachment":[{"href":"https:\/\/blogs.lasprovincias.es\/almasconpatas\/wp-json\/wp\/v2\/media?parent=426"}],"wp:term":[{"taxonomy":"category","embeddable":true,"href":"https:\/\/blogs.lasprovincias.es\/almasconpatas\/wp-json\/wp\/v2\/categories?post=426"},{"taxonomy":"post_tag","embeddable":true,"href":"https:\/\/blogs.lasprovincias.es\/almasconpatas\/wp-json\/wp\/v2\/tags?post=426"}],"curies":[{"name":"wp","href":"https:\/\/api.w.org\/{rel}","templated":true}]}}