{"id":172,"date":"2017-01-16T20:06:09","date_gmt":"2017-01-16T19:06:09","guid":{"rendered":"http:\/\/blogs.lasprovincias.es\/anecdotas-de-la-historia\/?p=172"},"modified":"2017-01-16T20:06:09","modified_gmt":"2017-01-16T19:06:09","slug":"la-ii-republica-censuro-a-charlot-greta-garbo-bette-davis-o-eisenstein","status":"publish","type":"post","link":"https:\/\/blogs.lasprovincias.es\/anecdotas-de-la-historia\/2017\/01\/16\/la-ii-republica-censuro-a-charlot-greta-garbo-bette-davis-o-eisenstein\/","title":{"rendered":"La II Rep\u00fablica censur\u00f3 a Charlot, Greta Garbo, Bette Davis o Eisenstein"},"content":{"rendered":"<p>&nbsp;<\/p>\n<div id=\"attachment_175\" style=\"width: 560px\" class=\"wp-caption aligncenter\"><a href=\"\/anecdotas-de-la-historia\/wp-content\/uploads\/sites\/49\/2017\/01\/potemkin.jpg\"><img aria-describedby=\"caption-attachment-175\" loading=\"lazy\" class=\"size-full wp-image-175 \" title=\"Imagen de 'El acorazado Potemkin', prohibida por la II Rep\u00fablica.\" src=\"\/anecdotas-de-la-historia\/wp-content\/uploads\/sites\/49\/2017\/01\/potemkin.jpg\" alt=\"Imagen de 'El acorazado Potemkin', prohibida por la II Rep\u00fablica.\" width=\"550\" height=\"375\" srcset=\"https:\/\/static-blogs.lasprovincias.es\/wp-content\/uploads\/sites\/49\/2017\/01\/potemkin.jpg 550w, https:\/\/static-blogs.lasprovincias.es\/wp-content\/uploads\/sites\/49\/2017\/01\/potemkin-300x205.jpg 300w\" sizes=\"(max-width: 550px) 100vw, 550px\" \/><\/a><p id=\"caption-attachment-175\" class=\"wp-caption-text\">Imagen de &#39;El acorazado Potemkin&#39;, prohibida por la II Rep\u00fablica.<\/p><\/div>\n<p><span style=\"font-size: large;\">La aprobaci\u00f3n del <strong><span style=\"color: #ff0000;\"><a title=\"C\u00f3digo Hays\" href=\"htthttp:\/\/hoycinema.abc.es\/noticias\/20150702\/abci-codigo-censura-hays-cine-201507021314.htmlp:\/\/\" target=\"_blank\"><span style=\"color: #ff0000;\">C\u00f3digo Hays<\/span><\/a><\/span><\/strong> caus\u00f3 hilaridad y cr\u00edticas al puritanismo americano. El conjunto de normas aprobado por Hollywood para velar por una supuesta moralidad sigue enrojeciendo a algunos a\u00fan hoy. En otros lugares no hab\u00eda tantos problemas. En la Espa\u00f1a republicana cuando no gustaba una pel\u00edcula o se cortaba o no se emit\u00eda. Sin complejos, pese a que el art\u00edculo 34 de la Constituci\u00f3n prohib\u00eda la censura y garantizaba la libertad de expresi\u00f3n. Pero superestrellas como <strong><span style=\"color: #ff0000;\"><a title=\"Charlot\" href=\"http:\/\/www.imdb.com\/name\/nm0000122\/?ref_=nv_sr_1http:\/\/\" target=\"_blank\" rel=\"external nofollow\"><span style=\"color: #ff0000;\">Charlot<\/span><\/a><\/span><\/strong>, <strong><span style=\"color: #ff0000;\"><a title=\"Greta Garbo\" href=\"http:\/\/www.imdb.com\/name\/nm0001256\/?ref_=nv_sr_1\" target=\"_blank\" rel=\"external nofollow\"><span style=\"color: #ff0000;\">Greta Garbo<\/span><\/a><\/span><\/strong>,<span style=\"color: #ff0000;\"><strong><a title=\"Ingrid Bergman\" href=\"http:\/\/www.imdb.com\/name\/nm0000006\/?ref_=tt_ov_st_sm\" target=\"_blank\" rel=\"external nofollow\"><span style=\"font-size: large; color: #ff0000;\"> Ingrid Bergman<\/span><\/a><\/strong><\/span>, <strong><span style=\"color: #ff0000;\"><a title=\"Michael Cutiz\" href=\"http:\/\/www.imdb.com\/name\/nm0002031\/?ref_=nv_sr_2http:\/\/\" target=\"_blank\" rel=\"external nofollow\"><span style=\"color: #ff0000;\">Michael Curtiz<\/span><\/a>,<\/span><\/strong> director de &#8216;<a title=\"Casablanca\" href=\"http:\/\/www.imdb.com\/title\/tt0034583\/?ref_=nv_sr_1\" target=\"_blank\" rel=\"external nofollow\"><span style=\"color: #0000ff;\"><strong>Casablanca<\/strong><\/span><\/a>&#8216;, <strong><span style=\"color: #ff0000;\"><a title=\"Carole Lombard\" href=\"http:\/\/www.imdb.com\/name\/nm0001479\/?ref_=fn_al_nm_1\" target=\"_blank\" rel=\"external nofollow\"><span style=\"color: #ff0000;\">Carole Lombard<\/span><\/a><\/span><\/strong>, <strong><span style=\"color: #ff0000;\"><a title=\"Cecil B. De Mille\" href=\"http:\/\/www.imdb.com\/name\/nm0001124\/?ref_=fn_al_nm_1http:\/\/\" target=\"_blank\" rel=\"external nofollow\"><span style=\"color: #ff0000;\">Cecil B. De Mille,<\/span><\/a><\/span><\/strong> <strong><span style=\"color: #ff0000;\"><a title=\"Sergu\u00e9i Eisenstein\" href=\"http:\/\/www.imdb.com\/name\/nm0001178\/?ref_=nv_sr_2http:\/\/\" target=\"_blank\" rel=\"external nofollow\"><span style=\"color: #ff0000;\">Sergi Eiseistein<\/span><\/a><\/span><\/strong> o <span style=\"color: #ff0000;\"><strong><a title=\"Bette Davis\" href=\"http:\/\/www.imdb.com\/name\/nm0000012\/?ref_=nv_sr_1http:\/\/\" target=\"_blank\" rel=\"external nofollow\"><span style=\"color: #ff0000;\">Bette Davis<\/span><\/a><\/strong><\/span> fueron v\u00edctimas del fervor moralista de los dirigentes del nuevo r\u00e9gimen.<!--more--><\/span><\/p>\n<p>&nbsp;<\/p>\n<div id=\"attachment_178\" style=\"width: 261px\" class=\"wp-caption alignright\"><a href=\"\/anecdotas-de-la-historia\/wp-content\/uploads\/sites\/49\/2017\/01\/davis.jpeg\"><img aria-describedby=\"caption-attachment-178\" loading=\"lazy\" class=\"size-medium wp-image-178 \" title=\"Bette Davis.\" src=\"\/anecdotas-de-la-historia\/wp-content\/uploads\/sites\/49\/2017\/01\/davis.jpg\" alt=\"Bette Davis.\" width=\"251\" height=\"300\" \/><\/a><p id=\"caption-attachment-178\" class=\"wp-caption-text\">Bette Davis.<\/p><\/div>\n<p><span style=\"font-size: large;\">Un estudio de <strong>Mar\u00eda Antonia Paz Rebollo<\/strong> y <strong>Julio Montero<\/strong> permite establecer las pel\u00edculas prohibidas as\u00ed como censuradas entre 1931 y 1936 y mostrar as\u00ed los valores que pretend\u00edan defender como los miedos y temores a los que se enfrentabana.<\/span><\/p>\n<p><span style=\"font-size: large;\">Frente a lo que pudiera parecer, la revoluci\u00f3n bolchevique no era bien vista, el PSOE tem\u00eda el ascenso del PCE. La obra maestra de <span style=\"color: #ff0000;\"><strong>Eiseistein<\/strong><\/span> &#8216;<strong><span style=\"color: #0000ff;\"><a title=\"El acorazado Potemkin\" href=\"http:\/\/www.imdb.com\/title\/tt0015648\/?ref_=nv_sr_1\" target=\"_blank\" rel=\"external nofollow\"><span style=\"color: #0000ff;\">El acorazado Potemkin<\/span><\/a><\/span><\/strong>&#8216; no pudo ser vista en la Espa\u00f1a republicana, al igual que sucedi\u00f3 en otras naciones europeas. Seg\u00fan los estudiosos, el veto puede responder a que se considerara una incitaci\u00f3n a la revoluci\u00f3n.<\/span><\/p>\n<p><span style=\"font-size: large;\">Pero mucho m\u00e1s llamativo fue el acuerdo, a veces t\u00e1cito, entre pa\u00edses para evitar pel\u00edculas en las que su imagen pudiera verse afectada.Es el caso de algunas pel\u00edculas sobre Alemania y la Primera Guerra Mundial. Se prohibi\u00f3 &#8216;<strong><span style=\"color: #0000ff;\"><a title=\"Los cuatro jinetes de la Apocalipsis\" href=\"https:\/\/www.filmaffinity.com\/es\/film755340.htmlhttp:\/\/\" target=\"_blank\" rel=\"external nofollow\"><span style=\"color: #0000ff;\">Los cuatro jinetes del Apocalipsis<\/span><\/a><\/span><\/strong>&#8216; (1921) por el tono antialem\u00e1n. Tambi\u00e9n fue prohibida &#8216;<strong><span style=\"color: #0000ff;\"><a title=\"Idilio en El Cairo\" href=\"http:\/\/www.imdb.com\/title\/tt0295344\/?ref_=fn_al_tt_1\" target=\"_blank\" rel=\"external nofollow\"><span style=\"color: #0000ff;\">Idilio en El Cairo<\/span><\/a><\/span><\/strong>&#8216; (1933) por las quejas del gobierno egipcio.<\/span><\/p>\n<p>&nbsp;<\/p>\n<div id=\"attachment_174\" style=\"width: 244px\" class=\"wp-caption alignleft\"><a href=\"\/anecdotas-de-la-historia\/wp-content\/uploads\/sites\/49\/2016\/08\/garbo-hari.jpg\"><img aria-describedby=\"caption-attachment-174\" loading=\"lazy\" class=\"size-medium wp-image-174\" title=\"Greta Garbo como 'Mata Hari'.\" src=\"\/anecdotas-de-la-historia\/wp-content\/uploads\/sites\/49\/2016\/08\/garbo-hari.jpg\" alt=\"Greta Garbo como 'Mata Hari'.\" width=\"234\" height=\"300\" srcset=\"https:\/\/static-blogs.lasprovincias.es\/wp-content\/uploads\/sites\/49\/2016\/08\/garbo-hari.jpg 624w, https:\/\/static-blogs.lasprovincias.es\/wp-content\/uploads\/sites\/49\/2016\/08\/garbo-hari-234x300.jpg 234w\" sizes=\"(max-width: 234px) 100vw, 234px\" \/><\/a><p id=\"caption-attachment-174\" class=\"wp-caption-text\">Greta Garbo como &#39;Mata Hari&#39;.<\/p><\/div>\n<p><span style=\"font-size: large;\">Quiz\u00e1 llam\u00e1 a\u00fan m\u00e1s la atenci\u00f3n la vigilancia que puso el Gobierno de la II Rep\u00fablica en la defensa de lo que se consideraba moralmente adecuado. Es aqu\u00ed donde aparecen censuradsa superestrellas de Hollywood o del cine europeo como <span style=\"color: #ff0000;\"><strong>Ingrid Bergman<\/strong><\/span>, <strong><span style=\"color: #ff0000;\">Garbo<\/span><\/strong>, <strong><span style=\"color: #ff0000;\">Michel Curtiz<\/span><\/strong>, <strong><span style=\"color: #ff0000;\">Cecil B. de Mille<\/span><\/strong>, <span style=\"color: #ff0000;\"><strong><a title=\"Mitchell Leisen\" href=\"http:\/\/www.imdb.com\/name\/nm0500552\/?ref_=fn_al_nm_1http:\/\/\" target=\"_blank\" rel=\"external nofollow\"><span style=\"color: #ff0000;\">Mitchell Leisen<\/span><\/a><\/strong><\/span>, <span style=\"color: #ff0000;\"><strong>Carole Lombard<\/strong><\/span>, <strong><span style=\"color: #ff0000;\"><a title=\"Merle Oberon\" href=\"http:\/\/www.imdb.com\/name\/nm0643353\/?ref_=nv_sr_1http:\/\/\" target=\"_blank\" rel=\"external nofollow\"><span style=\"color: #ff0000;\">Merle Oberon<\/span><\/a><\/span><\/strong> o <strong><span style=\"color: #ff0000;\"><a title=\"Douglas Fairbanks\" href=\"http:\/\/www.imdb.com\/name\/nm0001196\/?ref_=nv_sr_2http:\/\/\" target=\"_blank\" rel=\"external nofollow\"><span style=\"color: #ff0000;\">Douglas Fairbanks<\/span><\/a><\/span><\/strong> en una lista que se har\u00eda casi interminable.<\/span><\/p>\n<p><span style=\"font-size: large;\">&#8216;<strong><span style=\"color: #0000ff;\"><a title=\"Anna Karenina\" href=\"http:\/\/www.imdb.com\/title\/tt0026071\/?ref_=nv_sr_4\" target=\"_blank\" rel=\"external nofollow\"><span style=\"color: #0000ff;\">Anna Karenina<\/span><\/a><\/span><\/strong>&#8216; (1935), protagonizada por <strong><span style=\"color: #ff0000;\">Garbo<\/span><\/strong>, tuvo suerte y pese a tratarse de un adulterio, uno de los temas que m\u00e1s preocupaba a los censores, pudo verse tranquilamente porque no presentaba escenas visualmente inconvenientes. Otros temas tab\u00fa fueron la prostituci\u00f3n o la homosexualidad, que llev\u00f3 a cortar &#8216;<strong><span style=\"color: #0000ff;\"><a title=\"Abajo los hombres\" href=\"http:\/\/www.imdb.com\/title\/tt0026030\/?ref_=nv_sr_1http:\/\/\" target=\"_blank\" rel=\"external nofollow\"><span style=\"color: #0000ff;\">Abajo los hombres<\/span><\/a><\/span><\/strong>&#8216; (1936) y &#8216;<strong><span style=\"color: #0000ff;\">Qu\u00e9 muchacho tan simp\u00e1tico<\/span><\/strong>&#8216; (1936).<\/span><\/p>\n<p><span style=\"font-size: large;\">Entre las pel\u00edculas prohibidas se encuentran &#8216;<strong><span style=\"color: #0000ff;\"><a title=\"Mata-hari\" href=\"http:\/\/www.imdb.com\/character\/ch0027577\/?ref_=nm_flmg_act_10\" target=\"_blank\" rel=\"external nofollow\"><span style=\"color: #0000ff;\">Mata-hari<\/span><\/a><\/span><\/strong>&#8216; (1931), protagonizada por la <strong><span style=\"color: #ff0000;\">Garbo<\/span><\/strong>, antialemana, seg\u00fan la censura, y de dudosa moralidad. Tampoco se libr\u00f3 <strong><span style=\"color: #ff0000;\">Michael Curtiz<\/span><\/strong> con &#8216;<strong><span style=\"color: #0000ff;\"><a title=\"El agente brit\u00e1nico\" href=\"https:\/\/www.filmaffinity.com\/es\/film685018.htmlhttp:\/\/\" target=\"_blank\" rel=\"external nofollow\"><span style=\"color: #0000ff;\">El agente brit\u00e1nico<\/span><\/a><\/span><\/strong>&#8216; (1934), una historia de esp\u00edas con la URSS como transfondo, que pod\u00eda herir sensibilidades.<\/span><\/p>\n<p><span style=\"font-size: large;\">&#8216;<span style=\"color: #0000ff;\"><strong><a title=\"Los miserables\" href=\"http:\/\/www.imdb.com\/title\/tt0026725\/?ref_=nv_sr_8\" target=\"_blank\" rel=\"external nofollow\"><span style=\"color: #0000ff;\">Los miserables<\/span><\/a><\/strong><\/span>&#8216; (1935), protagonizada por <span style=\"color: #ff0000;\"><strong><a title=\"Fredrich March\" href=\"http:\/\/www.imdb.com\/name\/nm0545298\/?ref_=nv_sr_1http:\/\/\" target=\"_blank\" rel=\"external nofollow\"><span style=\"color: #ff0000;\">Frederich March<\/span><\/a><\/strong><\/span> y <strong><span style=\"color: #ff0000;\"><a title=\"Charles Laughton\" href=\"http:\/\/www.imdb.com\/name\/nm0001452\/?ref_=nv_sr_1http:\/\/\" target=\"_blank\" rel=\"external nofollow\"><span style=\"color: #ff0000;\">Charles Laughton<\/span><\/a><\/span><\/strong>, vieron como se eliminaron las secuencias que mostraban la construcc\u00ed\u00f3n de barricadas. Mientras que en &#8216;<strong><span style=\"color: #0000ff;\"><a title=\"Crimen y Castigo\" href=\"https:\/\/www.filmaffinity.com\/es\/film940445.html\" target=\"_blank\" rel=\"external nofollow\"><span style=\"color: #0000ff;\">Crimen y Castigo<\/span><\/a><\/span><\/strong>&#8216; (1935), de <strong><span style=\"color: #ff0000;\"><a title=\"Joseph Von Sternberg\" href=\"http:\/\/www.imdb.com\/name\/nm0903049\/?ref_=nv_sr_1http:\/\/\" target=\"_blank\" rel=\"external nofollow\"><span style=\"color: #ff0000;\">Joseph Von Sternberg<\/span><\/a><\/span><\/strong>, se elimin\u00f3 un t\u00edtulo relativo a la incompetencia de la polic\u00eda (&#8220;La polic\u00eda siempre se equivoca&#8221;).<\/span><\/p>\n<div id=\"attachment_176\" style=\"width: 1930px\" class=\"wp-caption alignleft\"><a href=\"\/anecdotas-de-la-historia\/wp-content\/uploads\/sites\/49\/2017\/01\/chrlot.jpg\"><img aria-describedby=\"caption-attachment-176\" loading=\"lazy\" class=\"size-full wp-image-176\" title=\"Charles Chaplin, Charlot, en una de sus pel\u00edculas.\" src=\"\/anecdotas-de-la-historia\/wp-content\/uploads\/sites\/49\/2017\/01\/chrlot.jpg\" alt=\"Charles Chaplin, Charlot, en una de sus pel\u00edculas.\" width=\"1920\" height=\"1080\" srcset=\"https:\/\/static-blogs.lasprovincias.es\/wp-content\/uploads\/sites\/49\/2017\/01\/chrlot.jpg 1920w, https:\/\/static-blogs.lasprovincias.es\/wp-content\/uploads\/sites\/49\/2017\/01\/chrlot-300x169.jpg 300w, https:\/\/static-blogs.lasprovincias.es\/wp-content\/uploads\/sites\/49\/2017\/01\/chrlot-768x432.jpg 768w, https:\/\/static-blogs.lasprovincias.es\/wp-content\/uploads\/sites\/49\/2017\/01\/chrlot-1024x576.jpg 1024w\" sizes=\"(max-width: 1920px) 100vw, 1920px\" \/><\/a><p id=\"caption-attachment-176\" class=\"wp-caption-text\">Charles Chaplin, Charlot, en una de sus pel\u00edculas.<\/p><\/div>\n<p><span style=\"font-size: large;\">Ni tan siquiera <strong><span style=\"color: #ff0000;\">Charlot<\/span><\/strong> se libr\u00f3 de los censores de la idolatrada II Rep\u00fablica. &#8216;<strong><span style=\"color: #0000ff;\">Charlot se va de campo<\/span><\/strong>&#8216; (1932) sufri\u00f3 varios cortes. Para estos funcionarios la sensualidad era excesiva.<br \/>\n<\/span><\/p>\n<p>&nbsp;<\/p>\n<div id=\"attachment_177\" style=\"width: 269px\" class=\"wp-caption alignright\"><a href=\"\/anecdotas-de-la-historia\/wp-content\/uploads\/sites\/49\/2017\/01\/de-mille.jpg\"><img aria-describedby=\"caption-attachment-177\" loading=\"lazy\" class=\"size-medium wp-image-177\" title=\"El director Cecil B. de Mille.\" src=\"\/anecdotas-de-la-historia\/wp-content\/uploads\/sites\/49\/2017\/01\/de-mille.jpg\" alt=\"El director Cecil B. de Mille.\" width=\"259\" height=\"300\" srcset=\"https:\/\/static-blogs.lasprovincias.es\/wp-content\/uploads\/sites\/49\/2017\/01\/de-mille.jpg 1197w, https:\/\/static-blogs.lasprovincias.es\/wp-content\/uploads\/sites\/49\/2017\/01\/de-mille-260x300.jpg 260w, https:\/\/static-blogs.lasprovincias.es\/wp-content\/uploads\/sites\/49\/2017\/01\/de-mille-768x887.jpg 768w, https:\/\/static-blogs.lasprovincias.es\/wp-content\/uploads\/sites\/49\/2017\/01\/de-mille-886x1024.jpg 886w\" sizes=\"(max-width: 259px) 100vw, 259px\" \/><\/a><p id=\"caption-attachment-177\" class=\"wp-caption-text\">El director Cecil B. de Mille.<\/p><\/div>\n<p><span style=\"font-size: large;\">En &#8216;<strong><span style=\"color: #0000ff;\"><a title=\"Agente especial\" href=\"http:\/\/www.filmaffinity.com\/es\/film128231.htmlhttp:\/\/\" target=\"_blank\" rel=\"external nofollow\"><span style=\"color: #0000ff;\">Agente especial<\/span><\/a><\/span><\/strong>&#8216; (1935), protagonizada por <span style=\"color: #ff0000;\"><strong>Bette Davis<\/strong><\/span>, los espa\u00f1oles no pudieron ver como un polic\u00eda uniformado le quitaba con familiaridad un cigarrillo a un criminal y se lo fumaba. En &#8216;<a title=\"Vivamos de nuevo\" href=\"http:\/\/www.filmaffinity.com\/es\/film811895.html\" target=\"_blank\" rel=\"external nofollow\"><strong><span style=\"color: #0000ff;\">Vivamos de nuevo<\/span><\/strong>&#8216;<\/a> (1934), del gran <span style=\"color: #ff0000;\"><strong><a title=\"Rouben Mamoullian\" href=\"http:\/\/www.imdb.com\/name\/nm0541149\/?ref_=nv_sr_1http:\/\/\" target=\"_blank\" rel=\"external nofollow\"><span style=\"color: #ff0000;\">Rouben Mamoullian<\/span><\/a><\/strong><\/span>, se dej\u00f3 fuera un fundido desde un rancho repugnante a una lujosa mesa de banquete y la escena en la que el pr\u00edncipe reparte sus tierras entre los campesinos.<\/span><\/p>\n<p><span style=\"font-size: large;\">&#8216;<strong><span style=\"color: #ff0000;\"><a title=\"Los \u00e1ngeles del infierno\" href=\"http:\/\/www.imdb.com\/title\/tt0020960\/?ref_=nv_sr_1\" target=\"_blank\" rel=\"external nofollow\"><span style=\"color: #ff0000;\">Los \u00e1ngeles del infierno<\/span><\/a><\/span><\/strong>&#8216; (1930) fue censurada porque se daba una mala visi\u00f3n de Alemania.<\/span><\/p>\n<p><span style=\"font-size: large;\">En &#8216;<strong><span style=\"color: #0000ff;\"><a title=\"\u00c9xtasis\" href=\"http:\/\/www.imdb.com\/title\/tt0022867\/?ref_=nv_sr_2\" target=\"_blank\" rel=\"external nofollow\"><span style=\"color: #0000ff;\">\u00c9xtasis<\/span><\/a><\/span><\/strong>&#8216; (1935) se produce un corte que no pasa desapercibido cuando la protagonista y yun hombre se encuentran en un div\u00e1n y en la escena siguiente salen de la casa. No es dif\u00edcil soltar la imaginaci\u00f3n. Y son s\u00f3lo algunos casos.<br \/>\n<\/span><\/p>\n<p><span style=\"font-size: large;\"><br \/>\n<\/span><\/p>\n<p>&nbsp;<\/p>\n<!-- AddThis Advanced Settings generic via filter on the_content --><!-- AddThis Share Buttons generic via filter on the_content -->","protected":false},"excerpt":{"rendered":"<p>&nbsp; La aprobaci\u00f3n del C\u00f3digo Hays caus\u00f3 hilaridad y cr\u00edticas al puritanismo americano. El conjunto de normas aprobado por Hollywood para velar por una supuesta moralidad sigue enrojeciendo a algunos a\u00fan hoy. En otros lugares no hab\u00eda tantos problemas. En la Espa\u00f1a republicana cuando no gustaba una pel\u00edcula o se cortaba o no se emit\u00eda. [&hellip;]<!-- AddThis Advanced Settings generic via filter on get_the_excerpt --><!-- AddThis Share Buttons generic via filter on get_the_excerpt --><\/p>\n","protected":false},"author":55,"featured_media":175,"comment_status":"open","ping_status":"closed","sticky":false,"template":"","format":"standard","meta":[],"categories":[3,11,17],"tags":[36,37,39,44,60,106],"_links":{"self":[{"href":"https:\/\/blogs.lasprovincias.es\/anecdotas-de-la-historia\/wp-json\/wp\/v2\/posts\/172"}],"collection":[{"href":"https:\/\/blogs.lasprovincias.es\/anecdotas-de-la-historia\/wp-json\/wp\/v2\/posts"}],"about":[{"href":"https:\/\/blogs.lasprovincias.es\/anecdotas-de-la-historia\/wp-json\/wp\/v2\/types\/post"}],"author":[{"embeddable":true,"href":"https:\/\/blogs.lasprovincias.es\/anecdotas-de-la-historia\/wp-json\/wp\/v2\/users\/55"}],"replies":[{"embeddable":true,"href":"https:\/\/blogs.lasprovincias.es\/anecdotas-de-la-historia\/wp-json\/wp\/v2\/comments?post=172"}],"version-history":[{"count":0,"href":"https:\/\/blogs.lasprovincias.es\/anecdotas-de-la-historia\/wp-json\/wp\/v2\/posts\/172\/revisions"}],"wp:featuredmedia":[{"embeddable":true,"href":"https:\/\/blogs.lasprovincias.es\/anecdotas-de-la-historia\/wp-json\/wp\/v2\/media\/175"}],"wp:attachment":[{"href":"https:\/\/blogs.lasprovincias.es\/anecdotas-de-la-historia\/wp-json\/wp\/v2\/media?parent=172"}],"wp:term":[{"taxonomy":"category","embeddable":true,"href":"https:\/\/blogs.lasprovincias.es\/anecdotas-de-la-historia\/wp-json\/wp\/v2\/categories?post=172"},{"taxonomy":"post_tag","embeddable":true,"href":"https:\/\/blogs.lasprovincias.es\/anecdotas-de-la-historia\/wp-json\/wp\/v2\/tags?post=172"}],"curies":[{"name":"wp","href":"https:\/\/api.w.org\/{rel}","templated":true}]}}