{"id":192,"date":"2017-02-07T21:05:22","date_gmt":"2017-02-07T20:05:22","guid":{"rendered":"http:\/\/blogs.lasprovincias.es\/anecdotas-de-la-historia\/?p=192"},"modified":"2017-02-07T21:05:22","modified_gmt":"2017-02-07T20:05:22","slug":"trump-copio-el-decreto-sobre-inmigracion-de-obama","status":"publish","type":"post","link":"https:\/\/blogs.lasprovincias.es\/anecdotas-de-la-historia\/2017\/02\/07\/trump-copio-el-decreto-sobre-inmigracion-de-obama\/","title":{"rendered":"Trump copi\u00f3 el decreto sobre inmigraci\u00f3n de Obama"},"content":{"rendered":"<p>&nbsp;<\/p>\n<p>&nbsp;<\/p>\n<div id=\"attachment_194\" style=\"width: 2210px\" class=\"wp-caption aligncenter\"><a href=\"\/anecdotas-de-la-historia\/wp-content\/uploads\/sites\/49\/2017\/02\/trump.jpg\"><img aria-describedby=\"caption-attachment-194\" loading=\"lazy\" class=\"size-full wp-image-194\" title=\"El presidente Trump. Reuters\" src=\"\/anecdotas-de-la-historia\/wp-content\/uploads\/sites\/49\/2017\/02\/trump.jpg\" alt=\"El presidente Trump. Reuters\" width=\"2200\" height=\"1517\" srcset=\"https:\/\/static-blogs.lasprovincias.es\/wp-content\/uploads\/sites\/49\/2017\/02\/trump.jpg 2200w, https:\/\/static-blogs.lasprovincias.es\/wp-content\/uploads\/sites\/49\/2017\/02\/trump-300x207.jpg 300w, https:\/\/static-blogs.lasprovincias.es\/wp-content\/uploads\/sites\/49\/2017\/02\/trump-768x530.jpg 768w, https:\/\/static-blogs.lasprovincias.es\/wp-content\/uploads\/sites\/49\/2017\/02\/trump-1024x706.jpg 1024w\" sizes=\"(max-width: 2200px) 100vw, 2200px\" \/><\/a><p id=\"caption-attachment-194\" class=\"wp-caption-text\">El presidente Trump. Reuters<\/p><\/div>\n<p><span style=\"font-size: medium;\"><strong><span style=\"color: #ff0000;\">Trump<\/span><\/strong> no es idiota. Un idiota no llega a presidente de los EE UU ni se hace multimillonario. Al margen, queda el hecho de uno pueda estar o no de acuerdo con sus acciones e ideas. No soy yo quien vaya a ponerse a defenderle, pero con su <strong><span style=\"color: #0000ff;\">decreto sobre la inmigraci\u00f3n<\/span><\/strong> no ha hecho m\u00e1s que cualquiera de sus antecesores en la Casa Blanca desde <span style=\"color: #ff0000;\"><strong>Jimmy Carter<\/strong><\/span>, incluido <strong><span style=\"color: #ff0000;\">Obama<\/span><\/strong>.<br \/>\n<\/span><\/p>\n<p><span style=\"font-size: medium;\"><!--more--><\/span><\/p>\n<p>&nbsp;<\/p>\n<div id=\"attachment_195\" style=\"width: 310px\" class=\"wp-caption alignright\"><a href=\"\/anecdotas-de-la-historia\/wp-content\/uploads\/sites\/49\/2017\/02\/iglesias.jpg\"><img aria-describedby=\"caption-attachment-195\" loading=\"lazy\" class=\"size-full wp-image-195\" title=\"Pablo Iglesias.\" src=\"\/anecdotas-de-la-historia\/wp-content\/uploads\/sites\/49\/2017\/02\/iglesias.jpg\" alt=\"Pablo Iglesias.\" width=\"300\" height=\"202\" \/><\/a><p id=\"caption-attachment-195\" class=\"wp-caption-text\">Pablo Iglesias.<\/p><\/div>\n<p><span style=\"font-size: medium;\">Lo que nadie puede negar es que le cuesta contener su verborrea. Pero en Espa\u00f1a tambi\u00e9n tenemos espec\u00edmenes de este g\u00e9nero, aunque afortunadamente sin acceso al bot\u00f3n nuclear. <strong><span style=\"color: #ff0000;\">Pablo Iglesias<\/span><\/strong> es un ejemplo como cuando amenaz\u00f3 con crear una <strong><span style=\"color: #0000ff;\">comisi\u00f3n para velar por la libertad de expresi\u00f3n<\/span><\/strong> o dijo &#8220;<strong><span style=\"color: #0000ff;\">la guillotina es el acontecimiento fundador de la democracia<\/span><\/strong>&#8220;. No se quedan atr\u00e1s <span style=\"color: #ff0000;\"><strong>Ada Colau<\/strong><\/span> (&#8220;<strong><span style=\"color: #0000ff;\">Quemar bancos hubiera sido perfectamente razonable<\/span><\/strong>&#8220;), <strong><span style=\"color: #ff0000;\">Manuela Carmona<\/span><\/strong> (cuando dijo que el 94% de los presos en Espa\u00f1a tendr\u00edan que estar en libertad) o nuestro propio <strong><span style=\"color: #ff0000;\">Joan Rib\u00f3<\/span><\/strong> cuando asegur\u00f3 que los domigos estaban para ir a misa y no para comprar. Pero son de izquierdas y no pasa nada.<\/span><\/p>\n<p><span style=\"font-size: medium;\"><span style=\"color: #ff0000;\"><strong>Trump<\/strong><\/span>, en cambio es de derechas, aunque coincide en algunos puntos con <strong><span style=\"color: #0000ff;\">Podemos<\/span><\/strong> y la izquierda m\u00e1s radical, y eso no se perdona. Cualquiera que se tome cinco minutos puede comprobar que <strong><span style=\"color: #ff0000;\">Trump<\/span><\/strong> no ha introducido cambios excesivos en la pol\u00edtica migratoria que de sus antecesores.\u00a0<\/span><\/p>\n<p>&nbsp;<\/p>\n<div id=\"attachment_196\" style=\"width: 310px\" class=\"wp-caption alignleft\"><a href=\"\/anecdotas-de-la-historia\/wp-content\/uploads\/sites\/49\/2017\/02\/carter.jpg\"><img aria-describedby=\"caption-attachment-196\" loading=\"lazy\" class=\"size-medium wp-image-196\" title=\"Carter, a la derecha, con Joe Biden.\" src=\"\/anecdotas-de-la-historia\/wp-content\/uploads\/sites\/49\/2017\/02\/carter.jpg\" alt=\"Carter, a la derecha, con Joe Biden.\" width=\"300\" height=\"234\" srcset=\"https:\/\/static-blogs.lasprovincias.es\/wp-content\/uploads\/sites\/49\/2017\/02\/carter.jpg 900w, https:\/\/static-blogs.lasprovincias.es\/wp-content\/uploads\/sites\/49\/2017\/02\/carter-300x234.jpg 300w, https:\/\/static-blogs.lasprovincias.es\/wp-content\/uploads\/sites\/49\/2017\/02\/carter-768x599.jpg 768w\" sizes=\"(max-width: 300px) 100vw, 300px\" \/><\/a><p id=\"caption-attachment-196\" class=\"wp-caption-text\">Carter, a la derecha, con Joe Biden.<\/p><\/div>\n<p><span style=\"font-size: medium;\">Desde la presidencia de <strong><span style=\"color: #ff0000;\">James Carter<\/span><\/strong> en 1976 todos los presidentes americanos han vetado durante alg\u00fan periodo la entrada de extranjeros en EE UU por motivos de seguridad nacional. Pero hasta ahora nadie hab\u00eda dicho nada. Hasta el premio Nobel de la Paz <strong><span style=\"color: #ff0000;\">Barack Obama<\/span><\/strong> lo utiliz\u00f3.<\/span><\/p>\n<p><span style=\"font-size: medium;\">Tal y como puede ver cualquiera que visita la web de la Casa Blanca <span style=\"color: #ff0000;\"><strong>Obama<\/strong><\/span> prohibi\u00f3 con una orden presidencial la entrada durante 90 d\u00edas de ciudadanos procedentes de Irak, Siria, Sud\u00e1n, Ir\u00e0n, Somalia, Libia y Yemen. No los llam\u00f3 el eje del mal, pero la idea de fondo era la misma. <span style=\"color: #ff0000;\"><strong>Obama<\/strong><\/span>, al igual que <strong><span style=\"color: #ff0000;\">Trump<\/span><\/strong> y otros presidentes anteriores, pretend\u00eda obtener tiempo para dise\u00f1ar medidas especiales de seguridad ante la llegada de ciudadanos de estos pa\u00edses potencialmente peligrosos.<br \/>\n<\/span><\/p>\n<p><span style=\"font-size: medium;\">En ning\u00fan caso, y quien se haya molestado en leer la orden ejecutiva de <strong><span style=\"color: #ff0000;\">Trump<\/span><\/strong>, disponible en la web de la Casa Blanca, podr\u00e1 ver que no se hace ninguna referencia a musulmanes, al islamismo o a cualquier otra religi\u00f3n. Habla de pa\u00edses de los que todos conocemos la situaci\u00f3n y la inestabilidad que existe.<\/span><\/p>\n<p><span style=\"font-size: medium;\">Es m\u00e1s, la orden no afecta a los residentes de estos pa\u00edses en EE UU que dispongan de un visado determinado que podr\u00e1n viajar por el pa\u00eds con toda tranquilidad e incluso entrar en el estado.<\/span><\/p>\n<div id=\"attachment_197\" style=\"width: 1034px\" class=\"wp-caption alignleft\"><a href=\"\/anecdotas-de-la-historia\/wp-content\/uploads\/sites\/49\/2017\/02\/obama.jpg\"><img aria-describedby=\"caption-attachment-197\" loading=\"lazy\" class=\"size-large wp-image-197\" title=\"Obama.\" src=\"\/anecdotas-de-la-historia\/wp-content\/uploads\/sites\/49\/2017\/02\/obama.jpg\" alt=\"Obama.\" width=\"1024\" height=\"682\" srcset=\"https:\/\/static-blogs.lasprovincias.es\/wp-content\/uploads\/sites\/49\/2017\/02\/obama.jpg 3500w, https:\/\/static-blogs.lasprovincias.es\/wp-content\/uploads\/sites\/49\/2017\/02\/obama-300x200.jpg 300w, https:\/\/static-blogs.lasprovincias.es\/wp-content\/uploads\/sites\/49\/2017\/02\/obama-768x512.jpg 768w, https:\/\/static-blogs.lasprovincias.es\/wp-content\/uploads\/sites\/49\/2017\/02\/obama-1024x683.jpg 1024w\" sizes=\"(max-width: 1024px) 100vw, 1024px\" \/><\/a><p id=\"caption-attachment-197\" class=\"wp-caption-text\">Obama.<\/p><\/div>\n<p><span style=\"font-size: medium;\">Y tampoco es tan extra\u00f1o. <strong><span style=\"color: #ff0000;\">Obama<\/span> <span style=\"background-color: #0000ff;\">expuls\u00f3<\/span><\/strong> durante su mandato de ocho a\u00f1os a <strong><span style=\"color: #0000ff;\">tres millones y medio<\/span><\/strong> de mejicanos, un objetivo similar al de <span style=\"color: #ff0000;\"><strong>Trump<\/strong><\/span> y que dif\u00edcilmente podr\u00e1 superar, ya que la dotaci\u00f3n presupuestaria de la que dispone para estas acciones es similar a la de su antecesor.<\/span><\/p>\n<p><span style=\"font-size: medium;\">Es m\u00e1s, <strong><span style=\"color: #ff0000;\">Obama<\/span><\/strong> increment\u00f3 (de hecho las duplic\u00f3) el n\u00famero de deportaciones realizadas por<strong><span style=\"color: #ff0000;\"> George W. Bush<\/span><\/strong> y aument\u00f3 los fondos para los controles fronterizos. De hecho su Administraci\u00f3n fue muy criticada por la detenci\u00f3n de ni\u00f1os inmigrantes y de familias procedentes de Centroam\u00e9rica.<\/span><\/p>\n<div id=\"attachment_199\" style=\"width: 310px\" class=\"wp-caption aligncenter\"><a href=\"\/anecdotas-de-la-historia\/wp-content\/uploads\/sites\/49\/2017\/02\/sirios.jpg\"><img aria-describedby=\"caption-attachment-199\" loading=\"lazy\" class=\"size-full wp-image-199\" title=\"Refugiados sirios. EFE\" src=\"\/anecdotas-de-la-historia\/wp-content\/uploads\/sites\/49\/2017\/02\/sirios.jpg\" alt=\"Refugiados sirios. EFE\" width=\"300\" height=\"187\" \/><\/a><p id=\"caption-attachment-199\" class=\"wp-caption-text\">Refugiados sirios. EFE<\/p><\/div>\n<p><span style=\"font-size: medium;\"><strong><span style=\"color: #ff0000;\">Trump<\/span><\/strong> ha prohibido durante 180 d\u00edas la entrada de refugiados sirios. En 2011 <strong><span style=\"color: #ff0000;\">Obama<\/span><\/strong> lo hizo con los refugiados iraqu\u00edes durante seis meses. Obama, por ejemplo, prohibi\u00f3 que ciudadanos de Ir\u00e1n, Irak Siria y Sud\u00e1n pudieran incorporarse al programa de extensi\u00f3n de visados en 2011 y en 2015 fue aprobada por el Congreso por una amplia mayor\u00eda. Obama firm\u00f3 la ley.\u00a0Respecto a los refugiados sirios el anterior presidente admiti\u00f3 29 en 201, 31 en 2012; 36, en 2013; 105 en 201e y 1.682 un a\u00f1o despu\u00e9s. En 2016 ya admiti\u00f3 31.000, seg\u00fan &#8216;lagraenpoca.com&#8217;.<\/span><\/p>\n<p><span style=\"font-size: medium;\">En cuanto a los refugiados que admitir\u00e1 el nuevo mandatario en 2017, seg\u00fan &#8216;National Review&#8217;, es similar a la media de los \u00faltimos 15 a\u00f1os.<\/span><\/p>\n<p>&nbsp;<\/p>\n<h4><span style=\"font-size: medium; background-color: #000000; color: #ffffff;\">Trump coincide con la izquierda<\/span><\/h4>\n<p><span style=\"font-size: medium;\"><strong><span style=\"color: #ff0000;\">Obama<\/span><\/strong> ha sido un presidente casi mitificado por la izquierda y respetado por la izquierda radical. Pero lo que no parecen tener en cuenta partidos como <strong><span style=\"color: #0000ff;\">Podemos<\/span><\/strong> o de otros de la misma l\u00ednea ideol\u00f3gica es que tienen m\u00e1s de un punto en com\u00fan con <strong><span style=\"color: #ff0000;\">Trump<\/span><\/strong>. El actual presidente americano est\u00e1 abiertamente en contra del <strong><span style=\"color: #0000ff;\">Tratado de Libre Comercio<\/span><\/strong> o del NAFTA, lo que le acerca a las posiciones podemitas y de sus adl\u00e1teres.<\/span><\/p>\n<div id=\"attachment_198\" style=\"width: 910px\" class=\"wp-caption aligncenter\"><a href=\"\/anecdotas-de-la-historia\/wp-content\/uploads\/sites\/49\/2017\/02\/15M.jpg\"><img aria-describedby=\"caption-attachment-198\" loading=\"lazy\" class=\"size-full wp-image-198\" title=\"Manifestaci\u00f3n del 15-M en Alicante.\" src=\"\/anecdotas-de-la-historia\/wp-content\/uploads\/sites\/49\/2017\/02\/15M.jpg\" alt=\"Manifestaci\u00f3n del 15-M en Alicante.\" width=\"900\" height=\"600\" srcset=\"https:\/\/static-blogs.lasprovincias.es\/wp-content\/uploads\/sites\/49\/2017\/02\/15M.jpg 900w, https:\/\/static-blogs.lasprovincias.es\/wp-content\/uploads\/sites\/49\/2017\/02\/15M-300x200.jpg 300w, https:\/\/static-blogs.lasprovincias.es\/wp-content\/uploads\/sites\/49\/2017\/02\/15M-768x512.jpg 768w\" sizes=\"(max-width: 900px) 100vw, 900px\" \/><\/a><p id=\"caption-attachment-198\" class=\"wp-caption-text\">Manifestaci\u00f3n del 15-M en Alicante.<\/p><\/div>\n<p><span style=\"font-size: medium;\">Como an\u00e9cdota, no hay que olvidar que una de las peticiones de <strong><span style=\"color: #0000ff;\">Guanyar Alacant<\/span><\/strong> para negociar el pacto de Gobierno en Alicante fue que se presentara una moci\u00f3n en el pleno en la que se declarase a <strong><span style=\"color: #0000ff;\">Alicante ciudad libre del Tratado del Libre Comercio<\/span><\/strong>.<\/span><\/p>\n<p><span style=\"font-size: medium;\">Quiz\u00e1 este proteccionismo de <span style=\"color: #ff0000;\"><strong>Trump<\/strong><\/span>, me comentaba un amigo recientemente, explique la virulencia de las campa\u00f1as de prensa en su contra cuando apenas lleva un mes en el cargo. <strong><span style=\"color: #0000ff;\">La oposici\u00f3n del mandatario americano al tratado de libre comercio ha molestado a muchos<\/span><\/strong>. No en vano va en contra de la globalizaci\u00f3n y del &#8216;Nuevo Orden Mundial&#8217;. \u00bfExplcar\u00eda esto la animadversi\u00f3n contra el nuevo estadista o algunas acciones futuras?<br \/>\n<\/span><\/p>\n<p>&nbsp;<\/p>\n<p>&nbsp;<\/p>\n<!-- AddThis Advanced Settings generic via filter on the_content --><!-- AddThis Share Buttons generic via filter on the_content -->","protected":false},"excerpt":{"rendered":"<p>&nbsp; &nbsp; Trump no es idiota. Un idiota no llega a presidente de los EE UU ni se hace multimillonario. Al margen, queda el hecho de uno pueda estar o no de acuerdo con sus acciones e ideas. No soy yo quien vaya a ponerse a defenderle, pero con su decreto sobre la inmigraci\u00f3n no [&hellip;]<!-- AddThis Advanced Settings generic via filter on get_the_excerpt --><!-- AddThis Share Buttons generic via filter on get_the_excerpt --><\/p>\n","protected":false},"author":55,"featured_media":194,"comment_status":"open","ping_status":"closed","sticky":false,"template":"","format":"standard","meta":[],"categories":[6,10,15],"tags":[],"_links":{"self":[{"href":"https:\/\/blogs.lasprovincias.es\/anecdotas-de-la-historia\/wp-json\/wp\/v2\/posts\/192"}],"collection":[{"href":"https:\/\/blogs.lasprovincias.es\/anecdotas-de-la-historia\/wp-json\/wp\/v2\/posts"}],"about":[{"href":"https:\/\/blogs.lasprovincias.es\/anecdotas-de-la-historia\/wp-json\/wp\/v2\/types\/post"}],"author":[{"embeddable":true,"href":"https:\/\/blogs.lasprovincias.es\/anecdotas-de-la-historia\/wp-json\/wp\/v2\/users\/55"}],"replies":[{"embeddable":true,"href":"https:\/\/blogs.lasprovincias.es\/anecdotas-de-la-historia\/wp-json\/wp\/v2\/comments?post=192"}],"version-history":[{"count":0,"href":"https:\/\/blogs.lasprovincias.es\/anecdotas-de-la-historia\/wp-json\/wp\/v2\/posts\/192\/revisions"}],"wp:featuredmedia":[{"embeddable":true,"href":"https:\/\/blogs.lasprovincias.es\/anecdotas-de-la-historia\/wp-json\/wp\/v2\/media\/194"}],"wp:attachment":[{"href":"https:\/\/blogs.lasprovincias.es\/anecdotas-de-la-historia\/wp-json\/wp\/v2\/media?parent=192"}],"wp:term":[{"taxonomy":"category","embeddable":true,"href":"https:\/\/blogs.lasprovincias.es\/anecdotas-de-la-historia\/wp-json\/wp\/v2\/categories?post=192"},{"taxonomy":"post_tag","embeddable":true,"href":"https:\/\/blogs.lasprovincias.es\/anecdotas-de-la-historia\/wp-json\/wp\/v2\/tags?post=192"}],"curies":[{"name":"wp","href":"https:\/\/api.w.org\/{rel}","templated":true}]}}