{"id":201,"date":"2017-02-21T19:40:31","date_gmt":"2017-02-21T18:40:31","guid":{"rendered":"http:\/\/blogs.lasprovincias.es\/anecdotas-de-la-historia\/?p=201"},"modified":"2017-02-21T19:40:31","modified_gmt":"2017-02-21T18:40:31","slug":"quien-y-por-que-creo-la-guardia-de-asalto-en-la-ii-republica","status":"publish","type":"post","link":"https:\/\/blogs.lasprovincias.es\/anecdotas-de-la-historia\/2017\/02\/21\/quien-y-por-que-creo-la-guardia-de-asalto-en-la-ii-republica\/","title":{"rendered":"\u00bfQui\u00e9n y por qu\u00e9 cre\u00f3 la Guardia de Asalto en la II Rep\u00fablica?"},"content":{"rendered":"<p>&nbsp;<\/p>\n<div id=\"attachment_212\" style=\"width: 560px\" class=\"wp-caption aligncenter\"><a href=\"\/anecdotas-de-la-historia\/wp-content\/uploads\/sites\/49\/2017\/02\/asalt03.jpg\"><img aria-describedby=\"caption-attachment-212\" loading=\"lazy\" class=\"size-full wp-image-212\" title=\"Control de los guardias de asalto.\" src=\"\/anecdotas-de-la-historia\/wp-content\/uploads\/sites\/49\/2017\/02\/asalt03.jpg\" alt=\"Control de los guardias de asalto.\" width=\"550\" height=\"369\" srcset=\"https:\/\/static-blogs.lasprovincias.es\/wp-content\/uploads\/sites\/49\/2017\/02\/asalt03.jpg 550w, https:\/\/static-blogs.lasprovincias.es\/wp-content\/uploads\/sites\/49\/2017\/02\/asalt03-300x201.jpg 300w\" sizes=\"(max-width: 550px) 100vw, 550px\" \/><\/a><p id=\"caption-attachment-212\" class=\"wp-caption-text\">Control de los guardias de asalto.<\/p><\/div>\n<p><span style=\"font-size: medium;\">La II Rep\u00fablica comenz\u00f3 con graves problemas de orden p\u00fablico como huelgas o quema de iglesias. Para dar respuesta, el Gobierno se plante\u00f3 la creaci\u00f3n de una polic\u00eda preparada para intervenir en la ciudad y no utilizar as\u00ed la<strong><span style=\"color: #0000ff;\"> Guardia Civil<\/span><\/strong>, m\u00e1s apropiada para las zonas agrarias. Fue la <strong><span style=\"color: #0000ff;\">Guardia de Asalto<\/span><\/strong>, germen de la futura Polic\u00eda Nacional que naci\u00f3 tras la Guerra Civil con la denominaci\u00f3n de Polic\u00eda Armada.<!--more--><\/span><\/p>\n<p><span style=\"font-size: medium;\"><a href=\"\/anecdotas-de-la-historia\/wp-content\/uploads\/sites\/49\/2017\/02\/asalto2.jpg\"><img loading=\"lazy\" class=\"alignright size-medium wp-image-213\" title=\"\" src=\"\/anecdotas-de-la-historia\/wp-content\/uploads\/sites\/49\/2017\/02\/asalto2.jpg\" alt=\"\" width=\"227\" height=\"300\" srcset=\"https:\/\/static-blogs.lasprovincias.es\/wp-content\/uploads\/sites\/49\/2017\/02\/asalto2.jpg 418w, https:\/\/static-blogs.lasprovincias.es\/wp-content\/uploads\/sites\/49\/2017\/02\/asalto2-228x300.jpg 228w\" sizes=\"(max-width: 227px) 100vw, 227px\" \/><\/a>El encargado de crear el nuevo cuerpo fue <strong><span style=\"color: #ff0000;\">Miguel Maura<\/span><\/strong>, entonces ministro de Gobernaci\u00f3n del primer gobierno de la Rep\u00fablica previo a la aprobaci\u00f3n de la Constituci\u00f3n de 1931. Seg\u00fan \u00e9l mismo cuenta en sus memorias &#8216;<strong><span style=\"color: #0000ff;\">As\u00ed cay\u00f3 Alfonso XIII&#8230;<\/span><\/strong>&#8216;, los sucesos del 11 y 12 de mayor de 1931 (la quema de iglesias y conventos) hizo evidente la imposibilidad de guardar el orden p\u00fablico con la Guardia Civil.<\/span><\/p>\n<p><span style=\"font-size: medium;\">Los guardias civiles no tenian el armamento adecuado. S\u00f3lo contaban con un fusil mauser. Su uniforme, su r\u00edgida disciplina les hac\u00eda dif\u00edcil adaptarse a la lucha callejera por lo que cada vez que se les ocurri\u00f3 intervenir el n\u00famero de bajas era muy elevado. Aplicaban el reglamento: tres tiros de atenci\u00f3n y a partir de ah\u00ed fuego a discreci\u00f3n. Las carnicer\u00edas eran frecuentes.<\/span><\/p>\n<p><span style=\"font-size: medium;\">Ante ello, Maura junto a <strong><span style=\"color: #ff0000;\">Antonio Galarza<\/span><\/strong> plantearon la creaci\u00f3n de un cuerpo de pol\u00edc\u00eda armada al que desde el principio se le acord\u00f3 llamar Guardia de Asalto. El encargado de organizarla fue el teniente coronel <strong><span style=\"color: #ff0000;\">Mu\u00f1oz Grandes<\/span><\/strong>, que sigui\u00f3 a su frente hasta 1935, una d\u00e9cada despu\u00e9s mandar\u00eda la Divisi\u00f3n Azul y luego ser\u00eda ministro de la Guerra durante la dictadura.<\/span><\/p>\n<p><span style=\"font-size: medium;\">En menos de tres meses la estructura del nuevo cuerpo estaba listo. Una tropa uniformada, seleccionada y disciplinada. Su reglamento era muy r\u00edgido, no s\u00f3lo en cuestiones de disciplina, sino tambi\u00e9n en las condiciones requeridas para el ingreso. Algunos de estos requisitos recuerdan a los demandados para cuerpos paramilitares comunes en la \u00e9poca en otros pa\u00edses europeos.<\/span><\/p>\n<div id=\"attachment_214\" style=\"width: 560px\" class=\"wp-caption aligncenter\"><a href=\"\/anecdotas-de-la-historia\/wp-content\/uploads\/sites\/49\/2017\/02\/civil-guerra1.jpg\"><img aria-describedby=\"caption-attachment-214\" loading=\"lazy\" class=\"size-full wp-image-214\" title=\"Un escuadr\u00f3n de la Guardia Civil durante la Rep\u00fablica.\" src=\"\/anecdotas-de-la-historia\/wp-content\/uploads\/sites\/49\/2017\/02\/civil-guerra1.jpg\" alt=\"Un escuadr\u00f3n de la Guardia Civil durante la Rep\u00fablica.\" width=\"550\" height=\"381\" srcset=\"https:\/\/static-blogs.lasprovincias.es\/wp-content\/uploads\/sites\/49\/2017\/02\/civil-guerra1.jpg 550w, https:\/\/static-blogs.lasprovincias.es\/wp-content\/uploads\/sites\/49\/2017\/02\/civil-guerra1-300x208.jpg 300w\" sizes=\"(max-width: 550px) 100vw, 550px\" \/><\/a><p id=\"caption-attachment-214\" class=\"wp-caption-text\">Un escuadr\u00f3n de la Guardia Civil durante la Rep\u00fablica.<\/p><\/div>\n<p><span style=\"font-size: medium;\">As\u00ed, el guardia de asalto ten\u00eda que <strong><span style=\"color: #0000ff;\">medir al menos un metro y ochenta cent\u00edmetros con una constituci\u00f3n f\u00edsica &#8220;excepcional&#8221;<\/span><\/strong>, en palabras de Maura. El candidato con la menor tara f\u00edsica &#8220;era rechazado sin piedad&#8221;. Su entrenamiento era intensivo. La organizaci\u00f3n de cuarteles, uniformes, armamento, material rodado y dem\u00e1s fue improvisado. Maura no tiene m\u00e1s que palabras de alabanza para la tarea de Mu\u00f1oz Grandes, quien apenas unos a\u00f1os despu\u00e9s dio un giro ideol\u00f3gico llamativo. En este sentido, hay quien le reprocha su tardanza a unirse al alzamiento del 18 de julio de 1936.<\/span><\/p>\n<p><span style=\"font-size: medium;\">El resultado fue que la labor de creaci\u00f3n se inici\u00f3 a fines de mayo y el 14 de octubre el cuerpo contaba ya con 800 miembros preparados para la acci\u00f3n, armados con porras y pistolas como armamento normal con material m\u00f3vil que permit\u00eda acudir con rapidez a los puntos en los que se presentara una crisis.\u00a0<\/span><\/p>\n<p><span style=\"font-size: medium;\">Durante el\u00a0golpe de estado\u00a0su fidelidad y actuaci\u00f3n fue fundamental en muchos sitios para que fracasase. No obstante, la <strong><span style=\"color: #0000ff;\">Guardia de Asalto<\/span><\/strong> fue fusionado, por decreto del\u00a027 de diciembre\u00a0de\u00a01936\u00a0con la<strong><span style=\"color: #0000ff;\">\u00a0Guardia Nacional Republicana<\/span><\/strong>\u00a0para formar el nuevo\u00a0Cuerpo de Seguridad Interior, aunque \u00e9ste sigui\u00f3 manteniendo u<\/span><span style=\"font-size: medium;\">nas\u00a0<em>unidades de asalto y vanguardia<\/em>\u00a0que actuaron en operaciones militares.<\/span><\/p>\n<p><span style=\"font-size: medium;\">Durante el alzamiento militar, el bloque de la Guardia de Asalto permaneci\u00f3 fiel al Gobierno de la Rep\u00fablica aunque guarniciones como las de Zaragoza y Valladolid, donde triunf\u00f3 el golpe, tambi\u00e9n se sublevaron.<\/span><\/p>\n<p><a href=\"\/anecdotas-de-la-historia\/wp-content\/uploads\/sites\/49\/2017\/02\/asalto1.jpg\"><img loading=\"lazy\" class=\"aligncenter size-full wp-image-215\" title=\"\" src=\"\/anecdotas-de-la-historia\/wp-content\/uploads\/sites\/49\/2017\/02\/asalto1.jpg\" alt=\"\" width=\"550\" height=\"326\" srcset=\"https:\/\/static-blogs.lasprovincias.es\/wp-content\/uploads\/sites\/49\/2017\/02\/asalto1.jpg 550w, https:\/\/static-blogs.lasprovincias.es\/wp-content\/uploads\/sites\/49\/2017\/02\/asalto1-300x178.jpg 300w\" sizes=\"(max-width: 550px) 100vw, 550px\" \/><\/a><\/p>\n<p><span style=\"font-size: medium;\">Mientras dur\u00f3 la guerra, estos guardia se distinguieron como una infanter\u00eda fiable a la que la Rep\u00fablica siempre confiaba operaciones delicadas,\u00a0como la supresi\u00f3n de los\u00a0sucesos de Barcelona de mayo de 1937 (la purga de los anarquistas y trostkistas) o la\u00a0toma de Belchite.\u00a0Con el tiempo se convirti\u00f3 en la \u00e9lite del nuevo ej\u00e9rcito republicano.\u00a0<\/span><\/p>\n<p><span style=\"font-size: medium;\">El golpe de gracia fue contempor\u00e1neo al final de la guerra. <strong><span style=\"color: #ff0000;\">Franco<\/span><\/strong> disolvi\u00f3 el<strong><span style=\"color: #0000ff;\"> Cuerpo de Seguridad Interior<\/span><\/strong> en marzo de de 1940. Al mismo tiempo hizo desaparecer el<strong><span style=\"color: #0000ff;\"> Cuerpo de Carabineros<\/span><\/strong> integr\u00e1ndolo en la\u00a0Guardia Civil. Los pocos miembros de la Guardia de Asalto que superaron los expedientes de depuraci\u00f3n se integraron en la reci\u00e9n creada\u00a0<strong><span style=\"color: #0000ff;\">Polic\u00eda Armada<\/span><\/strong>.<\/span><\/p>\n<!-- AddThis Advanced Settings generic via filter on the_content --><!-- AddThis Share Buttons generic via filter on the_content -->","protected":false},"excerpt":{"rendered":"<p>&nbsp; La II Rep\u00fablica comenz\u00f3 con graves problemas de orden p\u00fablico como huelgas o quema de iglesias. Para dar respuesta, el Gobierno se plante\u00f3 la creaci\u00f3n de una polic\u00eda preparada para intervenir en la ciudad y no utilizar as\u00ed la Guardia Civil, m\u00e1s apropiada para las zonas agrarias. Fue la Guardia de Asalto, germen de [&hellip;]<!-- AddThis Advanced Settings generic via filter on get_the_excerpt --><!-- AddThis Share Buttons generic via filter on get_the_excerpt --><\/p>\n","protected":false},"author":55,"featured_media":212,"comment_status":"open","ping_status":"closed","sticky":false,"template":"","format":"standard","meta":[],"categories":[6,17],"tags":[],"_links":{"self":[{"href":"https:\/\/blogs.lasprovincias.es\/anecdotas-de-la-historia\/wp-json\/wp\/v2\/posts\/201"}],"collection":[{"href":"https:\/\/blogs.lasprovincias.es\/anecdotas-de-la-historia\/wp-json\/wp\/v2\/posts"}],"about":[{"href":"https:\/\/blogs.lasprovincias.es\/anecdotas-de-la-historia\/wp-json\/wp\/v2\/types\/post"}],"author":[{"embeddable":true,"href":"https:\/\/blogs.lasprovincias.es\/anecdotas-de-la-historia\/wp-json\/wp\/v2\/users\/55"}],"replies":[{"embeddable":true,"href":"https:\/\/blogs.lasprovincias.es\/anecdotas-de-la-historia\/wp-json\/wp\/v2\/comments?post=201"}],"version-history":[{"count":0,"href":"https:\/\/blogs.lasprovincias.es\/anecdotas-de-la-historia\/wp-json\/wp\/v2\/posts\/201\/revisions"}],"wp:featuredmedia":[{"embeddable":true,"href":"https:\/\/blogs.lasprovincias.es\/anecdotas-de-la-historia\/wp-json\/wp\/v2\/media\/212"}],"wp:attachment":[{"href":"https:\/\/blogs.lasprovincias.es\/anecdotas-de-la-historia\/wp-json\/wp\/v2\/media?parent=201"}],"wp:term":[{"taxonomy":"category","embeddable":true,"href":"https:\/\/blogs.lasprovincias.es\/anecdotas-de-la-historia\/wp-json\/wp\/v2\/categories?post=201"},{"taxonomy":"post_tag","embeddable":true,"href":"https:\/\/blogs.lasprovincias.es\/anecdotas-de-la-historia\/wp-json\/wp\/v2\/tags?post=201"}],"curies":[{"name":"wp","href":"https:\/\/api.w.org\/{rel}","templated":true}]}}