{"id":202,"date":"2017-02-14T20:06:47","date_gmt":"2017-02-14T19:06:47","guid":{"rendered":"http:\/\/blogs.lasprovincias.es\/anecdotas-de-la-historia\/?p=202"},"modified":"2017-02-14T20:06:47","modified_gmt":"2017-02-14T19:06:47","slug":"por-que-el-consell-contrata-a-garzon-que-bordeo-el-estado-de-derecho","status":"publish","type":"post","link":"https:\/\/blogs.lasprovincias.es\/anecdotas-de-la-historia\/2017\/02\/14\/por-que-el-consell-contrata-a-garzon-que-bordeo-el-estado-de-derecho\/","title":{"rendered":"\u00bfPor qu\u00e9 el Consell contrata a Garz\u00f3n, que borde\u00f3 los l\u00edmites del Estado de Derecho?"},"content":{"rendered":"<p>&nbsp;<\/p>\n<div id=\"attachment_204\" style=\"width: 310px\" class=\"wp-caption alignright\"><a href=\"\/anecdotas-de-la-historia\/wp-content\/uploads\/sites\/49\/2017\/02\/garzon3.jpg\"><img aria-describedby=\"caption-attachment-204\" loading=\"lazy\" class=\"size-medium wp-image-204\" title=\"Garz\u00f3n en una visita a Paterna. Pablo Mammana\" src=\"\/anecdotas-de-la-historia\/wp-content\/uploads\/sites\/49\/2017\/02\/garzon3.jpg\" alt=\"Garz\u00f3n en una visita a Paterna. Pablo Mammana\" width=\"300\" height=\"213\" srcset=\"https:\/\/static-blogs.lasprovincias.es\/wp-content\/uploads\/sites\/49\/2017\/02\/garzon3.jpg 900w, https:\/\/static-blogs.lasprovincias.es\/wp-content\/uploads\/sites\/49\/2017\/02\/garzon3-300x213.jpg 300w, https:\/\/static-blogs.lasprovincias.es\/wp-content\/uploads\/sites\/49\/2017\/02\/garzon3-768x545.jpg 768w\" sizes=\"(max-width: 300px) 100vw, 300px\" \/><\/a><p id=\"caption-attachment-204\" class=\"wp-caption-text\">Garz\u00f3n en una visita a Paterna. Pablo Mammana<\/p><\/div>\n<p><span style=\"font-size: medium;\">El <strong><span style=\"color: #ff0000;\">Consell<\/span><\/strong> anunci\u00f3 la pasada semana que ha contratado a la <strong><span style=\"color: #ff0000;\">Fundaci\u00f3n Baltasar Garz\u00f3n<\/span><\/strong> por 30.000 euros para garantizar la transparencia y la lucha contra corrupci\u00f3n. La pregunta que surge es: \u00bfpor qu\u00e9 la Generalitat contrata al ex juez Garz\u00f3n, que seg\u00fan una sentencia firme del Tribunal Supremo y tomada por unanimidad de los siete magistrados en 2012, cometi\u00f3 prevaricaci\u00f3n y lleg\u00f3 a los bordes del Estado de Derecho al permitir escuchas entre abogados y defendidos en el<strong><span style=\"color: #0000ff;\"> caso G\u00fcrtel<\/span><\/strong>. \u00bfNo hay nadie mas adecuado para luchar contra la transparencia y la corrupci\u00f3n<\/span><span style=\"font-size: medium;\">?<\/span><\/p>\n<p><!--more--><\/p>\n<div id=\"attachment_207\" style=\"width: 310px\" class=\"wp-caption alignleft\"><a href=\"\/anecdotas-de-la-historia\/wp-content\/uploads\/sites\/49\/2017\/02\/garzon-gurtel.jpg\"><img aria-describedby=\"caption-attachment-207\" loading=\"lazy\" class=\"size-medium wp-image-207\" title=\"Una manifestaci\u00f3n a favor de Garz\u00f3n.\" src=\"\/anecdotas-de-la-historia\/wp-content\/uploads\/sites\/49\/2017\/02\/garzon-gurtel.jpg\" alt=\"Una manifestaci\u00f3n a favor de Garz\u00f3n.\" width=\"300\" height=\"217\" srcset=\"https:\/\/static-blogs.lasprovincias.es\/wp-content\/uploads\/sites\/49\/2017\/02\/garzon-gurtel.jpg 900w, https:\/\/static-blogs.lasprovincias.es\/wp-content\/uploads\/sites\/49\/2017\/02\/garzon-gurtel-300x218.jpg 300w, https:\/\/static-blogs.lasprovincias.es\/wp-content\/uploads\/sites\/49\/2017\/02\/garzon-gurtel-768x557.jpg 768w\" sizes=\"(max-width: 300px) 100vw, 300px\" \/><\/a><p id=\"caption-attachment-207\" class=\"wp-caption-text\">Una manifestaci\u00f3n a favor de Garz\u00f3n.<\/p><\/div>\n<p><span style=\"font-size: medium;\">La sentencia en la que se inhabilita al ex juez Garz\u00f3n,por ordenar escuchas entre abogados y sus defendidos, durante once a\u00f1os por prevaricaci\u00f3n no tiene desperdicio y recoge frases tan contundentes como las siguientes:<\/span><\/p>\n<p><span style=\"font-size: medium;\">&#8211; &#8220;El acusado caus\u00f3 con su resoluci\u00f3n una dr\u00e1stica e injustificada reducci\u00f3n del derecho de defensa y dem\u00e1s derechos afectados anejos al mismo, o con otras palabras, como se dijo ya por el instructor,\u00a0una laminaci\u00f3n de esos derechos y (&#8230;) <span style=\"color: #0000ff;\"><strong>coloc\u00f3 a todo el proceso penal espa\u00f1ol<\/strong><\/span>, te\u00f3ricamente dotado de las garant\u00edas constitucionales y legales propias de un Estado de Derecho contempor\u00e1neo, <span style=\"color: #0000ff;\"><strong>al nivel de los sistemas pol\u00edticos y procesales caracter\u00edsticos de tiempos ya superados<\/strong><\/span>, (&#8230;) admitiendo pr\u00e1cticas que en los tiempos actuales solo se encuentran en los\u00a0<strong><span style=\"color: #0000ff;\">reg\u00edmenes totalitarios<\/span>\u00a0<span style=\"color: #0000ff;\">en los que todo se considera v\u00e1lido para obtener la informaci\u00f3n que interesa<\/span><\/strong>, o se supone que interesa, al Estado&#8221;.<\/span><\/p>\n<p><span style=\"font-size: medium;\">&#8211; &#8220;Prescindi\u00f3 de las m\u00ednimas garant\u00edas efectivas para los ciudadanos y <span style=\"color: #0000ff;\"><strong>convirtiendo de esta forma las previsiones constitucionales y legales sobre el particular en meras proclamaciones vac\u00edas de contenido<\/strong><\/span>&#8220;.<\/span><\/p>\n<p><span style=\"font-size: medium;\">Es decir, al da\u00f1ar el derecho a la defensa,\u00a0<strong><span style=\"color: #ff0000;\">Garz\u00f3n<\/span><\/strong> puso a Espa\u00f1a, seg\u00fan la sentencia, al nivel de Corea del Norte, la antigua URSS (la de <strong><span style=\"color: #ff0000;\">Stalin<\/span><\/strong>, <strong><span style=\"color: #ff0000;\">Lenin<\/span><\/strong> y otros similares), la Camboya de <strong><span style=\"color: #ff0000;\">Pol Pot<\/span><\/strong>, la Alemania de <strong><span style=\"color: #ff0000;\">Hitler<\/span><\/strong> o la Espa\u00f1a de <strong><span style=\"color: #ff0000;\">Franco<\/span><\/strong>. Algo que ocurr\u00eda en tiempos pasados y que ya uno pensaba que era propio de otros pa\u00edses.<\/span><\/p>\n<p><span style=\"font-size: medium;\">Es decir, prescindi\u00f3 de los medios previstos para obtener informaci\u00f3n situando por encima el fin de la investigaci\u00f3n, un principio que un Estado de Derecho no puede permitir. <\/span><\/p>\n<div id=\"attachment_206\" style=\"width: 910px\" class=\"wp-caption aligncenter\"><a href=\"\/anecdotas-de-la-historia\/wp-content\/uploads\/sites\/49\/2017\/02\/garz\u00f3n-valencia1.jpg\"><img aria-describedby=\"caption-attachment-206\" loading=\"lazy\" class=\"size-full wp-image-206\" title=\"Garz\u00f3n en una visita a Valencia.\" src=\"\/anecdotas-de-la-historia\/wp-content\/uploads\/sites\/49\/2017\/02\/garz\u00f3n-valencia1.jpg\" alt=\"Garz\u00f3n en una visita a Valencia.\" width=\"900\" height=\"626\" srcset=\"https:\/\/static-blogs.lasprovincias.es\/wp-content\/uploads\/sites\/49\/2017\/02\/garz\u00f3n-valencia1.jpg 900w, https:\/\/static-blogs.lasprovincias.es\/wp-content\/uploads\/sites\/49\/2017\/02\/garz\u00f3n-valencia1-300x209.jpg 300w, https:\/\/static-blogs.lasprovincias.es\/wp-content\/uploads\/sites\/49\/2017\/02\/garz\u00f3n-valencia1-768x534.jpg 768w\" sizes=\"(max-width: 900px) 100vw, 900px\" \/><\/a><p id=\"caption-attachment-206\" class=\"wp-caption-text\">Garz\u00f3n en una visita a Valencia.<\/p><\/div>\n<p><span style=\"font-size: medium;\">Y la pregunta es por qu\u00e9 la <strong><span style=\"color: #ff0000;\">Generalitat<\/span><\/strong> se va a gastar 30.000 euros en un se\u00f1or apartado once a\u00f1os de la carrera judicial por prevaricaci\u00f3n al cuestionar uno de los principios esenciales del Estado de Derecho. \u00bfQu\u00e9 piensa el Consell que puede aportar precisamente en el campo de la transparencia y de la corrupci\u00f3n?, puntos a lo que se refiri\u00f3 el pasado viernes la vicepresidenta <strong><span style=\"color: #ff0000;\">M\u00f3nica Oltra<\/span><\/strong>.<\/span><\/p>\n<p>&nbsp;<\/p>\n<div id=\"attachment_208\" style=\"width: 310px\" class=\"wp-caption alignright\"><a href=\"\/anecdotas-de-la-historia\/wp-content\/uploads\/sites\/49\/2017\/02\/oltra-falciani.jpg\"><img aria-describedby=\"caption-attachment-208\" loading=\"lazy\" class=\"size-medium wp-image-208\" title=\"M\u00f3nica Oltra saluda a Herv\u00e8 Falciani. EFE\" src=\"\/anecdotas-de-la-historia\/wp-content\/uploads\/sites\/49\/2017\/02\/oltra-falciani.jpg\" alt=\"M\u00f3nica Oltra saluda a Herv\u00e8 Falciani. EFE\" width=\"300\" height=\"198\" srcset=\"https:\/\/static-blogs.lasprovincias.es\/wp-content\/uploads\/sites\/49\/2017\/02\/oltra-falciani.jpg 900w, https:\/\/static-blogs.lasprovincias.es\/wp-content\/uploads\/sites\/49\/2017\/02\/oltra-falciani-300x199.jpg 300w, https:\/\/static-blogs.lasprovincias.es\/wp-content\/uploads\/sites\/49\/2017\/02\/oltra-falciani-768x509.jpg 768w\" sizes=\"(max-width: 300px) 100vw, 300px\" \/><\/a><p id=\"caption-attachment-208\" class=\"wp-caption-text\">M\u00f3nica Oltra saluda a Herv\u00e8 Falciani. EFE<\/p><\/div>\n<p><span style=\"font-size: medium;\"><strong><span style=\"color: #ff0000;\">Baltasar Garz\u00f3n<\/span><\/strong> se une a <strong><span style=\"color: #ff0000;\">Helv\u00e9 Falciani<\/span><\/strong>, el informador del banco del HSBC sobre miles de evasores fiscales, para ser la cara del Consell en su lucha contra la corrupci\u00f3n. Dos nombres medi\u00e1ticos, pero que a\u00fan falta ver cu\u00e1les ser\u00e1n sus aportaciones reales.<\/span><\/p>\n<p><span style=\"font-size: medium;\">Seg\u00fan la <strong><span style=\"color: #ff0000;\">Generalitat<\/span><\/strong> Valenciana, el contrato con la fundaci\u00f3n de <strong><span style=\"color: #ff0000;\">Garz\u00f3n<\/span><\/strong> incluye la celebraci\u00f3n de seminarios, jornadas o congresos relacionados con la prevenci\u00f3n de las malas pr\u00e1cticas administrativas y el fraude vinculados con sistemas y modelos inform\u00e1ticos de alertas tempranas.<\/span><\/p>\n<p><span style=\"font-size: medium;\">Junto a <strong><span style=\"color: #ff0000;\">Garz\u00f3n<\/span><\/strong>, <strong><span style=\"color: #ff0000;\">Falciani<\/span><\/strong> colabora con la administraci\u00f3n valenciana sin cobrar sueldos ni dietas y se dedica a intercambiar de manera espor\u00e1dica experiencias sobre las nuevas aplicaciones inform\u00e1ticas. Esta relaci\u00f3n todav\u00eda no se ha hecho efectiva, aunque desde la Conselleria de Transparencia anuncian que ser\u00e1 una realidad a partir de 2018.<\/span><\/p>\n<p><span style=\"font-size: medium;\">El convenio con la<strong><span style=\"color: #0000ff;\"> Fundaci\u00f3n Internacional Baltasar Garz\u00f3n<\/span><\/strong>, que tambi\u00e9n contempla la adquisici\u00f3n de licencias para implantar algoritmos de detecci\u00f3n autom\u00e1tica de irregularidades a trav\u00e9s del sistemas de alertas antifraude, se anunci\u00f3 como un nuevo movimiento en aras de la transparencia. Habr\u00e1 que ver en que queda todo.<\/span><\/p>\n<!-- AddThis Advanced Settings generic via filter on the_content --><!-- AddThis Share Buttons generic via filter on the_content -->","protected":false},"excerpt":{"rendered":"<p>&nbsp; El Consell anunci\u00f3 la pasada semana que ha contratado a la Fundaci\u00f3n Baltasar Garz\u00f3n por 30.000 euros para garantizar la transparencia y la lucha contra corrupci\u00f3n. La pregunta que surge es: \u00bfpor qu\u00e9 la Generalitat contrata al ex juez Garz\u00f3n, que seg\u00fan una sentencia firme del Tribunal Supremo y tomada por unanimidad de los [&hellip;]<!-- AddThis Advanced Settings generic via filter on get_the_excerpt --><!-- AddThis Share Buttons generic via filter on get_the_excerpt --><\/p>\n","protected":false},"author":55,"featured_media":204,"comment_status":"open","ping_status":"closed","sticky":false,"template":"","format":"standard","meta":[],"categories":[10],"tags":[23,74,82],"_links":{"self":[{"href":"https:\/\/blogs.lasprovincias.es\/anecdotas-de-la-historia\/wp-json\/wp\/v2\/posts\/202"}],"collection":[{"href":"https:\/\/blogs.lasprovincias.es\/anecdotas-de-la-historia\/wp-json\/wp\/v2\/posts"}],"about":[{"href":"https:\/\/blogs.lasprovincias.es\/anecdotas-de-la-historia\/wp-json\/wp\/v2\/types\/post"}],"author":[{"embeddable":true,"href":"https:\/\/blogs.lasprovincias.es\/anecdotas-de-la-historia\/wp-json\/wp\/v2\/users\/55"}],"replies":[{"embeddable":true,"href":"https:\/\/blogs.lasprovincias.es\/anecdotas-de-la-historia\/wp-json\/wp\/v2\/comments?post=202"}],"version-history":[{"count":0,"href":"https:\/\/blogs.lasprovincias.es\/anecdotas-de-la-historia\/wp-json\/wp\/v2\/posts\/202\/revisions"}],"wp:featuredmedia":[{"embeddable":true,"href":"https:\/\/blogs.lasprovincias.es\/anecdotas-de-la-historia\/wp-json\/wp\/v2\/media\/204"}],"wp:attachment":[{"href":"https:\/\/blogs.lasprovincias.es\/anecdotas-de-la-historia\/wp-json\/wp\/v2\/media?parent=202"}],"wp:term":[{"taxonomy":"category","embeddable":true,"href":"https:\/\/blogs.lasprovincias.es\/anecdotas-de-la-historia\/wp-json\/wp\/v2\/categories?post=202"},{"taxonomy":"post_tag","embeddable":true,"href":"https:\/\/blogs.lasprovincias.es\/anecdotas-de-la-historia\/wp-json\/wp\/v2\/tags?post=202"}],"curies":[{"name":"wp","href":"https:\/\/api.w.org\/{rel}","templated":true}]}}