{"id":1083,"date":"2017-11-02T18:06:04","date_gmt":"2017-11-02T17:06:04","guid":{"rendered":"http:\/\/blogs.lasprovincias.es\/bandasonora\/?p=1083"},"modified":"2017-10-26T20:46:52","modified_gmt":"2017-10-26T18:46:52","slug":"un-cielo-de-canciones","status":"publish","type":"post","link":"https:\/\/blogs.lasprovincias.es\/bandasonora\/2017\/11\/02\/un-cielo-de-canciones\/","title":{"rendered":"Un cielo de canciones"},"content":{"rendered":"<h3><span style=\"color: #993300;\"><strong>Julio Bustamante presenta su \u00faltimo disco, \u2018La misi\u00f3n del copiloto\u2019, el 11 de noviembre en el Visonte Bar de la capital valenciana<\/strong><\/span><\/h3>\n<p>&nbsp;<\/p>\n<p>Tras m\u00e1s de 30 a\u00f1os de carrera, hitos pioneros (particip\u00f3, en los 70 del siglo pasado, en la versi\u00f3n valenciana de la \u00f3pera-rock <em><strong>Tommy<\/strong><\/em>\u00a0de <strong>The Who<\/strong>), incontables proyectos (<strong>In Fraganti<\/strong>, <strong>Maderita<\/strong>), y despu\u00e9s de haber publicado 13 discos en solitario, algunos de ellos, del calibre de <em><strong>Cambrers<\/strong><\/em>\u00a0o <em><strong>Entusiastas<\/strong><\/em>, resulta complicado no deslumbrarse ante uno de nuestros creadores m\u00e1s constantes; un artista que, trabajo tras trabajo, sigue manteniendo ese nivel de dignidad que tan s\u00f3lo es propio de aquellos que realizan su labor desde el coraz\u00f3n: \u00abEnfoco mi faena canci\u00f3n a canci\u00f3n. Empiezo por trabajar a fondo cada texto y luego voy probando qu\u00e9 tipo de m\u00fasica le puede ir bien, no importa hacia qu\u00e9 estilo me lleve. A veces recupero textos m\u00edos. Cuando leo libros de otros autores y me identifico con ellos no dudo en empezar a elaborar una adaptaci\u00f3n\u00bb, asegura desde la singular modestia con la que pasea por su querida Valencia. Efectivamente, en <em><strong>La misi\u00f3n del copiloto<\/strong><\/em>, su \u00faltimo disco, hay dos temas de inspiraci\u00f3n externa: <em>La doble<\/em>, a partir de un poema del <em><strong>Cr\u00f3nicas de motel<\/strong><\/em>, de <strong>Sam Shepard<\/strong>, y <em>Mes enll\u00e0 de les paraules<\/em>, de <strong>Carme Tendillo<\/strong>. Adem\u00e1s, en la m\u00fasica de <em>La palabra cepillo<\/em>\u00a0ha vuelto a contar con la connivencia de <strong>Alfonso E. Merenciano<\/strong>.<\/p>\n<p>&nbsp;<br \/>\n<div id=\"attachment_1084\" style=\"width: 910px\" class=\"wp-caption aligncenter\"><a href=\"https:\/\/static-blogs.lasprovincias.es\/wp-content\/uploads\/sites\/29\/2017\/10\/Julio-Bustamante-2017-Foto-Montse-Azorin.jpg\"><img aria-describedby=\"caption-attachment-1084\" loading=\"lazy\" class=\"size-full wp-image-1084\" src=\"https:\/\/static-blogs.lasprovincias.es\/wp-content\/uploads\/sites\/29\/2017\/10\/Julio-Bustamante-2017-Foto-Montse-Azorin.jpg\" alt=\"Paz. Por Montse Azor\u00edn\" width=\"900\" height=\"506\" srcset=\"https:\/\/static-blogs.lasprovincias.es\/wp-content\/uploads\/sites\/29\/2017\/10\/Julio-Bustamante-2017-Foto-Montse-Azorin.jpg 900w, https:\/\/static-blogs.lasprovincias.es\/wp-content\/uploads\/sites\/29\/2017\/10\/Julio-Bustamante-2017-Foto-Montse-Azorin-300x169.jpg 300w, https:\/\/static-blogs.lasprovincias.es\/wp-content\/uploads\/sites\/29\/2017\/10\/Julio-Bustamante-2017-Foto-Montse-Azorin-768x432.jpg 768w\" sizes=\"(max-width: 900px) 100vw, 900px\" \/><\/a><p id=\"caption-attachment-1084\" class=\"wp-caption-text\">Paz. Por Montse Azor\u00edn<\/p><\/div><\/p>\n<p>Este <em><strong>La misi\u00f3n del copiloto<\/strong><\/em>\u00a0ha visto la luz con <strong>El Volc\u00e1n M\u00fasica<\/strong>, despu\u00e9s de que uno de los sellos de su vida, <strong>Comboi Records<\/strong>, dejara de existir. Sensaci\u00f3n agridulce, pero no del todo desconocida: \u00abEs la tercera vez que publico con <strong>Javier Li\u00f1\u00e1n<\/strong>. En 1998, cuando estaba en <strong>Virgin<\/strong>, hicimos <em><strong>Entusiastas<\/strong><\/em>, y, en 2010, el disco de <strong>Maderita<\/strong>\u00a0<em><strong>Vivir para creer<\/strong><\/em>\u00a0(ya con <strong>El Volc\u00e1n<\/strong>). Dejando aparte mis sentimientos, hac\u00eda tiempo que sab\u00eda del cierre de <strong>Comboi<\/strong>, y para este trabajo necesitaba una compa\u00f1\u00eda que le diera mayor difusi\u00f3n\u00bb, asegura un <a href=\"https:\/\/www.facebook.com\/Julio-Bustamante-330332712144\/\" rel=\"external nofollow\"><strong>Julio<\/strong><\/a> que, para la ocasi\u00f3n, ha recuperado algunos temas compuestos hace a\u00f1os. <em>La doble<\/em>\u00a0y <em>El cel de les can\u00e7ons<\/em>, sin ir m\u00e1s lejos. El hecho de que uno abra el disco y el otro lo cierre, \u00bftienen alg\u00fan significado? \u00ab<em>La doble<\/em>\u00a0ya qued\u00f3 fuera de <em><strong>Lluvia cascabel<\/strong><\/em>\u00a0[<strong>Comboi<\/strong>, 2008], as\u00ed como otras cuatro canciones de aire folk que aprovechamos para el disco de <strong>Maderita<\/strong>. Intentamos ponerla ya en el disco anterior, lo mismo que <em>El cel de les can\u00e7ons<\/em>, pero ya no hab\u00eda tiempo de acabar de producirlas bien. <em>La doble<\/em>\u00a0abre <em><strong>La misi\u00f3n del copiloto<\/strong><\/em>\u00a0porque es una historia divertida y con ritmo. <em>El cel de les can\u00e7ons<\/em>, por el contrario, es un tema corto y l\u00e1nguido, y ven\u00eda bien para cerrar el \u00e1lbum\u00bb.<\/p>\n<p>Ambos sonar\u00e1n, seguro, el pr\u00f3ximo 11 de noviembre en el <strong>Visonte Bar<\/strong> de Valencia, donde <strong>Bustamante<\/strong> presentar\u00e1 su nueva criatura, c\u00f3mo no, acompa\u00f1ado de sus ya inseparables <strong>Lavanda<\/strong>. De hecho, ellos han participado en la grabaci\u00f3n de un disco en el cual, el artista ha multiplicado, pr\u00e1cticamente por tres, la n\u00f3mina de participantes, en comparaci\u00f3n con su anterior <em><strong>En el nombre del gato<\/strong><\/em>: \u00abTen\u00eda claro que este disco iba a grabarlo con mi grupo, <strong>Lavanda<\/strong>, y los amigos de Barcelona, con los que he colaborado a menudo en directo all\u00e1. Fuimos registrando los temas al tiempo que los toc\u00e1bamos en los conciertos. Luego seguimos en Barcelona con ellos\u00bb. Ellos son <strong>Jordi Llobet<\/strong>, <strong>Hans Laguna<\/strong>, <strong>Cristian Pallej\u00e0<\/strong> y <strong>Ferran Resines<\/strong>, con los cuales, efectivamente, <strong>Julio<\/strong> sigue contando: \u00abYa para el <em><strong>En el nombre del gato<\/strong><\/em>\u00a0decid\u00ed aceptar la oferta de <strong>Cristian<\/strong> para producir juntos. Compart\u00edamos la experiencia de tocar mis temas en muchos conciertos por Catalu\u00f1a y Valencia, junto a <strong>FrediSon<\/strong>, <strong>Hans Laguna<\/strong> y <strong>Jordi Llobet<\/strong>. En \u00e9ste hemos repetido, pero el n\u00famero de m\u00fasicos ha crecido. A ra\u00edz de la publicaci\u00f3n del aquel disco, <strong>Montse<\/strong> [<strong>Azor\u00edn<\/strong>], <strong>Lucas<\/strong> [<strong>Balanz\u00e1<\/strong>] y yo ampliamos la banda, para reflejar mejor el nuevo repertorio. La aparici\u00f3n de <strong>Santi Bernal<\/strong> (bater\u00eda) y <strong>Luis Alcover<\/strong> (teclados y trompeta) ha sido un gran acierto para los directos. A partir de ah\u00ed comenzamos a tocar los temas del <em><strong>Copiloto<\/strong><\/em>, mientras los \u00edbamos grabando y estudiando los arreglos. Luego lo volcamos todo en los estudios de <strong>Cristian<\/strong> y <strong>Ferr\u00e1n<\/strong> (<strong>Caballo Grande<\/strong>) y ellos continuaron el trabajo de posproducci\u00f3n y arreglos adicionales\u00bb.<\/p>\n<p>&nbsp;<br \/>\n<div id=\"attachment_1085\" style=\"width: 910px\" class=\"wp-caption aligncenter\"><a href=\"https:\/\/static-blogs.lasprovincias.es\/wp-content\/uploads\/sites\/29\/2017\/10\/Lavanda-2017-Foto-Luis-Corral.jpg\"><img aria-describedby=\"caption-attachment-1085\" loading=\"lazy\" class=\"size-full wp-image-1085\" src=\"https:\/\/static-blogs.lasprovincias.es\/wp-content\/uploads\/sites\/29\/2017\/10\/Lavanda-2017-Foto-Luis-Corral.jpg\" alt=\"Lavanda. Por Luis Corral\" width=\"900\" height=\"488\" srcset=\"https:\/\/static-blogs.lasprovincias.es\/wp-content\/uploads\/sites\/29\/2017\/10\/Lavanda-2017-Foto-Luis-Corral.jpg 900w, https:\/\/static-blogs.lasprovincias.es\/wp-content\/uploads\/sites\/29\/2017\/10\/Lavanda-2017-Foto-Luis-Corral-300x163.jpg 300w, https:\/\/static-blogs.lasprovincias.es\/wp-content\/uploads\/sites\/29\/2017\/10\/Lavanda-2017-Foto-Luis-Corral-768x416.jpg 768w\" sizes=\"(max-width: 900px) 100vw, 900px\" \/><\/a><p id=\"caption-attachment-1085\" class=\"wp-caption-text\">Lavanda. Por Luis Corral<\/p><\/div><\/p>\n<p>No obstante, la n\u00f3mina de amigos-familiares que han impreso su huella en esta grabaci\u00f3n no cesa aqu\u00ed, ya que tres artistas muy especiales tambi\u00e9n se han querido sumar a tama\u00f1a aventura, haciendo que su voz se abrace con la del valenciano. <strong>Nacho Vegas<\/strong> deja su impronta en <em>Iratxi<\/em>: \u00abColaboramos con la Plataforma de lucha contra los CIE. No nos conoc\u00edamos, pero me pidi\u00f3 que tocara con mi banda en un concierto que iba a hacer en <strong>La Rambleta<\/strong>. De ah\u00ed surgi\u00f3 nuestro plan\u00bb. Adem\u00e1s, los inconfundibles registros de <strong>Clara Vi\u00f1als<\/strong> y <strong>Maria Rod\u00e9s<\/strong> consiguen elevar a otro nivel, respectivamente, <em>Viure sense esperar<\/em>\u00a0y la mencionada <em>El cel de les can\u00e7ons<\/em>: \u00abYa contaba con que <strong>Clara<\/strong> cantara <em>Viure sense esperar<\/em>. Me encanta su voz para este tipo de balada, como en el disco anterior ya hizo en <em>Somriure astut<\/em>, e, incluso, antes, con su grupo <strong>Renaldo i Clara<\/strong>, en su versi\u00f3n de <em>L\u2019esperit de la pluja<\/em>. Por otra parte, pens\u00e9 que <strong>Maria<\/strong> quedar\u00eda muy bien en un tema tan intimista como <em>El cel de les can\u00e7ons<\/em>\u00bb.<\/p>\n<h2><\/h2>\n<h2>\n<p>&nbsp;<br \/>\n&nbsp;<br \/>\n<span style=\"color: #993300;\"><strong>El disco de la semana<\/strong><\/span><\/h2>\n<p>&nbsp;<br \/>\n<strong><a href=\"https:\/\/static-blogs.lasprovincias.es\/wp-content\/uploads\/sites\/29\/2017\/10\/candi.jpg\"><img loading=\"lazy\" class=\"alignleft size-thumbnail wp-image-1086\" src=\"https:\/\/static-blogs.lasprovincias.es\/wp-content\/uploads\/sites\/29\/2017\/10\/candi-150x150.jpg\" alt=\"candi\" width=\"150\" height=\"150\" srcset=\"https:\/\/static-blogs.lasprovincias.es\/wp-content\/uploads\/sites\/29\/2017\/10\/candi-150x150.jpg 150w, https:\/\/static-blogs.lasprovincias.es\/wp-content\/uploads\/sites\/29\/2017\/10\/candi-300x298.jpg 300w, https:\/\/static-blogs.lasprovincias.es\/wp-content\/uploads\/sites\/29\/2017\/10\/candi-768x763.jpg 768w, https:\/\/static-blogs.lasprovincias.es\/wp-content\/uploads\/sites\/29\/2017\/10\/candi-1024x1017.jpg 1024w, https:\/\/static-blogs.lasprovincias.es\/wp-content\/uploads\/sites\/29\/2017\/10\/candi.jpg 1200w\" sizes=\"(max-width: 150px) 100vw, 150px\" \/><\/a>C\u00e1ndida<\/strong><br \/>\n<strong><em><a href=\"https:\/\/candida.bandcamp.com\/\" rel=\"external nofollow\">Galgos o podencos<\/a><\/em> (La Viejita M\u00fasica, 2017)<\/strong><\/p>\n<p>Con <em><strong>Arbolito brutal<\/strong><\/em>, el d\u00fao comandado por <strong>Candi Imbern\u00f3n<\/strong> y <strong>Juan Barcala<\/strong> se la jug\u00f3 al todo o nada y dej\u00f3 claro que no hab\u00eda vuelta atr\u00e1s. Aquel desplante en toda regla a los convencionalismos y necesitados de la etiqueta dej\u00f3 franca una senda que, ahora, con <em><strong>Galgos o podencos<\/strong><\/em>, ambos ara\u00f1an de surcos horizontales, verticales y diagonales para deleite de quienes gustan del riesgo y la sorpresa, de la dulce sensaci\u00f3n que produce la incertidumbre de no saber a qu\u00e9 te enfrentas. Ese es el principal motivo por el cual vale demasiado la pena sumergirse en un disco que sigue manteniendo vivo, tanto ese esp\u00edritu sonoro \u00e1rido marca de la casa, que tan certeramente sigue cincelando <strong>Barcala<\/strong>, como ese torrente interpretativo que es capaz de surgir de una inspirada <strong>Candi<\/strong> que contin\u00faa rebotando en los muros de la rabia, el desconsuelo y la ternura bien entendida.<\/p>\n<p>Con la connivencia de <strong>Jos\u00e9 Furi\u00f3 \u2018Txoni\u2019<\/strong>, a la trompeta; <strong>Adri\u00e1n Gonz\u00e1lez<\/strong>, al violonchelo, y el m\u00edtico <strong>Antonio Chumillas \u2018Chumi\u2019<\/strong>, a la arm\u00f3nica, de nuevo vuelve a haber espacio para uno de esos personal\u00edsimos homenajes (en esta ocasi\u00f3n, una casi irreconocible <em>La casa del misterio<\/em>, de <strong>Ilegales<\/strong>), en una criatura sin apenas altibajos. Si <em>Candidiasis<\/em>\u00a0abre la puerta que invita a cruzar la frontera (primero te engatusa para, en su recta final, darte el empuj\u00f3n definitivo), el tema que da t\u00edtulo al disco discurre con misteriosa rotundidad (b\u00e1sica, tanto la trompeta de <strong>Txoni<\/strong>, como la guitarra oscilante de <strong>Barcala<\/strong>), <em>Esclavas<\/em>\u00a0pretende llevarnos al trance tribal, <em>Homenaje<\/em>\u00a0se despacha y despecha, <em>Infecci\u00f3n<\/em>\u00a0arrastra el dolor sin miramientos, <em>Huesos y piel<\/em>\u00a0atrapa con su embriagador ritmo, y los <em>Esperpentos<\/em>\u00a0invitan al viajero, tras tama\u00f1os vaivenes, a salir del trance (el primero), y a mirar hacia atr\u00e1s, con tremenda y agridulce resaca (el segundo).<\/p>\n<!-- AddThis Advanced Settings generic via filter on the_content --><!-- AddThis Share Buttons generic via filter on the_content -->","protected":false},"excerpt":{"rendered":"<p>Julio Bustamante presenta su \u00faltimo disco, \u2018La misi\u00f3n del copiloto\u2019, el 11 de noviembre en el Visonte Bar de la capital valenciana &nbsp; Tras m\u00e1s de 30 a\u00f1os de carrera, hitos pioneros (particip\u00f3, en los 70 del siglo pasado, en la versi\u00f3n valenciana de la \u00f3pera-rock Tommy\u00a0de The Who), incontables proyectos (In Fraganti, Maderita), y [&hellip;]<!-- AddThis Advanced Settings generic via filter on get_the_excerpt --><!-- AddThis Share Buttons generic via filter on get_the_excerpt --><\/p>\n","protected":false},"author":36,"featured_media":0,"comment_status":"open","ping_status":"closed","sticky":false,"template":"","format":"standard","meta":[],"categories":[2,4],"tags":[70,96,644,151,236,645,276],"_links":{"self":[{"href":"https:\/\/blogs.lasprovincias.es\/bandasonora\/wp-json\/wp\/v2\/posts\/1083"}],"collection":[{"href":"https:\/\/blogs.lasprovincias.es\/bandasonora\/wp-json\/wp\/v2\/posts"}],"about":[{"href":"https:\/\/blogs.lasprovincias.es\/bandasonora\/wp-json\/wp\/v2\/types\/post"}],"author":[{"embeddable":true,"href":"https:\/\/blogs.lasprovincias.es\/bandasonora\/wp-json\/wp\/v2\/users\/36"}],"replies":[{"embeddable":true,"href":"https:\/\/blogs.lasprovincias.es\/bandasonora\/wp-json\/wp\/v2\/comments?post=1083"}],"version-history":[{"count":5,"href":"https:\/\/blogs.lasprovincias.es\/bandasonora\/wp-json\/wp\/v2\/posts\/1083\/revisions"}],"predecessor-version":[{"id":1091,"href":"https:\/\/blogs.lasprovincias.es\/bandasonora\/wp-json\/wp\/v2\/posts\/1083\/revisions\/1091"}],"wp:attachment":[{"href":"https:\/\/blogs.lasprovincias.es\/bandasonora\/wp-json\/wp\/v2\/media?parent=1083"}],"wp:term":[{"taxonomy":"category","embeddable":true,"href":"https:\/\/blogs.lasprovincias.es\/bandasonora\/wp-json\/wp\/v2\/categories?post=1083"},{"taxonomy":"post_tag","embeddable":true,"href":"https:\/\/blogs.lasprovincias.es\/bandasonora\/wp-json\/wp\/v2\/tags?post=1083"}],"curies":[{"name":"wp","href":"https:\/\/api.w.org\/{rel}","templated":true}]}}