{"id":125,"date":"2014-01-09T14:52:52","date_gmt":"2014-01-09T13:52:52","guid":{"rendered":"http:\/\/blogs.lasprovincias.es\/bandasonora\/?p=125"},"modified":"2014-01-09T14:52:52","modified_gmt":"2014-01-09T13:52:52","slug":"viva-espana","status":"publish","type":"post","link":"https:\/\/blogs.lasprovincias.es\/bandasonora\/2014\/01\/09\/viva-espana\/","title":{"rendered":"\u00a1Viva Espa\u00f1a!"},"content":{"rendered":"<p style=\"text-align: right;\"><em><strong>&#8220;La historia sigue adelante,<\/strong><\/em><br \/>\n<em><strong>pese a que alguien trata de cambiar el pasado,<\/strong><\/em><br \/>\n<em><strong>para crear un nuevo presente,<\/strong><\/em><br \/>\n<em><strong>sin pensar en el futuro&#8221;<\/strong><\/em><\/p>\n<p style=\"text-align: right;\"><strong><em><a title=\"http:\/\/www.youtube.com\/watch?v=khsG_5vzaQ4\" href=\"http:\/\/www.youtube.com\/watch?v=khsG_5vzaQ4\" target=\"_blank\" rel=\"external nofollow\">El telar de la locura<\/a><\/em>, Carmina Burana (1985)<\/strong><\/p>\n<p>&nbsp;<\/p>\n<p>Posiblemente nos encontremos ante una de las formaciones m\u00e1s at\u00edpicas, peculiares, particulares e inteligentemente descacharrantes de esta parte del planeta. <strong>Espa\u00f1a<\/strong> no es una banda al uso. Vienen, van, atesoran experiencia, \u00bfson nuevos?, han estado, \u00bfestar\u00e1n? Posiblemente, ni a ellos mismos, teniendo en cuenta la idiosincrasia del invento, les acabar\u00e1 entusiasmando que glosemos desde aqu\u00ed su maestr\u00eda punk, repleta de textos maravillosamente absurdos, pero, a grandes rasgos, la culpa de todo viene siendo de <strong>Augusto Sena<\/strong>, <strong>Borja Bosc\u00e0<\/strong> (<strong>Punk Floyd<\/strong>, <strong>Cachalote<\/strong>, <strong>Perro Grande<\/strong>, <strong>Mad Robot<\/strong>, <strong>Ma\u00f1ana Tampoco<\/strong>&#8230;), <strong>\u00d3scar Hillbilly<\/strong> (<strong>Salchicha<\/strong>) y <strong>Pepe Flet\u00e1n<\/strong> (<strong>Wau y los Arrrghs!!!<\/strong>, <strong>Los Blue Marinos<\/strong>, <strong>Loss Cesareas<\/strong>, <strong>Tail<\/strong>, <strong>Los Nigromantes<\/strong>, <strong>Los Fletanes<\/strong>, <strong>Los 5 Ib\u00e9ricos<\/strong>&#8230;). Con <strong>Espa\u00f1a<\/strong>, la verdad, hay quien ha querido ver fantasmas donde no los hay. Lo que es, es, o, como dir\u00edan ellos: <em>&#8220;\u00a1Eso&#8230;, eso es as\u00ed!&#8221;<\/em>. <strong>Espa\u00f1a\u00a0<\/strong>es una banda que se define a s\u00ed misma como &#8220;una movida, que apuesta por el berenjenal y todos aquellos alimentos de aqu\u00ed, de lo que es la tierra&#8221;. Nosotros nos pusimos en contacto con ellos para tratar de saber de sus andanzas en todos estos a\u00f1os, y tuvimos la respuesta que merecemos: &#8220;La banda lleva en activo alrededor de cinco a\u00f1os. Cinco a\u00f1os de duro trabajo, como muestran sus cifras: dos ensayos, tres o cuatro conciertos, diez o doce canciones, y cinco canciones grabadas&#8221;.<\/p>\n<div id=\"attachment_129\" style=\"width: 495px\" class=\"wp-caption aligncenter\"><a href=\"\/bandasonora\/wp-content\/uploads\/sites\/29\/2014\/01\/espana-banda1.jpg\"><img aria-describedby=\"caption-attachment-129\" loading=\"lazy\" class=\" wp-image-129 \" title=\"espana-banda\" src=\"\/bandasonora\/wp-content\/uploads\/sites\/29\/2014\/01\/espana-banda1.jpg\" alt=\"\" width=\"485\" height=\"532\" srcset=\"https:\/\/static-blogs.lasprovincias.es\/wp-content\/uploads\/sites\/29\/2014\/01\/espana-banda1.jpg 809w, https:\/\/static-blogs.lasprovincias.es\/wp-content\/uploads\/sites\/29\/2014\/01\/espana-banda1-274x300.jpg 274w, https:\/\/static-blogs.lasprovincias.es\/wp-content\/uploads\/sites\/29\/2014\/01\/espana-banda1-768x842.jpg 768w\" sizes=\"(max-width: 485px) 100vw, 485px\" \/><\/a><p id=\"caption-attachment-129\" class=\"wp-caption-text\">Simplemente, Espa\u00f1a<\/p><\/div>\n<p>El caso es que a nosotros se nos antoja necesario hacernos eco de su \u00faltima criatura, elaborada con mimo punzante por el incansable m\u00fasico y productor\u00a0<strong>Sergio Devece<\/strong>. <em><strong><a title=\"http:\/\/espanya.bandcamp.com\/album\/episcopalian-irpf\" href=\"http:\/\/espanya.bandcamp.com\/album\/episcopalian-irpf\" target=\"_blank\" rel=\"external nofollow\">Episcopalian IRPF<\/a>\u00a0<\/strong><\/em>es una verdadera regadera s\u00f3nica, ejecutada por el cuarteto de manera tan fren\u00e9tica como asombrosamente convincente (hay tablas detr\u00e1s).<\/p>\n<p>Vendr\u00eda a ser como si unos <strong>Buzzcocks<\/strong> de resaca feliz compartieran piso con unos <strong>Toreros Muertos<\/strong> puestos, y todos ellos decidieran rendir pleites\u00eda al absurdo m\u00e1s inquietante. Tan s\u00f3lo visualizando esa estampa podr\u00edamos ser capaces de enfrentarnos a los cinco temas de este trabajo, que se abre con un, dentro de lo que cabe, comedido <em><a title=\"http:\/\/espanya.bandcamp.com\/track\/contencioso-administrativo-con-un-piloto-de-fascista-air-lines\" href=\"http:\/\/espanya.bandcamp.com\/track\/contencioso-administrativo-con-un-piloto-de-fascista-air-lines\" target=\"_blank\" rel=\"external nofollow\">Contencioso administrativo con un piloto de Fascista Air-Lines<\/a><\/em> que, simplemente, nos avanza (para todo aquel que no sepa de qu\u00e9 va el asunto) lo que se nos viene encima. <em><a title=\"http:\/\/espanya.bandcamp.com\/track\/somos-m-s-de-veintitantos-y-nos-vamos-pa-la-feria-del-mueble-de-edimburgo\" href=\"http:\/\/espanya.bandcamp.com\/track\/somos-m-s-de-veintitantos-y-nos-vamos-pa-la-feria-del-mueble-de-edimburgo\" target=\"_blank\" rel=\"external nofollow\">Somos m\u00e1s de veintitantos y nos vamos pa la Feria del Mueble de Edimburgo<\/a><\/em> es una salvajada mel\u00f3dica que da paso a una de las sucias joyas del invento:\u00a0<em><a title=\"http:\/\/espanya.bandcamp.com\/track\/si-mussolini-y-franco-se-tiran-por-un-barranco-t-tambi-n\" href=\"http:\/\/espanya.bandcamp.com\/track\/si-mussolini-y-franco-se-tiran-por-un-barranco-t-tambi-n\" target=\"_blank\" rel=\"external nofollow\">Si Mussolini y Franco se tiran por un barranco\u200b,\u200b.\u200b.\u200b.\u200b, t\u00fa tambi\u00e9n?<\/a><\/em> Minuto y medio de bombazo punk sin desperdicio y un homenaje a la rima libre (<em>&#8220;Tienes crisis existencial \/ pero no te tires por el lateral \/ tienes crisis existencial \/ pero no te tires por la pendiente&#8221;<\/em>).<\/p>\n<p>Redunda en la contundencia sin compasi\u00f3n (como comprender\u00e1n) <em><a title=\"http:\/\/espanya.bandcamp.com\/track\/putas-y-borrachos-recitando-poetas-gavachos\" href=\"http:\/\/espanya.bandcamp.com\/track\/putas-y-borrachos-recitando-poetas-gavachos\" target=\"_blank\" rel=\"external nofollow\">Putas y borrachos recitando poetas gavachos<\/a><\/em>, y cierra tama\u00f1o invento otro de los baluartes del asunto, <em><a title=\"http:\/\/espanya.bandcamp.com\/track\/trastorno-de-personalidad-m-ltiple\" href=\"http:\/\/espanya.bandcamp.com\/track\/trastorno-de-personalidad-m-ltiple\" target=\"_blank\" rel=\"external nofollow\">Trastorno de personalidad m\u00faltiple<\/a><\/em>, vistoso y elegante tema guitarrero con una de las letras m\u00e1s hipn\u00f3ticas que recordamos (<em>&#8220;Igual eres el embajador de Badajoz en Cuenca \/ que ma\u00f1ana eres Lars Von Trier&#8221;<\/em> o <em>&#8220;Igual eres el Rey de Australia \/ que eres el abogado de Madonna&#8221;<\/em>). Todo un bendito desprop\u00f3sito.<\/p>\n<p>Sobre qu\u00e9 va a pasar con estos temas registrados, efectivamente, ellos son los encargados de aclar\u00e1rnoslo: &#8220;Parece ser que hay gente interesada en editar <em><strong>Episcopalian IRPF<\/strong><\/em> en cassette. Estamos estudiando dicha propuesta. En su defecto, retomaremos la propuesta original que era autoeditarlo en vinilo de 7&#8243;&#8221;. Efectivamente, esa &#8220;gente&#8221; no es otra que la familia de <strong><a title=\"http:\/\/jamonvudu.bandcamp.com\/\" href=\"http:\/\/jamonvudu.bandcamp.com\/\" target=\"_blank\" rel=\"external nofollow\">Jam\u00f3n Vud\u00fa<\/a><\/strong>, un sello &#8220;ultrasecreto&#8221; madrile\u00f1o, que ya ha puesto en circulaci\u00f3n una edici\u00f3n limitada (100 copias) en formato de cl\u00e1sica cinta (han hecho, lo propio, con el <em><strong><a title=\"http:\/\/jamonvudu.bandcamp.com\/album\/nueva-internacional-ep\" href=\"http:\/\/jamonvudu.bandcamp.com\/album\/nueva-internacional-ep\" target=\"_blank\" rel=\"external nofollow\">Nueva Internacional EP<\/a><\/strong><\/em> de los tambi\u00e9n valencianos <strong><a title=\"http:\/\/nuevainternacional.bandcamp.com\/\" href=\"http:\/\/nuevainternacional.bandcamp.com\/\" target=\"_blank\" rel=\"external nofollow\">Nueva Internacional<\/a><\/strong>). Mientras tanto, <strong>Espa\u00f1a<\/strong> se dejar\u00e1n ver, en directo, en el pr\u00f3ximo <em><strong><a title=\"https:\/\/www.facebook.com\/events\/188589541342629\" href=\"https:\/\/www.facebook.com\/events\/188589541342629\" target=\"_blank\" rel=\"external nofollow\">Mongofest 2014<\/a><\/strong><\/em> (autodenominado como <em>Festival de Punk Patrio Intelectual<\/em>), a celebrar en el <strong>Magazine Club<\/strong> de la capital valenciana, en compa\u00f1\u00eda de <strong><a title=\"http:\/\/lamotodefernan1.bandcamp.com\/\" href=\"http:\/\/lamotodefernan1.bandcamp.com\/\" target=\"_blank\" rel=\"external nofollow\">La Moto de Fernan<\/a><\/strong>, <strong><a title=\"http:\/\/bandamuerta.bandcamp.com\/\" href=\"http:\/\/bandamuerta.bandcamp.com\/\" target=\"_blank\" rel=\"external nofollow\">Banda Muerta<\/a><\/strong>, <strong><a title=\"http:\/\/retraseres.bandcamp.com\/\" href=\"http:\/\/retraseres.bandcamp.com\/\" target=\"_blank\" rel=\"external nofollow\">Retraseres<\/a><\/strong> y <strong><a title=\"https:\/\/www.facebook.com\/media\/set\/?set=a.608905402452985.1073741828.231174883559374&#038;type=3\" href=\"https:\/\/www.facebook.com\/media\/set\/?set=a.608905402452985.1073741828.231174883559374&#038;type=3\" target=\"_blank\" rel=\"external nofollow\">Power Balance<\/a><\/strong>.\u00a0A ustedes, tan solo nos queda recomendarles&#8230; pues eso, que tampoco vean fantasmas donde no los hay, y se enfrenten a <strong>Espa\u00f1a<\/strong> como lo que es: una aconsejable aventura repleta de surrealismo, y esp\u00edritu \u00e1crata y festivo.<\/p>\n<p>Y, en parecida (pa-re-ci-da; no se me sulfuren) oda al trallazo c\u00f3smico, aunque a partir de senderos m\u00e1s hardcore, <strong><a title=\"http:\/\/capaje.wordpress.com\/\" href=\"http:\/\/capaje.wordpress.com\/\" target=\"_blank\" rel=\"external nofollow\">Capaje<\/a><\/strong>\u00a0acabaron por convertirse, a finales de la temporada pasada, en una de las sorpresas sonoras valencianas, y una pieza indiscutible en la destacada e inagotable legi\u00f3n de formaciones locales que gustan de la contundencia guitarro-r\u00edtmica: <strong><a title=\"http:\/\/betunizer.bandcamp.com\/\" href=\"http:\/\/betunizer.bandcamp.com\/\" target=\"_blank\" rel=\"external nofollow\">Betunizer<\/a><\/strong>, <strong><a title=\"http:\/\/beginend.bandcamp.com\/\" href=\"http:\/\/beginend.bandcamp.com\/\" target=\"_blank\" rel=\"external nofollow\">BeginEnd<\/a><\/strong>, <strong><a title=\"http:\/\/cuello.bandcamp.com\/\" href=\"http:\/\/cuello.bandcamp.com\/\" target=\"_blank\" rel=\"external nofollow\">Cuello<\/a><\/strong>&#8230;<\/p>\n<div id=\"attachment_126\" style=\"width: 606px\" class=\"wp-caption aligncenter\"><a href=\"\/bandasonora\/wp-content\/uploads\/sites\/29\/2014\/01\/capaje.jpg\"><img aria-describedby=\"caption-attachment-126\" loading=\"lazy\" class=\"wp-image-126  \" title=\"capaje\" src=\"\/bandasonora\/wp-content\/uploads\/sites\/29\/2014\/01\/capaje.jpg\" alt=\"\" width=\"596\" height=\"402\" srcset=\"https:\/\/static-blogs.lasprovincias.es\/wp-content\/uploads\/sites\/29\/2014\/01\/capaje.jpg 851w, https:\/\/static-blogs.lasprovincias.es\/wp-content\/uploads\/sites\/29\/2014\/01\/capaje-300x202.jpg 300w, https:\/\/static-blogs.lasprovincias.es\/wp-content\/uploads\/sites\/29\/2014\/01\/capaje-768x518.jpg 768w\" sizes=\"(max-width: 596px) 100vw, 596px\" \/><\/a><p id=\"caption-attachment-126\" class=\"wp-caption-text\">Capaje, capturados en el momento preciso por Chelo Casta\u00f1<\/p><\/div>\n<p>M\u00e1s de tres a\u00f1os desde su debut en directo, <strong>Carlos<\/strong>, <strong>Pablo<\/strong> y <strong>Jes\u00fas<\/strong> integran uno de los tr\u00edos patrios m\u00e1s sorprendentes y nerviosos de nuestra escena. Dos demos editadas en <a title=\"http:\/\/capaje.bandcamp.com\/album\/capaje-demo\" href=\"http:\/\/capaje.bandcamp.com\/album\/capaje-demo\" target=\"_blank\" rel=\"external nofollow\">2011<\/a> y <a title=\"http:\/\/capaje.bandcamp.com\/album\/demo-2012\" href=\"http:\/\/capaje.bandcamp.com\/album\/demo-2012\" target=\"_blank\" rel=\"external nofollow\">2012<\/a> han dado paso a un destacad\u00edsimo tercer trabajo, grabado en los ya celeb\u00e9rrimos <strong><a title=\"http:\/\/www.blackoutweb.com\/es\/\" href=\"http:\/\/www.blackoutweb.com\/es\/\" target=\"_blank\" rel=\"external nofollow\">Estudios Blackout<\/a><\/strong> por <strong>Paco Morillas<\/strong>, que ha sido mezclado por <strong>Carlos Soler<\/strong>. <em><strong><a title=\"http:\/\/capaje.bandcamp.com\/album\/inagotable-suministro-lp\" href=\"http:\/\/capaje.bandcamp.com\/album\/inagotable-suministro-lp\" target=\"_blank\" rel=\"external nofollow\">Inagotable suministro<\/a><\/strong><\/em>, que desde hace alg\u00fan tiempo ya pudo ser saboreado a trav\u00e9s de la ya imprescindible plataforma de difusi\u00f3n musical <strong>Bandcamp<\/strong>, est\u00e1 a punto de ver la luz en formato f\u00edsico a partir de una tirada limitad\u00edsima en formato vinilo (200 copias) y ced\u00e9 (100 de ellas). En esta edici\u00f3n palpable colaborar\u00e1n varios sellos (una pr\u00e1ctica que comienza a ser habitual); a saber: <strong><a title=\"http:\/\/dsbmrecords.wordpress.com\/\" href=\"http:\/\/dsbmrecords.wordpress.com\/\" target=\"_blank\" rel=\"external nofollow\">Dead Stallion &#038; The Battalion Million<\/a><\/strong>, <strong><a title=\"http:\/\/www.cmr-distri.org\/principal.php?i=ca\" href=\"http:\/\/www.cmr-distri.org\/principal.php?i=ca\" target=\"_blank\" rel=\"external nofollow\">Canya de la Muntanya<\/a><\/strong>, <strong><a title=\"http:\/\/www.discosdeperfil.com\/\" href=\"http:\/\/www.discosdeperfil.com\/\" target=\"_blank\" rel=\"external nofollow\">Discos De Perfil<\/a><\/strong>, <strong><a title=\"https:\/\/www.facebook.com\/SafetyPinsRecordings\" href=\"https:\/\/www.facebook.com\/SafetyPinsRecordings\" target=\"_blank\" rel=\"external nofollow\">The Safety Pin Generation<\/a><\/strong> y <strong><a title=\"https:\/\/www.facebook.com\/culpablerecords\" href=\"https:\/\/www.facebook.com\/culpablerecords\" target=\"_blank\" rel=\"external nofollow\">Culpable Records<\/a><\/strong>.<\/p>\n<p><em><strong>Inagotable suministro<\/strong><\/em> es una atronadora batidora ir\u00f3nico-r\u00edtmica que te atrapa desde la primera escucha. De la salvajemente hipn\u00f3tica <em><a title=\"http:\/\/capaje.bandcamp.com\/track\/dentro-todo-est-permitido\" href=\"http:\/\/capaje.bandcamp.com\/track\/dentro-todo-est-permitido\" target=\"_blank\" rel=\"external nofollow\">Dentro todo est\u00e1 permitido<\/a><\/em> (&#8220;<em>Vivo en un acuario \/ a mis vecinos no pod\u00eda aguantarlos sin ritmo&#8221;<\/em>), a la delirante <em><a title=\"http:\/\/capaje.bandcamp.com\/track\/en-trance-de-tonter-a-inquieta\" href=\"http:\/\/capaje.bandcamp.com\/track\/en-trance-de-tonter-a-inquieta\" target=\"_blank\" rel=\"external nofollow\">En trance de tonter\u00eda inquieta<\/a><\/em>, pasando por la tremendamente <a title=\"http:\/\/capaje.bandcamp.com\/track\/inagotable-suministro\" href=\"http:\/\/capaje.bandcamp.com\/track\/inagotable-suministro\" target=\"_blank\" rel=\"external nofollow\">pegadiza pieza<\/a> que da t\u00edtulo al disco (<em>&#8220;Enti\u00e9rralos con tus ojos \/ No puede salvarse ni uno solo&#8221;<\/em>), la infernal <em><a title=\"http:\/\/capaje.bandcamp.com\/track\/altruismo\" href=\"http:\/\/capaje.bandcamp.com\/track\/altruismo\" target=\"_blank\" rel=\"external nofollow\">Altruismo<\/a><\/em> (<em>&#8220;Soporta el beso \/ Sin perder capacidad neuronal \/ ni el exceso de motricidad&#8221;<\/em>), la cautivadora <em><a title=\"http:\/\/capaje.bandcamp.com\/track\/parrilla-de-sobremesa\" href=\"http:\/\/capaje.bandcamp.com\/track\/parrilla-de-sobremesa\" target=\"_blank\" rel=\"external nofollow\">Parrilla de sobremesa<\/a><\/em> (que demuestra que el tr\u00edo tiene su corazoncito) o una <em><a title=\"http:\/\/capaje.bandcamp.com\/track\/un-parque-cada-dos-metros\" href=\"http:\/\/capaje.bandcamp.com\/track\/un-parque-cada-dos-metros\" target=\"_blank\" rel=\"external nofollow\">Un parque cada dos metros<\/a><\/em>, que alberga uno de los mensajes m\u00e1s desconcertantes de la historia de la m\u00fasica reciente (<em>&#8220;El tiempo es una coz \/ al son de un bolero castrado&#8221;<\/em>), p\u00edldoras de una media de dos minutos de duraci\u00f3n, repletas de rabia incontenida y unas letras sin desperdicio (lo del efecto vocoder\/<strong>Cher<\/strong> de <em><a title=\"http:\/\/capaje.bandcamp.com\/track\/escoje-muere-o-miente\" href=\"http:\/\/capaje.bandcamp.com\/track\/escoje-muere-o-miente\" target=\"_blank\" rel=\"external nofollow\">Escoge: Muere o miente<\/a><\/em>, lo dejamos para otro d\u00eda).<\/p>\n<p>En definitiva, dos buenas y abrasivas opciones (que no s\u00f3lo de pop viven estas lindes), para seguir recomendando el consumo de cultura y, si es cercana y de calidad, mejor que mejor. Por regla general, no se arrepentir\u00e1n.<\/p>\n<p>\u00a1Ah!, y recuerden que, este viernes, el abnegado equipo de <em><strong><a title=\"http:\/\/www.alquimiasonora.com\/\" href=\"http:\/\/www.alquimiasonora.com\/\" target=\"_blank\" rel=\"external nofollow\">Alquimia Sonora<\/a><\/strong><\/em>\u00a0emite el programa dedicado a <strong><a title=\"https:\/\/es-es.facebook.com\/holatortel\" href=\"https:\/\/es-es.facebook.com\/holatortel\" target=\"_blank\" rel=\"external nofollow\">T\u00f3rtel<\/a><\/strong>. Se trata de la entrevista y parte del concierto que la formaci\u00f3n liderada por <strong>Jorge P\u00e9rez<\/strong> ofreci\u00f3 en la <strong>Sala Russafa<\/strong> en diciembre de 2012. Ser\u00e1 a partir de las 21.50 horas, aproximadamente, y se redifundir\u00e1 el martes 14 de enero, a las 14.30 horas. Ya saben, en <em><strong>Metropolitan TV<\/strong><\/em> (si se opta por la TDT), o en <em><strong>LP TV<\/strong><\/em> (si tiramos de <strong>ONO<\/strong>). Bien, \u00bfno?<\/p>\n<p style=\"text-align: center;\"><a href=\"\/bandasonora\/wp-content\/uploads\/sites\/29\/2014\/01\/alquimia-tortel.jpg\"><img loading=\"lazy\" class=\"aligncenter  wp-image-130\" title=\"alquimia-tortel\" src=\"\/bandasonora\/wp-content\/uploads\/sites\/29\/2014\/01\/alquimia-tortel.jpg\" alt=\"\" width=\"480\" height=\"679\" srcset=\"https:\/\/static-blogs.lasprovincias.es\/wp-content\/uploads\/sites\/29\/2014\/01\/alquimia-tortel.jpg 1000w, https:\/\/static-blogs.lasprovincias.es\/wp-content\/uploads\/sites\/29\/2014\/01\/alquimia-tortel-212x300.jpg 212w, https:\/\/static-blogs.lasprovincias.es\/wp-content\/uploads\/sites\/29\/2014\/01\/alquimia-tortel-768x1087.jpg 768w, https:\/\/static-blogs.lasprovincias.es\/wp-content\/uploads\/sites\/29\/2014\/01\/alquimia-tortel-724x1024.jpg 724w\" sizes=\"(max-width: 480px) 100vw, 480px\" \/><\/a><\/p>\n<p>&nbsp;<\/p>\n<!-- AddThis Advanced Settings generic via filter on the_content --><!-- AddThis Share Buttons generic via filter on the_content -->","protected":false},"excerpt":{"rendered":"<p>&#8220;La historia sigue adelante, pese a que alguien trata de cambiar el pasado, para crear un nuevo presente, sin pensar en el futuro&#8221; El telar de la locura, Carmina Burana (1985) &nbsp; Posiblemente nos encontremos ante una de las formaciones m\u00e1s at\u00edpicas, peculiares, particulares e inteligentemente descacharrantes de esta parte del planeta. Espa\u00f1a no es [&hellip;]<!-- AddThis Advanced Settings generic via filter on get_the_excerpt --><!-- AddThis Share Buttons generic via filter on get_the_excerpt --><\/p>\n","protected":false},"author":36,"featured_media":0,"comment_status":"open","ping_status":"closed","sticky":false,"template":"","format":"standard","meta":[],"categories":[2],"tags":[24,53,56,72,104,156],"_links":{"self":[{"href":"https:\/\/blogs.lasprovincias.es\/bandasonora\/wp-json\/wp\/v2\/posts\/125"}],"collection":[{"href":"https:\/\/blogs.lasprovincias.es\/bandasonora\/wp-json\/wp\/v2\/posts"}],"about":[{"href":"https:\/\/blogs.lasprovincias.es\/bandasonora\/wp-json\/wp\/v2\/types\/post"}],"author":[{"embeddable":true,"href":"https:\/\/blogs.lasprovincias.es\/bandasonora\/wp-json\/wp\/v2\/users\/36"}],"replies":[{"embeddable":true,"href":"https:\/\/blogs.lasprovincias.es\/bandasonora\/wp-json\/wp\/v2\/comments?post=125"}],"version-history":[{"count":0,"href":"https:\/\/blogs.lasprovincias.es\/bandasonora\/wp-json\/wp\/v2\/posts\/125\/revisions"}],"wp:attachment":[{"href":"https:\/\/blogs.lasprovincias.es\/bandasonora\/wp-json\/wp\/v2\/media?parent=125"}],"wp:term":[{"taxonomy":"category","embeddable":true,"href":"https:\/\/blogs.lasprovincias.es\/bandasonora\/wp-json\/wp\/v2\/categories?post=125"},{"taxonomy":"post_tag","embeddable":true,"href":"https:\/\/blogs.lasprovincias.es\/bandasonora\/wp-json\/wp\/v2\/tags?post=125"}],"curies":[{"name":"wp","href":"https:\/\/api.w.org\/{rel}","templated":true}]}}