{"id":137,"date":"2014-01-23T12:15:54","date_gmt":"2014-01-23T11:15:54","guid":{"rendered":"http:\/\/blogs.lasprovincias.es\/bandasonora\/?p=137"},"modified":"2014-01-23T12:15:54","modified_gmt":"2014-01-23T11:15:54","slug":"es-la-hora-del-te","status":"publish","type":"post","link":"https:\/\/blogs.lasprovincias.es\/bandasonora\/2014\/01\/23\/es-la-hora-del-te\/","title":{"rendered":"Es la hora del t\u00e9"},"content":{"rendered":"<p style=\"text-align: right;\"><em><strong>&#8220;Buenos d\u00edas, se\u00f1or,<\/strong><\/em><br \/>\n<em><strong>buenos d\u00edas, y adi\u00f3s,<\/strong><\/em><br \/>\n<em><strong>voy diciendo a todo el que me mira.<\/strong><\/em><br \/>\n<em><strong>Es como sentir un nuevo af\u00e1n de vivir&#8221;<\/strong><\/em><\/p>\n<p style=\"text-align: right;\"><strong><em><a title=\"http:\/\/www.goear.com\/listen\/8e370d7\/buenos-dias-senor-els-cinc-chics\" href=\"http:\/\/www.goear.com\/listen\/8e370d7\/buenos-dias-senor-els-cinc-chics\" target=\"_blank\" rel=\"external nofollow\">Buenos d\u00edas, se\u00f1or<\/a><\/em>, Els 5 Xics (1972)<\/strong><\/p>\n<p>&nbsp;<\/p>\n<p>Elegir el nombre que va a identificar a tu grupo no deber\u00eda ser tarea f\u00e1cil. Esa etiqueta va a marcarte de por vida, y, lo que es m\u00e1s importante, influir\u00e1 incre\u00edblemente en la opci\u00f3n de la mayor\u00eda de los mortales para decidir si elige este o aquel disco (en su habitual tienda virtual o f\u00edsica), pincha este o aquel enlace o v\u00eddeo en la Red, u opta por acudir a aquel o este concierto. Adem\u00e1s, para bien o para mal, una etiqueta que no tenga mucho que ver con el estilo que cultivas (o que quieres vender) puede acabar despistando al personal. Con <strong><a title=\"http:\/\/www.lahoradeltemusic.com\/\" href=\"http:\/\/www.lahoradeltemusic.com\/\" target=\"_blank\" rel=\"external nofollow\">La Hora del T\u00e9<\/a><\/strong> pasa algo curioso: As\u00ed, de primeras, su nombre parece tener poco que ver con el proyecto global en s\u00ed, una vez te adentras en \u00e9l y lo conoces. Personalmente, a nosotros nos pas\u00f3 la primera vez que supimos del cuarteto sin haber escuchado sus melod\u00edas. Y, gracias al destino, superamos la absurda costumbre de dejarse llevar por el envoltorio y la pegatina, y optamos por sumergirnos en su trabajo hom\u00f3nimo para comprobar que nos encontr\u00e1bamos ante una de esas criaturas que maravilla descubrir que son capaces de gestarse desde tierras valencianas.<\/p>\n<p>As\u00ed que, para conseguir que aquellos desafortunados que todav\u00eda no sepan de ellos tambi\u00e9n prueben las bondades de estos ocho temas registrados en <strong><a title=\"http:\/\/www.millenia.es\/\" href=\"http:\/\/www.millenia.es\/\" target=\"_blank\" rel=\"external nofollow\">Millenia Estudios<\/a><\/strong>, no entraremos en absurdas disquisiciones, y nos limitaremos a apuntar que, pese a que algunos referentes de la banda son (en ocasiones demasiado) obvios, a grandes rasgos, si se animan a apostar por <strong>La Hora del T\u00e9<\/strong> tendr\u00e1n la suerte de toparse con un buen gusto interpretativo y compositivo que bebe, sobre todo, y como ellos afirman, del rock y del folk, pero que va m\u00e1s all\u00e1. Su querencia por los ambientes emocionantes, en ocasiones, casi \u00e9picos (pero, no empalagosos) es elegante y tremendamente agridulce. Saben combinar l\u00facidas guitarras con profundas r\u00e1fagas de piano y Hammond, de forma certera y s\u00f3lida. En definitiva, <strong>Adri\u00e1n Barber\u00e1<\/strong>, <strong>Arturo Miquel,<\/strong>\u00a0<strong>Alejandro Sales<\/strong>\u00a0y <strong>Pau Garc\u00eda-Serra<\/strong>\u00a0se han trabajado, en compa\u00f1\u00eda de <strong>Guille Espert<\/strong> y\u00a0<strong>Vicent Or\u00f3n<\/strong>,\u00a0<a title=\"http:\/\/lahoradelte.bandcamp.com\/\" href=\"http:\/\/lahoradelte.bandcamp.com\/\" target=\"_blank\" rel=\"external nofollow\">un disco<\/a> que es una aut\u00e9ntica gozada, y que puede ser descargado gratuitamente desde las diferentes webs de la banda. Te invade un buen rollo incre\u00edble cuando vuelves a toparte con una creaci\u00f3n a la que no le sobra ni un solo corte, y llegas a la feliz conclusi\u00f3n de que ha sido gestada a un pu\u00f1ado de kil\u00f3metros de donde vives. De las reconstituyentes\u00a0<em><a title=\"http:\/\/lahoradelte.bandcamp.com\/track\/hold-me-tonight\" href=\"http:\/\/lahoradelte.bandcamp.com\/track\/hold-me-tonight\" target=\"_blank\" rel=\"external nofollow\">Hold Me Tonight<\/a>\u00a0<\/em>o<em> <a title=\"http:\/\/lahoradelte.bandcamp.com\/track\/arizona\" href=\"http:\/\/lahoradelte.bandcamp.com\/track\/arizona\" target=\"_blank\" rel=\"external nofollow\">Arizona<\/a><\/em>, a las sugerentes\u00a0<em><a title=\"http:\/\/lahoradelte.bandcamp.com\/track\/at-the-top-of-the-tree\" href=\"http:\/\/lahoradelte.bandcamp.com\/track\/at-the-top-of-the-tree\" target=\"_blank\" rel=\"external nofollow\">At the Top of the Tree<\/a><\/em> o <em><a title=\"http:\/\/lahoradelte.bandcamp.com\/track\/dire-straits\" href=\"http:\/\/lahoradelte.bandcamp.com\/track\/dire-straits\" target=\"_blank\" rel=\"external nofollow\">Dire Straits<\/a><\/em>, pasando por la desafiante <em><a title=\"http:\/\/lahoradelte.bandcamp.com\/track\/trying-to-go-home\" href=\"http:\/\/lahoradelte.bandcamp.com\/track\/trying-to-go-home\" target=\"_blank\" rel=\"external nofollow\">Trying to Go Home<\/a><\/em> (esa r\u00edtmica, esos teclados), o la escalofriante\u00a0<em><a title=\"http:\/\/lahoradelte.bandcamp.com\/track\/dont-believe-in-ghosts\" href=\"http:\/\/lahoradelte.bandcamp.com\/track\/dont-believe-in-ghosts\" target=\"_blank\" rel=\"external nofollow\">Don&#8217;t Believe in Ghosts<\/a><\/em>. Sin desperdicio.<\/p>\n<p>&nbsp;<br \/>\n<div id=\"attachment_139\" style=\"width: 523px\" class=\"wp-caption aligncenter\"><a href=\"\/bandasonora\/wp-content\/uploads\/sites\/29\/2014\/01\/hora-te.jpg\"><img aria-describedby=\"caption-attachment-139\" loading=\"lazy\" class=\" wp-image-139 \" title=\"hora-te\" src=\"\/bandasonora\/wp-content\/uploads\/sites\/29\/2014\/01\/hora-te.jpg\" alt=\"\" width=\"513\" height=\"366\" srcset=\"https:\/\/static-blogs.lasprovincias.es\/wp-content\/uploads\/sites\/29\/2014\/01\/hora-te.jpg 570w, https:\/\/static-blogs.lasprovincias.es\/wp-content\/uploads\/sites\/29\/2014\/01\/hora-te-300x214.jpg 300w\" sizes=\"(max-width: 513px) 100vw, 513px\" \/><\/a><p id=\"caption-attachment-139\" class=\"wp-caption-text\">La Hora del T\u00e9: Tocando la tecla correcta<\/p><\/div><\/p>\n<p>El caso es que hemos querido recuperar esta m\u00e1s que recomendable criatura y las buenas maneras de <strong>La Hora del T\u00e9<\/strong> porque, afortunados de nosotros, la banda act\u00faa este s\u00e1bado en <strong><a title=\"http:\/\/www.wahwahclub.es\/inicio\" href=\"http:\/\/www.wahwahclub.es\/inicio\" target=\"_blank\" rel=\"external nofollow\">Wah-Wah<\/a><\/strong>. Lo har\u00e1 acompa\u00f1ando a <strong>Smile<\/strong>. Los de Getxo han dado buena cuenta de su pasi\u00f3n por el pop y el folk m\u00e1s mel\u00f3dicos a trav\u00e9s de su \u00faltimo disco, <em><strong><a title=\"http:\/\/www.rtve.es\/alacarta\/videos\/los-conciertos-de-radio-3\/conciertos-radio-3-smile\/2292427\/\" href=\"http:\/\/www.rtve.es\/alacarta\/videos\/los-conciertos-de-radio-3\/conciertos-radio-3-smile\/2292427\/\" target=\"_blank\" rel=\"external nofollow\">Out of Season<\/a><\/strong><\/em> (<strong>Warner<\/strong>, 2013), que vienen a presentar a tierras valencianas.<\/p>\n<p>Un d\u00eda antes, eso s\u00ed, otra cita se nos antoja m\u00e1s que atractiva. En 1981 (vamos, hace unos 33 a\u00f1os), nuestro (en los \u00faltimos a\u00f1os salvajemente reivindicado) <strong>Julio Bustamante<\/strong> cre\u00f3 <em><strong>Cambrers<\/strong><\/em> (<strong>Anec<\/strong>), una de las bases del hoy, de nuevo de moda, pop mediterr\u00e1neo. Como, por aquel entonces, <em><strong>OT<\/strong><\/em> no exist\u00eda, <strong>Julio<\/strong> era conocido (lo sigui\u00f3 siendo durante muchos a\u00f1os, y lo sigue siendo para muchos de nosotros) como <strong>Bustamante<\/strong>, uno de los personajes musicales m\u00e1s entra\u00f1ables y personal\u00edsimos del universo valenciano. Aquel disco est\u00e1 considerado, hoy por hoy, como una de las referencias hist\u00f3ricas elementales de\u00a0nuestra historia sonora, gracias a piezas de una sonoridad y luminosidad incuestionables como <em>Estimada germana<\/em>, <em>Jove Carolina<\/em> o <em>Senyoreta X<\/em>, y unos textos descarados y frescos.<\/p>\n<p>&nbsp;<br \/>\n<iframe loading=\"lazy\" src=\"\/\/www.youtube.com\/embed\/PRUyHbYsUTo\" frameborder=\"0\" width=\"420\" height=\"315\"><\/iframe><br \/>\n&nbsp;<\/p>\n<p>Todas ellas sonar\u00e1n este viernes, d\u00eda 24, en <strong><a title=\"http:\/\/www.salamatisse.es\/\" href=\"http:\/\/www.salamatisse.es\/\" target=\"_blank\" rel=\"external nofollow\">Matisse<\/a><\/strong>, donde nuestro gran e incomparable protagonista\u00a0se rodear\u00e1 de un selecto grupo de amigos (suenan <strong>T\u00f3rtel<\/strong>, <strong>Alberto Tar\u00edn<\/strong>, <strong>\u00d2scar Briz<\/strong> o <strong>Manolo Taranc\u00f3n<\/strong>). Entre ellos, la banda catalana <strong><a title=\"http:\/\/www.fredison.com\/\" href=\"http:\/\/www.fredison.com\/\" target=\"_blank\" rel=\"external nofollow\">Fred i Son<\/a><\/strong>, que acompa\u00f1ar\u00e1 al genial creador. Adem\u00e1s, tambi\u00e9n pisar\u00e1 el escenario de la sala de la calle Campoamor la familia de <strong><a title=\"http:\/\/lagranalianza.com\/shows\/\" href=\"http:\/\/lagranalianza.com\/shows\/\" target=\"_blank\" rel=\"external nofollow\">La Gran Alianza<\/a><\/strong>, una de las incontables referencias valencianas que han venido rindiendo pleites\u00eda a <strong>Julio<\/strong>. Tras haber participado en alg\u00fan que otro homenaje al creador, de hecho,\u00a0<strong>Vanessa Prado<\/strong>, <strong>Iv\u00e1n Vega<\/strong> y compa\u00f1\u00eda decidieron meterse en el estudio de grabaci\u00f3n, e idearon un ep\u00e9 con cuatro temas del propio <strong>Bustamante<\/strong>, pasados por el tamiz el\u00e9ctrico de <strong>La Gran Alianza<\/strong> (edita <strong>Comboi Records<\/strong>). El resultado es una <a title=\"http:\/\/lagranalianza.bandcamp.com\/album\/la-gran-alianza-y-julio-bustamante\" href=\"http:\/\/lagranalianza.bandcamp.com\/album\/la-gran-alianza-y-julio-bustamante\" target=\"_blank\" rel=\"external nofollow\">certera aventura<\/a> repleta de sinceridad y dignidad, que tambi\u00e9n ser\u00e1 desgranada este viernes en la que se antoja, una celebraci\u00f3n repleta de emotividad y compadreo. El clip de uno de esos temas,\u00a0<em><strong>Una ensaimada considerable<\/strong><\/em>, ha corrido a cargo de <strong>\u00c1ngelo Moreno<\/strong>.<\/p>\n<p>&nbsp;<br \/>\n<iframe loading=\"lazy\" src=\"\/\/www.youtube.com\/embed\/5aVjDJfRifE\" frameborder=\"0\" width=\"560\" height=\"315\"><\/iframe><br \/>\n&nbsp;<\/p>\n<p>Quien tambi\u00e9n anda que no para es el bueno de <strong><a title=\"https:\/\/www.facebook.com\/heilgilber\" href=\"https:\/\/www.facebook.com\/heilgilber\" target=\"_blank\" rel=\"external nofollow\">Gilbert\u00e1stico<\/a><\/strong>; ese ser absolutamente inquieto y apasionado del barroco-vanguardismo. El virtuoso artista, uno de esos particulares y numerosos creadores que hacen que la escena musical valenciana actual goce de un colorido especial, acaba de estrenar su primer larga duraci\u00f3n (digamos) instrumental. Se trata de <em><strong><a title=\"http:\/\/gilbertastico.bandcamp.com\/album\/m-sica-inframental\" href=\"http:\/\/gilbertastico.bandcamp.com\/album\/m-sica-inframental\" target=\"_blank\" rel=\"external nofollow\">M\u00fasica inframental<\/a><\/strong><\/em> un disco, seg\u00fan \u00e9l, &#8220;creciente, en el que s\u00f3lo los instrumentos hablan, melod\u00edas encontradas en los rincones polvorientos de la mente, juntas y engarzadas, danzando&#8221;. Lo m\u00e1s curioso del asunto es que la criatura forma parte de una particular estrategia (lo que vendr\u00eda a ser un <em>disc-founding<\/em>), cuyo principal objetivo es el de recaudar fondos para la concreci\u00f3n de la pr\u00f3xima aventura sonora de nuestro protagonista, que llevar\u00e1 por t\u00edtulo <em><strong>El que corre con los b\u00fafalos<\/strong><\/em>, registrado desde octubre en <strong>Estudio Establo<\/strong>, junto a <strong>Fernando Polaino<\/strong> en la producci\u00f3n, y que se encuentra en la recta final de su proceso de gestaci\u00f3n.<\/p>\n<p>En resumidas cuentas, hay tres formas de descargarse este <em><strong>M\u00fasica inframental<\/strong><\/em>\u00a0(se trata de un proyecto exclusivamente digital): de manera totalmente gratuita, pagando 4 euros, o desembolsando 25. En los dos \u00faltimos casos, como es de prever, lo recaudado por <strong>Gilbert\u00e1stico<\/strong> ser\u00e1 destinado a la producci\u00f3n de <em><strong>El que corre con los b\u00fafalos<\/strong><\/em>. Pagando 4 euros, nuestro nombre aparecer\u00e1 en el cuadro de honor del disco. Si disponemos de 25 euros y optamos por invertirlos en esta aventura, ser\u00e1n nuestros, tanto <em><strong>M\u00fasica inframental<\/strong><\/em>, como el futuro <em><strong>El que corre con los b\u00fafalos<\/strong><\/em>\u00a0(dedicado, y en formato vinilo, con ilustraciones de <strong>Aitana Carrasco<\/strong> y fotograf\u00eda de <strong>Juan Terol<\/strong>), adem\u00e1s de una sorpresa que recibiremos en nuestro propio domicilio.<\/p>\n<p>Seg\u00fan afirma el propio <strong>Gilbert\u00e1stico,<\/strong>\u00a0<em><strong>M\u00fasica inframental<\/strong><\/em>\u00a0surgi\u00f3 en mitad de sus dos \u00faltimos trabajos, <em><strong><a title=\"http:\/\/gilbertastico.bandcamp.com\/album\/heil-gilber-lbum-2012\" href=\"http:\/\/gilbertastico.bandcamp.com\/album\/heil-gilber-lbum-2012\" target=\"_blank\" rel=\"external nofollow\">Heil Gilber<\/a><\/strong><\/em>\u00a0y el mencionado <em><strong>El que corre con los b\u00fafalos<\/strong><\/em>, y para su construcci\u00f3n ha contado con la colaboraci\u00f3n de un pu\u00f1ado de buenos amigos. <strong>Alberto Montero<\/strong>,\u00a0en <em><a title=\"http:\/\/gilbertastico.bandcamp.com\/track\/el-tipo-m-s-amable-del-ayuntamiento\" href=\"http:\/\/gilbertastico.bandcamp.com\/track\/el-tipo-m-s-amable-del-ayuntamiento\" target=\"_blank\" rel=\"external nofollow\">El tipo m\u00e1s amable del Ayuntamiento<\/a><\/em>; el incomparable y (tambi\u00e9n) inquieto <strong>Caballero Reynaldo<\/strong>, en <em><a title=\"http:\/\/gilbertastico.bandcamp.com\/track\/algunos-faros-ser-n-hoteles\" href=\"http:\/\/gilbertastico.bandcamp.com\/track\/algunos-faros-ser-n-hoteles\" target=\"_blank\" rel=\"external nofollow\">Algunos faros ser\u00e1n hoteles<\/a><\/em>; <strong>Sabina Pascual<\/strong>, en <em><a title=\"http:\/\/gilbertastico.bandcamp.com\/track\/y-al-cortar-la-carne-brot-el-aceite\" href=\"http:\/\/gilbertastico.bandcamp.com\/track\/y-al-cortar-la-carne-brot-el-aceite\" target=\"_blank\" rel=\"external nofollow\">Y al cortar la carne brot\u00f3 el aceite<\/a><\/em>;\u00a0<strong>Javier L. Hidalgo<\/strong>, en <em><a title=\"http:\/\/gilbertastico.bandcamp.com\/track\/declaraci-n-de-amor-en-los-cr-ditos-del-videojuego\" href=\"http:\/\/gilbertastico.bandcamp.com\/track\/declaraci-n-de-amor-en-los-cr-ditos-del-videojuego\" target=\"_blank\" rel=\"external nofollow\">Declaraci\u00f3n de amor en los cr\u00e9ditos del videojuego<\/a><\/em>, y <strong>Alain Dupl\u00e1a<\/strong>, en <em><a title=\"http:\/\/gilbertastico.bandcamp.com\/track\/inventar-el-primer-lanzahielos-y-no-patentarlo\" href=\"http:\/\/gilbertastico.bandcamp.com\/track\/inventar-el-primer-lanzahielos-y-no-patentarlo\" target=\"_blank\" rel=\"external nofollow\">Inventar el primer lanzahielos y no patentarlo<\/a><\/em>.<\/p>\n<p>&nbsp;<br \/>\n<div id=\"attachment_140\" style=\"width: 534px\" class=\"wp-caption aligncenter\"><a href=\"\/bandasonora\/wp-content\/uploads\/sites\/29\/2014\/01\/gilber.jpg\"><img aria-describedby=\"caption-attachment-140\" loading=\"lazy\" class=\" wp-image-140 \" title=\"gilber\" src=\"\/bandasonora\/wp-content\/uploads\/sites\/29\/2014\/01\/gilber.jpg\" alt=\"\" width=\"524\" height=\"448\" srcset=\"https:\/\/static-blogs.lasprovincias.es\/wp-content\/uploads\/sites\/29\/2014\/01\/gilber.jpg 749w, https:\/\/static-blogs.lasprovincias.es\/wp-content\/uploads\/sites\/29\/2014\/01\/gilber-300x256.jpg 300w\" sizes=\"(max-width: 524px) 100vw, 524px\" \/><\/a><p id=\"caption-attachment-140\" class=\"wp-caption-text\">Gilbert\u00e1stico pone su mente al sol<\/p><\/div><\/p>\n<p>Porque lo de la apuesta por tirar del buen rollo y la complicidad de fans y amantes de la m\u00fasica para financiarse la grabaci\u00f3n de un disco se ha convertido en una de las opciones m\u00e1s frecuentadas por aquellos que no disponen de un apoyo econ\u00f3mico importante para dedicarse a esto de la m\u00fasica (vamos, la mayor\u00eda). <strong><a title=\"http:\/\/www.arcanahassoul.com\/\" href=\"http:\/\/www.arcanahassoul.com\/\" target=\"_blank\" rel=\"external nofollow\">Arcana Has Soul<\/a><\/strong>, precisamente, pudieron crear su magn\u00edfico \u00faltimo larga duraci\u00f3n, <em><strong><a title=\"http:\/\/arcanahassoul.bandcamp.com\/album\/easy-living-room\" href=\"http:\/\/arcanahassoul.bandcamp.com\/album\/easy-living-room\" target=\"_blank\" rel=\"external nofollow\">Easy Living Room<\/a><\/strong><\/em> (<strong><a title=\"http:\/\/piar-records.bandcamp.com\/\" href=\"http:\/\/piar-records.bandcamp.com\/\" target=\"_blank\" rel=\"external nofollow\">P.I.A. Records<\/a><\/strong>, 2013), gracias a la voluntad del respetable. Los saguntinos, que siguen paseando sus buenas vibraciones por los escenarios (el\u00a025 y 26 de este mes, en el <strong>Centro Cultural Mario Monreal<\/strong> de la localidad de Camp de Morvedre), acaban de presentar, precisamente, su \u00faltimo v\u00eddeo-clip. Se trata de <em>Sunshine<\/em>, realizado por el equipo de <strong><a title=\"https:\/\/www.facebook.com\/CasiopeaCollective\" href=\"https:\/\/www.facebook.com\/CasiopeaCollective\" target=\"_blank\" rel=\"external nofollow\">Casiopea Collective<\/a><\/strong>, y emana ese esp\u00edritu mediterr\u00e1neo y brillante, tan caracter\u00edstico de la banda liderada por la encantadora <strong>Lourdes Trujillo<\/strong>.<\/p>\n<p>&nbsp;<br \/>\n<iframe loading=\"lazy\" src=\"\/\/www.youtube.com\/embed\/oTgIHgB29FI\" frameborder=\"0\" width=\"560\" height=\"315\"><\/iframe><br \/>\n&nbsp;<\/p>\n<p>Y, hablando de estrenos, tambi\u00e9n esta semana hemos sabido de la puesta de largo del primer sencillo extra\u00eddo de una de las referencias sonoras m\u00e1s esperadas de la temporada, el nuevo disco de <strong><a title=\"http:\/\/lahabitacionroja.com\/\" href=\"http:\/\/lahabitacionroja.com\/\" target=\"_blank\" rel=\"external nofollow\">La Habitaci\u00f3n Roja<\/a><\/strong>, que llevar\u00e1 por t\u00edtulo <em><strong>La moneda en el aire<\/strong><\/em>. Los de L&#8217;Eliana ya se han desmarcado con una de las primeras gemas de un trabajo que promete. Se trata del tema <em>Si t\u00fa te vas (Magn\u00edfica desolaci\u00f3n)<\/em> y, como el resto de composiciones, ha sido grabado en los <strong>Rockfield Studios<\/strong> galeses, y producido por <strong>Santi Garc\u00eda<\/strong>. El larga duraci\u00f3n estar\u00e1 a la venta, en febrero, y ser\u00e1 presentado en la capital valenciana el 29 de marzo.<\/p>\n<p>&nbsp;<br \/>\n<iframe loading=\"lazy\" src=\"https:\/\/embed.spotify.com\/?uri=spotify:track:069Fkc6gh5gyskm7wfOSpA\" frameborder=\"0\" width=\"300\" height=\"380\"><\/iframe><br \/>\n&nbsp;<\/p>\n<p>Y cerramos esta cascada de estrenos y buenas nuevas, precisamente con el \u00faltimo clip de otros grandes de nuestra escena. Los imprescindibles <strong><a title=\"http:\/\/www.srmostaza.com\/\" href=\"http:\/\/www.srmostaza.com\/\" target=\"_blank\" rel=\"external nofollow\">Se\u00f1or Mostaza<\/a><\/strong> acaban de ofrecernos al resto de los mortales (lo hicieron, en exclusiva, a trav\u00e9s de <em><strong><a title=\"http:\/\/www.efeeme.com\/\" href=\"http:\/\/www.efeeme.com\/\" target=\"_blank\" rel=\"external nofollow\">EFE EME<\/a><\/strong><\/em>) el v\u00eddeo de <em>Solo quiero llegar<\/em>, uno de los temas de su magn\u00edfico <em><strong><a title=\"http:\/\/srmostaza.bandcamp.com\/album\/delitos-y-faltas\" href=\"http:\/\/srmostaza.bandcamp.com\/album\/delitos-y-faltas\" target=\"_blank\" rel=\"external nofollow\">Delitos y faltas<\/a><\/strong><\/em> (<strong><a title=\"http:\/\/www.halloffame.es\/\" href=\"http:\/\/www.halloffame.es\/\" target=\"_blank\" rel=\"external nofollow\">Hall of Fame<\/a><\/strong>, 2013). Rodada en la <strong><a title=\"http:\/\/www.salarussafa.es\/programacion-2\/\" href=\"http:\/\/www.salarussafa.es\/programacion-2\/\" target=\"_blank\" rel=\"external nofollow\">Sala Russafa<\/a><\/strong>, bajo la direcci\u00f3n de <strong>Alejandro Portaz<\/strong> a partir de una idea de <strong>Javier Gonz\u00e1lez<\/strong>, la producci\u00f3n, de una calidad incuestionable, es un verdadero soplo de optimismo altamente recomendable.<\/p>\n<p>&nbsp;<br \/>\n<iframe loading=\"lazy\" src=\"\/\/www.youtube.com\/embed\/gMY6dzTrE9A\" frameborder=\"0\" width=\"560\" height=\"315\"><\/iframe><br \/>\n&nbsp;<\/p>\n<p>M\u00fasica nuestra, que se escucha y se puede ver&#8230; en vivo, o en la peque\u00f1a pantalla, porque la inagotable tribu de <em><strong><a title=\"http:\/\/www.alquimiasonora.com\/\" href=\"http:\/\/www.alquimiasonora.com\/\" target=\"_blank\" rel=\"external nofollow\">Alquimia Sonora<\/a><\/strong><\/em> nos ofrece, tambi\u00e9n este viernes 24 (21.50 horas), el directo que <strong><a title=\"http:\/\/malatestarecords.bandcamp.com\/album\/la-disoluci-n-dom-stica\" href=\"http:\/\/malatestarecords.bandcamp.com\/album\/la-disoluci-n-dom-stica\" target=\"_blank\" rel=\"external nofollow\">N\u00e9stor Mir y La Disoluci\u00f3n Dom\u00e9stica<\/a><\/strong> brindaron en <strong>Wah-Wah<\/strong>, junto a <strong><a title=\"http:\/\/www.doctordivago.com\/\" href=\"http:\/\/www.doctordivago.com\/\" target=\"_blank\" rel=\"external nofollow\">Doctor Divago<\/a><\/strong>, el pasado 7 de diciembre de 2013. En <strong>Metropolitan TV<\/strong> (TDT), o en <strong>LP TV<\/strong> (<strong>ONO<\/strong>). Ah, y habr\u00e1 redifusi\u00f3n el pr\u00f3ximo martes, 28 de enero, a las 14.30 horas.<\/p>\n<p style=\"text-align: center;\"><a href=\"\/bandasonora\/wp-content\/uploads\/sites\/29\/2014\/01\/nestor-mir.jpg\"><img loading=\"lazy\" class=\"aligncenter  wp-image-141\" title=\"nestor-mir\" src=\"\/bandasonora\/wp-content\/uploads\/sites\/29\/2014\/01\/nestor-mir.jpg\" alt=\"\" width=\"420\" height=\"594\" srcset=\"https:\/\/static-blogs.lasprovincias.es\/wp-content\/uploads\/sites\/29\/2014\/01\/nestor-mir.jpg 1000w, https:\/\/static-blogs.lasprovincias.es\/wp-content\/uploads\/sites\/29\/2014\/01\/nestor-mir-212x300.jpg 212w, https:\/\/static-blogs.lasprovincias.es\/wp-content\/uploads\/sites\/29\/2014\/01\/nestor-mir-768x1087.jpg 768w, https:\/\/static-blogs.lasprovincias.es\/wp-content\/uploads\/sites\/29\/2014\/01\/nestor-mir-724x1024.jpg 724w\" sizes=\"(max-width: 420px) 100vw, 420px\" \/><\/a><\/p>\n<p>En definitiva, buenas ondas para cerrar un listado de interesantes y recomendables creaciones surgidas de la tierra, que nos obligan, sin duda, a seguir invit\u00e1ndoles a consumir cultura y, si es cercana y de calidad, mejor que mejor. Por regla general, no se arrepentir\u00e1n.<\/p>\n<!-- AddThis Advanced Settings generic via filter on the_content --><!-- AddThis Share Buttons generic via filter on the_content -->","protected":false},"excerpt":{"rendered":"<p>&#8220;Buenos d\u00edas, se\u00f1or, buenos d\u00edas, y adi\u00f3s, voy diciendo a todo el que me mira. Es como sentir un nuevo af\u00e1n de vivir&#8221; Buenos d\u00edas, se\u00f1or, Els 5 Xics (1972) &nbsp; Elegir el nombre que va a identificar a tu grupo no deber\u00eda ser tarea f\u00e1cil. Esa etiqueta va a marcarte de por vida, y, [&hellip;]<!-- AddThis Advanced Settings generic via filter on get_the_excerpt --><!-- AddThis Share Buttons generic via filter on get_the_excerpt --><\/p>\n","protected":false},"author":36,"featured_media":0,"comment_status":"open","ping_status":"closed","sticky":false,"template":"","format":"standard","meta":[],"categories":[2,3,4],"tags":[38,183,236,261,264,265,504],"_links":{"self":[{"href":"https:\/\/blogs.lasprovincias.es\/bandasonora\/wp-json\/wp\/v2\/posts\/137"}],"collection":[{"href":"https:\/\/blogs.lasprovincias.es\/bandasonora\/wp-json\/wp\/v2\/posts"}],"about":[{"href":"https:\/\/blogs.lasprovincias.es\/bandasonora\/wp-json\/wp\/v2\/types\/post"}],"author":[{"embeddable":true,"href":"https:\/\/blogs.lasprovincias.es\/bandasonora\/wp-json\/wp\/v2\/users\/36"}],"replies":[{"embeddable":true,"href":"https:\/\/blogs.lasprovincias.es\/bandasonora\/wp-json\/wp\/v2\/comments?post=137"}],"version-history":[{"count":0,"href":"https:\/\/blogs.lasprovincias.es\/bandasonora\/wp-json\/wp\/v2\/posts\/137\/revisions"}],"wp:attachment":[{"href":"https:\/\/blogs.lasprovincias.es\/bandasonora\/wp-json\/wp\/v2\/media?parent=137"}],"wp:term":[{"taxonomy":"category","embeddable":true,"href":"https:\/\/blogs.lasprovincias.es\/bandasonora\/wp-json\/wp\/v2\/categories?post=137"},{"taxonomy":"post_tag","embeddable":true,"href":"https:\/\/blogs.lasprovincias.es\/bandasonora\/wp-json\/wp\/v2\/tags?post=137"}],"curies":[{"name":"wp","href":"https:\/\/api.w.org\/{rel}","templated":true}]}}