{"id":143,"date":"2014-01-30T10:07:05","date_gmt":"2014-01-30T09:07:05","guid":{"rendered":"http:\/\/blogs.lasprovincias.es\/bandasonora\/?p=143"},"modified":"2014-01-30T10:07:05","modified_gmt":"2014-01-30T09:07:05","slug":"sobre-premios-y-vinilos","status":"publish","type":"post","link":"https:\/\/blogs.lasprovincias.es\/bandasonora\/2014\/01\/30\/sobre-premios-y-vinilos\/","title":{"rendered":"Sobre premios y vinilos"},"content":{"rendered":"<p style=\"text-align: right;\"><em><strong>&#8220;No es extra\u00f1o este vinilo.<\/strong><\/em><br \/>\n<em><strong>S\u00ed, no ves que es todo blanco.\u00a0<\/strong><\/em><br \/>\n<em><strong>Te vas a dar cuenta <\/strong><\/em><br \/>\n<em><strong>de que es peligroso&#8221;<\/strong><\/em><\/p>\n<p style=\"text-align: right;\"><strong><em><a title=\"http:\/\/www.youtube.com\/watch?v=qN4McA6DOe8\" href=\"http:\/\/www.youtube.com\/watch?v=qN4McA6DOe8\" target=\"_blank\" rel=\"external nofollow\">El vinilo<\/a><\/em>, Betty Troupe (1983)<\/strong><\/p>\n<p>&nbsp;<\/p>\n<p><strong>Nazif Muji\u0107<\/strong>\u00a0es un gitano bosnio que, tras la guerra, se ganaba la vida recogiendo chatarra para venderla y poder mantener (m\u00e1s mal que bien) a su familia. Un buen d\u00eda, el oscarizado director <strong>Danis Tanovi\u0107<\/strong>, paisano de <strong>Nazif<\/strong>, decidi\u00f3 contar con \u00e9l y con buena parte de las personas de su entorno para realizar su \u00faltima pel\u00edcula,\u00a0<em><strong><a title=\"http:\/\/www.youtube.com\/watch?v=7J5k6Mm_3AI\" href=\"http:\/\/www.youtube.com\/watch?v=7J5k6Mm_3AI\" target=\"_blank\" rel=\"external nofollow\">An episode in the life of an iron picker<\/a><\/strong><\/em>, una certera y cr\u00edtica visi\u00f3n de la cruda realidad del devenir de incontables seres humanos que se ven condenados al m\u00e1s absoluto de los ostracismos al no disponer, ni de una cobertura sanitaria p\u00fablica ni (mucho menos) de un seguro m\u00e9dico privado. Por cuestiones presupuestarias y aprovechando el tir\u00f3n que, en los \u00faltimos a\u00f1os, ha experimentado ese cine basado en el realismo extremo, pr\u00e1cticamente documental, el ganador de un Oscar por aquella magn\u00edfica tragicomedia sobre lo absurdo de los conflictos \u00e9tnicos y nacionalistas llamada <em><strong><a title=\"http:\/\/www.youtube.com\/watch?v=Ypsnv50Af_I\" href=\"http:\/\/www.youtube.com\/watch?v=Ypsnv50Af_I\" target=\"_blank\" rel=\"external nofollow\">En tierra de nadie<\/a><\/strong><\/em>\u00a0(2001) decidi\u00f3 tirar del noble chatarrero y otros muchos actores no profesionales y, cosas de la vida, una noche de febrero de 2013, el bueno de <strong>Muji\u0107<\/strong>\u00a0se vio recogiendo el <a title=\"http:\/\/www.youtube.com\/watch?v=xf0Nbr5HhVA\" href=\"http:\/\/www.youtube.com\/watch?v=xf0Nbr5HhVA\" target=\"_blank\" rel=\"external nofollow\">Oso de Plata al mejor actor<\/a>, ante miles de espectadores puestos en pie, en el majestuoso escenario del <strong>Berlinale Palast<\/strong>.<\/p>\n<p>Tras compartir alfombra y canap\u00e9s con <strong>Matt Damon<\/strong> y ser requerido por incontables periodistas y expertos en aquello de la palmadita en la espalda, a <strong>Nazif<\/strong> le toc\u00f3 despertar de su sue\u00f1o y <a title=\"http:\/\/www.youtube.com\/watch?v=kp54HhW1oL8\" href=\"http:\/\/www.youtube.com\/watch?v=kp54HhW1oL8\" target=\"_blank\" rel=\"external nofollow\">volver a pisar el embarrado suelo<\/a> de su humilde pueblo. All\u00ed coloc\u00f3 la preciada estatuilla sobre la mesa de playa de la chabola donde malvive con los suyos, y no le qued\u00f3 otra que seguir busc\u00e1ndose la vida como barrendero y sumergi\u00e9ndose en los vertederos para encontrar cualquier objeto que vender por unos pocos marcos. El problema (si no tuviera ya suficientes) es que, a los pocos d\u00edas, nuestro protagonista se top\u00f3 con la chanza de sus convecinos que, haciendo gala de la mala sombra que impregna a buena parte de la humanidad, iniciaron una campa\u00f1a de burlas y difusi\u00f3n en la Red de im\u00e1genes del &#8220;mejor actor del mundo viviendo entre deshechos&#8221;. A <strong>Muji\u0107<\/strong>\u00a0no le qued\u00f3 otra que coger a su familia y buscar mejor suerte en aquella tierra prometida que se lo dio todo. As\u00ed que desembarc\u00f3, de nuevo, en Berl\u00edn y pidi\u00f3 ayuda y asilo. Ahora vive con los suyos en una residencia para refugiados, pero las autoridades ya le han comunicado que su estancia en el <em>para\u00edso<\/em> tiene fecha de caducidad: En unas pocas semanas todos ellos tendr\u00e1n que abandonar Alemania porque &#8220;no existen motivos&#8221; que justifiquen la concesi\u00f3n del asilo. Resignado, y tras recibir el apoyo de la propia organizaci\u00f3n del festival berlin\u00e9s, ha sentenciado que dar\u00eda su Oso de Plata a cambio de una oportunidad para \u00e9l y su familia en la &#8220;civilizada&#8221; Europa. Reflexionando, <strong>Nazif Muji\u0107<\/strong>\u00a0ha llegado a la conclusi\u00f3n de que el galard\u00f3n que ans\u00edan actrices y actores noveles y veteranos de todo el planeta ha acabado por amargarle la existencia, todav\u00eda m\u00e1s.\u00a0M\u00edsera vida.<\/p>\n<p>&nbsp;<\/p>\n<p>http:\/\/www.youtube.com\/watch?v=TF0Zc0MGB1c<\/p>\n<p>&nbsp;<\/p>\n<p>Todo lo contrario esperamos que le ocurra al ganador\u00a0de la quinta edici\u00f3n del concurso <em><strong><a title=\"https:\/\/es-es.facebook.com\/pages\/VINILO-VALENCIA\/48126873138\" href=\"https:\/\/es-es.facebook.com\/pages\/VINILO-VALENCIA\/48126873138\" target=\"_blank\" rel=\"external nofollow\">Vinilo Valencia<\/a><\/strong><\/em>, organizado junto a la gente de <em><strong><a title=\"http:\/\/www.redaccionatomica.com\/\" href=\"http:\/\/www.redaccionatomica.com\/\" target=\"_blank\" rel=\"external nofollow\">Redacci\u00f3n At\u00f3mica<\/a><\/strong><\/em>, cuya final se disputar\u00e1, este viernes 31 en la sala <em><strong><a title=\"http:\/\/www.wahwahclub.es\/inicio\" href=\"http:\/\/www.wahwahclub.es\/inicio\" target=\"_blank\" rel=\"external nofollow\">Wah-Wah<\/a><\/strong><\/em>. Afortunados de anteriores ediciones, como <strong>Johnny B. Zero<\/strong>, <strong>Amatria<\/strong>, <strong>Modelo de Respuesta Polar<\/strong> y <strong>Gatomidi<\/strong>, han conseguido cimentar sus posibilidades en una competida escena musical independiente. En esta ocasi\u00f3n, aspiran a ello <strong>Gypsy Casino<\/strong>, <strong>Pel\u00edcano<\/strong> y <strong>Red Buffalo<\/strong>. Los primeros se han ganado las simpat\u00edas del jurado a partir de una combinaci\u00f3n de folk y rock contundentes y rabiosos. Su <em><strong><a title=\"http:\/\/gypsycasino.bandcamp.com\/\" href=\"http:\/\/gypsycasino.bandcamp.com\/\" target=\"_blank\" rel=\"external nofollow\">Ten Essays On Voodoo Folk<\/a><\/strong><\/em> de 2013 es una buena muestra de ello. <strong>Pel\u00edcano<\/strong>, por su parte, gustan del pop estruendoso y llamativo, a base de zambombazos r\u00edtmicos. Su \u00faltima referencia registrada es el ep\u00e9 \u00a0<em><strong><a title=\"http:\/\/pelicanovlc.bandcamp.com\/\" href=\"http:\/\/pelicanovlc.bandcamp.com\/\" target=\"_blank\" rel=\"external nofollow\">El d\u00eda de la victoria<\/a><\/strong><\/em>. Finalmente, a los de <strong><a title=\"http:\/\/redbuffalo.bandcamp.com\/\" href=\"http:\/\/redbuffalo.bandcamp.com\/\" target=\"_blank\" rel=\"external nofollow\">Red Buffalo<\/a><\/strong>\u00a0tambi\u00e9n les gusta balancearse en el agradecido columpio del rock americano m\u00e1s crudo y tradicional. El afortunado tendr\u00e1 la oportunidad de grabar un ep\u00e9 en <strong><a title=\"http:\/\/www.musicrooms.es\/\" href=\"http:\/\/www.musicrooms.es\/\" target=\"_blank\" rel=\"external nofollow\">Music Rooms Studios<\/a><\/strong>, ser el protagonista de una <em>live session<\/em> en <strong><a title=\"https:\/\/www.facebook.com\/pages\/Stardust-Producciones\/295731097116661?v=info\" href=\"https:\/\/www.facebook.com\/pages\/Stardust-Producciones\/295731097116661?v=info\" target=\"_blank\" rel=\"external nofollow\">Stardust<\/a><\/strong> con el incansable <strong>Sergio Devece<\/strong>, y formar parte del cartel del <strong><a title=\"http:\/\/www.delestefestival.com\/\" href=\"http:\/\/www.delestefestival.com\/\" target=\"_blank\" rel=\"external nofollow\">Deleste Festival<\/a><\/strong> de este a\u00f1o.<\/p>\n<p>&nbsp;<\/p>\n<p><iframe loading=\"lazy\" width=\"500\" height=\"281\" src=\"https:\/\/www.youtube.com\/embed\/nh80OHG4OPM?feature=oembed\" frameborder=\"0\" allowfullscreen><\/iframe><\/p>\n<p>&nbsp;<\/p>\n<p>Porque entre vinilos anda el juego y, seg\u00fan se nos dice sin cesar (\u00bfotra informaci\u00f3n que toca repetir?), el microsurco ha resurgido definitivamente de sus cenizas. Tal vez la afirmaci\u00f3n sea un tanto exagerada. Que los grandes centros comerciales hayan vuelto a colocar en sus estanter\u00edas tan bello objeto no significa que el vinilo haya regresado. M\u00e1s que nada, porque de las tiendas de toda la vida nunca desapareci\u00f3. Es m\u00e1s, si nos seguimos empe\u00f1ando en defender dicha afirmaci\u00f3n, otro apunte: De las publicaciones en este formato que pululan por los espacios musicales de venta, \u00bfcu\u00e1ntas superan ediciones de 200 \u00f3 300 copias? Pues eso. Pero el caso es que , el otro d\u00eda nos topamos con una informaci\u00f3n que sirvi\u00f3 de excusa para que los optimistas volvieran a lanzar las campanas al vuelo. Una vez analizada dicha informaci\u00f3n nos dimos cuenta de que se trataba de unos datos proporcionados por una empresa especializada en antig\u00fcedades, arte y coleccionismo a trav\u00e9s de Internet. Eso s\u00ed, las cifras no dejaban de ser llamativas: M\u00e1s de 1,6 millones de euros se movieron, en este sector, el a\u00f1o pasado, y casi 118.000 lo hicieron en Valencia (casi 55.000 en Alicante).<\/p>\n<p>Un lote de discos de <strong>Pink Floyd<\/strong> encabezaba la lista de ventas internacionales (1.499 euros), y el primer elep\u00e9 de <strong>Vainica Doble<\/strong> (657 euros), la nacional. Estas cifras no hacen m\u00e1s que confirmar que estos datos no son m\u00e1s que un reflejo de un sector espec\u00edfico; ni mucho menos general. Eso s\u00ed, mentir\u00edamos si neg\u00e1ramos que buena parte de las nuevas generaciones amantes de la m\u00fasica ha encontrado en el vinilo un objeto de culto. Ha descubierto ese sentimiento que los que ya peinamos canas viv\u00edamos ante el inminente lanzamiento de un elep\u00e9, un sencillo, un maxisingle o un ep\u00e9. En Valencia, como en otras partes del Estado, esta mini fiebre (todav\u00eda sigue teniendo una demanda minoritaria) ha supuesto el nacimiento, incluso, de (tambi\u00e9n peque\u00f1os) sellos discogr\u00e1ficos que editan en formato vinilo. Uno de los m\u00e1s activos, como ya sabr\u00e1n, es <strong><a title=\"http:\/\/www.discosdeperfil.com\/\" href=\"http:\/\/www.discosdeperfil.com\/\" target=\"_blank\" rel=\"external nofollow\">Discos de Perfil<\/a><\/strong>, que se ha venido desmarcando con ediciones (300 copias) de gente como <strong><a title=\"http:\/\/teletexto.bandcamp.com\/\" href=\"http:\/\/teletexto.bandcamp.com\/\" target=\"_blank\" rel=\"external nofollow\">Teletexto<\/a><\/strong> o <strong><a title=\"http:\/\/moxnox.bandcamp.com\/\" href=\"http:\/\/moxnox.bandcamp.com\/\" target=\"_blank\" rel=\"external nofollow\">Mox Nox<\/a><\/strong>, y que recientemente se ha embarcado en la aventura de recuperar la m\u00e1gica criatura de <strong><a title=\"http:\/\/maronda.es\/\" href=\"http:\/\/maronda.es\/\" target=\"_blank\" rel=\"external nofollow\">Maronda<\/a><\/strong>, que ya agot\u00f3 todas sus referencias en este formato, tiempo atr\u00e1s.<\/p>\n<p>&nbsp;<\/p>\n<div id=\"attachment_144\" style=\"width: 527px\" class=\"wp-caption aligncenter\"><a href=\"\/bandasonora\/wp-content\/uploads\/sites\/29\/2014\/01\/carmonas.jpg\"><img aria-describedby=\"caption-attachment-144\" loading=\"lazy\" class=\" wp-image-144   \" src=\"\/bandasonora\/wp-content\/uploads\/sites\/29\/2014\/01\/carmonas.jpg\" alt=\"\" width=\"517\" height=\"340\" srcset=\"https:\/\/static-blogs.lasprovincias.es\/wp-content\/uploads\/sites\/29\/2014\/01\/carmonas.jpg 960w, https:\/\/static-blogs.lasprovincias.es\/wp-content\/uploads\/sites\/29\/2014\/01\/carmonas-300x197.jpg 300w, https:\/\/static-blogs.lasprovincias.es\/wp-content\/uploads\/sites\/29\/2014\/01\/carmonas-768x505.jpg 768w\" sizes=\"(max-width: 517px) 100vw, 517px\" \/><\/a><p id=\"caption-attachment-144\" class=\"wp-caption-text\">Carmonas: Inocencia y actitud<\/p><\/div>\n<p>No han sido los \u00fanicos en recurrir al vinilo en los \u00faltimos meses. Seres de estilos tan diferentes como <strong><a title=\"http:\/\/betunizer.bandcamp.com\/\" href=\"http:\/\/betunizer.bandcamp.com\/\" target=\"_blank\" rel=\"external nofollow\">Betunizer<\/a><\/strong>, <strong><a title=\"http:\/\/renomusica.bandcamp.com\/\" href=\"http:\/\/renomusica.bandcamp.com\/\" target=\"_blank\" rel=\"external nofollow\">Reno<\/a><\/strong> o (unos fieles y magos del surco) <strong><a title=\"http:\/\/slovenly.bandcamp.com\/album\/wau-y-los-arrrghs-todo-roto-lp\" href=\"http:\/\/slovenly.bandcamp.com\/album\/wau-y-los-arrrghs-todo-roto-lp\" target=\"_blank\" rel=\"external nofollow\">Wau y los Arrrghs!!!<\/a><\/strong> han venido editando sus joyas sonoras con un objetivo: ser rasgadas con la aguja. Como, tambi\u00e9n, uno de los bombazos que nos ha brindado la movida escena sonora valenciana en los \u00faltimos tiempos. <strong><a title=\"https:\/\/www.facebook.com\/pages\/Carmonas\/101931839963608\" href=\"https:\/\/www.facebook.com\/pages\/Carmonas\/101931839963608\" target=\"_blank\" rel=\"external nofollow\">Carmonas<\/a><\/strong> se ha consolidado como una de las formaciones femeninas m\u00e1s populares y adoradas que frecuentan estas lindes. Su larga duraci\u00f3n <a title=\"http:\/\/carmonascarmonas.bandcamp.com\/album\/carmonas\" href=\"http:\/\/carmonascarmonas.bandcamp.com\/album\/carmonas\" target=\"_blank\" rel=\"external nofollow\">hom\u00f3nimo<\/a> fue producido por <strong>Pablo Peir\u00f3<\/strong> (<strong>Betunizer<\/strong>), y editado en la segunda mitad de 2013, bajo el auspicio de varios sellos y seres:\u00a0<strong>Mongolic Records<\/strong>, <strong>Flexidiscos<\/strong>, <strong>Willy a Muerte Ediciones<\/strong> y <strong>Mascarpone Discos<\/strong> (ahora ya distribuye <strong>BCore<\/strong>). Curtidas en ese activo hervidero cultural llamado <strong><a title=\"https:\/\/www.facebook.com\/pages\/CSA-La-Residencia\/173013479385484\" href=\"https:\/\/www.facebook.com\/pages\/CSA-La-Residencia\/173013479385484\" target=\"_blank\" rel=\"external nofollow\">La Residencia<\/a><\/strong>, uno de los centros neur\u00e1lgicos y referenciales (sobre todo para los j\u00f3venes aficionados al guitarreo m\u00e1s descarado) del <em>underground<\/em> valenciano, su juventud y actitud deber\u00edan ser un reclamo para casi todo ser humano, aunque fuera, simplemente, por una cuesti\u00f3n de curiosidad. Adem\u00e1s, los 12 trallazos punk de su disco se consumen en poco m\u00e1s de un cuarto de hora.<\/p>\n<p>Si todav\u00eda no han podido verlas en directo, este viernes, <strong>Cris<\/strong>,\u00a0<strong>Marina<\/strong>,\u00a0<strong>Carla<\/strong> y\u00a0<strong>Mar\u00eda<\/strong>\u00a0se dejar\u00e1n caer por <strong><a title=\"http:\/\/www.salamatisse.es\/\" href=\"http:\/\/www.salamatisse.es\/\" target=\"_blank\" rel=\"external nofollow\">Matisse<\/a><\/strong>. Lo har\u00e1n para acompa\u00f1ar a los no menos recomendables <strong><a title=\"https:\/\/www.facebook.com\/CapsulaMusic\" href=\"https:\/\/www.facebook.com\/CapsulaMusic\" target=\"_blank\" rel=\"external nofollow\">Capsula<\/a><\/strong>, un salvaje combo de intensas maneras roqueras y <em>garageras<\/em>, y directo demoledor. Los argentino-vascos llegar\u00e1n hasta Valencia para presentar su \u00faltimo disco, <em><strong>Solar Secrets<\/strong><\/em>\u00a0(<strong>Gaztelupeko Hotsak<\/strong>\/<strong>Krian Music<\/strong>, 2013), una potent\u00edsima colecci\u00f3n de bofetadas s\u00f3nicas que, faltar\u00eda m\u00e1s, tambi\u00e9n dispone de su tirada correspondiente en vinilo.<\/p>\n<p>As\u00ed que, ya saben: ya sea en formato digital o anal\u00f3gico; en vivo o en <em>play-back<\/em>; en ced\u00e9, unidad port\u00e1til, tel\u00e9fono m\u00f3vil, cromo, hierro, acetato o vinilo, por favor, prueben a\u00a0consumir cultura y, si es cercana y de calidad, mejor que mejor. Por regla general, no se arrepentir\u00e1n.<\/p>\n<p>Mientras tanto, y si gustan, tambi\u00e9n este viernes (21.50 h.) pueden sintonizar con la emisi\u00f3n sonora de la gente de <strong><a title=\"http:\/\/www.alquimiasonora.com\/\" href=\"http:\/\/www.alquimiasonora.com\/\" target=\"_blank\" rel=\"external nofollow\">Alquimia Sonora<\/a><\/strong>. En esta ocasi\u00f3n nos brindan un directo todav\u00eda calentito: el llevado a cabo con actitud por <strong><a title=\"http:\/\/www.losradiadores.com\/\" href=\"http:\/\/www.losradiadores.com\/\" target=\"_blank\" rel=\"external nofollow\">Los Radiadores<\/a><\/strong> el pasado 18 de enero en <strong>Wah-Wah<\/strong>, donde actuaron junto a <strong>Reno<\/strong>. Si este viernes, precisamente, tienen pensado acercarse por alguna de las recomendaciones de hoy (u otra), no se preocupen: habr\u00e1 redifusi\u00f3n el pr\u00f3ximo martes, d\u00eda 4 de febrero (14.30 h.). Ya saben, en <em><strong>Metropolitan TV<\/strong><\/em> (TDT) o <em><strong>LP TV<\/strong><\/em> (ONO).<\/p>\n<p>&nbsp;<\/p>\n<p style=\"text-align: center;\"><a href=\"\/bandasonora\/wp-content\/uploads\/sites\/29\/2014\/01\/radiadores.jpg\"><img loading=\"lazy\" class=\"aligncenter  wp-image-146\" title=\"radiadores\" src=\"\/bandasonora\/wp-content\/uploads\/sites\/29\/2014\/01\/radiadores.jpg\" alt=\"\" width=\"420\" height=\"594\" srcset=\"https:\/\/static-blogs.lasprovincias.es\/wp-content\/uploads\/sites\/29\/2014\/01\/radiadores.jpg 1000w, https:\/\/static-blogs.lasprovincias.es\/wp-content\/uploads\/sites\/29\/2014\/01\/radiadores-212x300.jpg 212w, https:\/\/static-blogs.lasprovincias.es\/wp-content\/uploads\/sites\/29\/2014\/01\/radiadores-768x1087.jpg 768w, https:\/\/static-blogs.lasprovincias.es\/wp-content\/uploads\/sites\/29\/2014\/01\/radiadores-724x1024.jpg 724w\" sizes=\"(max-width: 420px) 100vw, 420px\" \/><\/a><\/p>\n<!-- AddThis Advanced Settings generic via filter on the_content --><!-- AddThis Share Buttons generic via filter on the_content -->","protected":false},"excerpt":{"rendered":"<p>&#8220;No es extra\u00f1o este vinilo. S\u00ed, no ves que es todo blanco.\u00a0 Te vas a dar cuenta de que es peligroso&#8221; El vinilo, Betty Troupe (1983) &nbsp; Nazif Muji\u0107\u00a0es un gitano bosnio que, tras la guerra, se ganaba la vida recogiendo chatarra para venderla y poder mantener (m\u00e1s mal que bien) a su familia. Un [&hellip;]<!-- AddThis Advanced Settings generic via filter on get_the_excerpt --><!-- AddThis Share Buttons generic via filter on get_the_excerpt --><\/p>\n","protected":false},"author":36,"featured_media":0,"comment_status":"open","ping_status":"closed","sticky":false,"template":"","format":"standard","meta":[],"categories":[2,3],"tags":[54,79,110,124,194,391,424,470,592],"_links":{"self":[{"href":"https:\/\/blogs.lasprovincias.es\/bandasonora\/wp-json\/wp\/v2\/posts\/143"}],"collection":[{"href":"https:\/\/blogs.lasprovincias.es\/bandasonora\/wp-json\/wp\/v2\/posts"}],"about":[{"href":"https:\/\/blogs.lasprovincias.es\/bandasonora\/wp-json\/wp\/v2\/types\/post"}],"author":[{"embeddable":true,"href":"https:\/\/blogs.lasprovincias.es\/bandasonora\/wp-json\/wp\/v2\/users\/36"}],"replies":[{"embeddable":true,"href":"https:\/\/blogs.lasprovincias.es\/bandasonora\/wp-json\/wp\/v2\/comments?post=143"}],"version-history":[{"count":0,"href":"https:\/\/blogs.lasprovincias.es\/bandasonora\/wp-json\/wp\/v2\/posts\/143\/revisions"}],"wp:attachment":[{"href":"https:\/\/blogs.lasprovincias.es\/bandasonora\/wp-json\/wp\/v2\/media?parent=143"}],"wp:term":[{"taxonomy":"category","embeddable":true,"href":"https:\/\/blogs.lasprovincias.es\/bandasonora\/wp-json\/wp\/v2\/categories?post=143"},{"taxonomy":"post_tag","embeddable":true,"href":"https:\/\/blogs.lasprovincias.es\/bandasonora\/wp-json\/wp\/v2\/tags?post=143"}],"curies":[{"name":"wp","href":"https:\/\/api.w.org\/{rel}","templated":true}]}}