{"id":212,"date":"2014-06-05T18:02:26","date_gmt":"2014-06-05T16:02:26","guid":{"rendered":"http:\/\/blogs.lasprovincias.es\/bandasonora\/?p=212"},"modified":"2014-06-05T18:02:26","modified_gmt":"2014-06-05T16:02:26","slug":"pequeno-ejercicio-de-musica-ficcion","status":"publish","type":"post","link":"https:\/\/blogs.lasprovincias.es\/bandasonora\/2014\/06\/05\/pequeno-ejercicio-de-musica-ficcion\/","title":{"rendered":"Peque\u00f1o ejercicio de m\u00fasica-ficci\u00f3n"},"content":{"rendered":"<p style=\"text-align: right;\"><em><strong>&#8220;Fascinaci\u00f3n; ya no puedo sonre\u00edr.<\/strong><\/em><br \/>\n<em><strong>Im\u00e1genes; tras la ventana no est\u00e1 Par\u00eds.<\/strong><\/em><br \/>\n<em><strong>Fascinaci\u00f3n; me trastorna el ayer.<\/strong><\/em><br \/>\n<em><strong>Im\u00e1genes; volver al juego y jugar a perder\u201d<\/strong><\/em><\/p>\n<p style=\"text-align: right;\"><strong><em><a title=\"https:\/\/www.youtube.com\/watch?v=VhE0jsQi4hM\" href=\"https:\/\/www.youtube.com\/watch?v=VhE0jsQi4hM\" target=\"_blank\" rel=\"external nofollow\">Im\u00e1genes<\/a><\/em>, Glamour (1981)<\/strong><\/p>\n<p>&nbsp;<\/p>\n<p>Imaginemos que, un buen d\u00eda, tras a\u00f1os de inactividad y\/o idas y venidas, gentes de <strong>The Stone Roses<\/strong>, <strong>Happy Mondays<\/strong> y <strong>A Guy Called Gerald<\/strong> deciden quedar a tomar unas cervezas (algunos de ellos, <em>0,0<\/em>) en un bar regentado por inmigrantes asi\u00e1ticos, junto a una sala de conciertos inaugurada hace casi dos lustros, a pocas manzanas del barrio donde un d\u00eda hirvi\u00f3 <strong>The Ha\u00e7ienda<\/strong>. Rememoran buenos y malos rollos, broncas y festivales, grabaciones celebradas y fiascos sonoros que nunca vieron la luz. <strong>Shaun Ryder<\/strong> asegura que aquel <em><strong>Yes Please!<\/strong><\/em> realmente fue un disco bastante flojo, mientras un despistado <strong>John Squire<\/strong> pregunta por qu\u00e9 <strong>Bez<\/strong> no ha llegado todav\u00eda, un tanto molesto despu\u00e9s de la en\u00e9sima broma de <strong>Gerald Simpson<\/strong> sobre <strong>The Seahorses<\/strong>. Han decidido aunar esfuerzos para volver a &#8220;organizar una gorda, como en los viejos tiempos&#8221;, las tres formaciones juntas, y, si se tercia, plasmar esa aventura en un deuved\u00e9. <strong>Shaun<\/strong> a\u00f1ade que tiene una espinita clavada desde aquella grabaci\u00f3n en directo de Barcelona.<\/p>\n<p>&nbsp;<\/p>\n<p><iframe loading=\"lazy\" src=\"\/\/www.youtube.com\/embed\/aVeiXUxhhaU\" frameborder=\"0\" width=\"560\" height=\"315\"><\/iframe><\/p>\n<p>&nbsp;<\/p>\n<p>Justo en ese mismo momento, pero no en ese mismo lugar, sino en la esquina de la calle Erudito Orellana con Palleter de la capital del Turia, miembros de <strong>Los Mocetones<\/strong>, <strong>Los Magn\u00e9ticos<\/strong> y <strong>Las M\u00e1quinas<\/strong> celebran un festivo c\u00f3nclave. Han pasado casi dos d\u00e9cadas desde que las tres formaciones, que ten\u00edan en com\u00fan, tanto algunos de sus miembros como su pasi\u00f3n por el descaro y la desinhibici\u00f3n, trataron de poner patas arriba aquella efervescente escena musical valenciana de los 90, a base de m\u00edticos directos y llamativas escenograf\u00edas. <strong>Las Tres Emes<\/strong> han decidido, en esta ocasi\u00f3n, asaltar el escenario del <strong>Loco Club<\/strong>, y han marcado en rojo una fecha en el calendario: el 4 de junio de 2011. La presentaci\u00f3n del acto podr\u00eda correr a cargo de nuestro <strong>Steve Coogan<\/strong> particular.<\/p>\n<p>&nbsp;<\/p>\n<p><iframe loading=\"lazy\" src=\"\/\/www.youtube.com\/embed\/-2HXbsxKPvI\" frameborder=\"0\" width=\"560\" height=\"315\"><\/iframe><\/p>\n<p>&nbsp;<\/p>\n<p>Aquel concierto, que conocer\u00eda alg\u00fan que otro episodio m\u00e1s, ser\u00eda vivido por estas lindes como una cita casi hist\u00f3rica. Tanto como para un veintea\u00f1ero de Fallowfield lo ser\u00eda presenciar la reuni\u00f3n de los creadores de <em><a title=\"http:\/\/www.youtube.com\/watch?v=TbU7oVz0Uq0\" href=\"http:\/\/www.youtube.com\/watch?v=TbU7oVz0Uq0\" target=\"_blank\" rel=\"external nofollow\">I Am The Resurrection<\/a><\/em>, <em><a title=\"http:\/\/www.youtube.com\/watch?v=KnBi-LNM0Og\" href=\"http:\/\/www.youtube.com\/watch?v=KnBi-LNM0Og\" target=\"_blank\" rel=\"external nofollow\">Step On<\/a><\/em> y <em><a title=\"http:\/\/www.youtube.com\/watch?v=5ADoBW0c-18\" href=\"http:\/\/www.youtube.com\/watch?v=5ADoBW0c-18\" target=\"_blank\" rel=\"external nofollow\">Voodoo Ray<\/a><\/em>. No s\u00f3lo por evidentes componentes nost\u00e1lgicos y casi \u00fanicos, sino tambi\u00e9n porque la ocasi\u00f3n se antojar\u00eda ideal para todo aquel ser vivo deseoso de sumergirse en una vor\u00e1gine de imaginaci\u00f3n sonoro-visual, a partir de una clar\u00edsima y luminosa ausencia de prejuicios art\u00edsticos en sus m\u00e1s diversas facetas. Y todo ello, pr\u00e1cticamente, intacto desde hac\u00eda casi 20 a\u00f1os.<\/p>\n<p>&nbsp;<\/p>\n<p><iframe loading=\"lazy\" src=\"\/\/www.youtube.com\/embed\/6BQ9x0LlpTk\" frameborder=\"0\" width=\"420\" height=\"315\"><\/iframe><\/p>\n<p>&nbsp;<\/p>\n<p>Un <em>t\u00f3tum revol\u00fatum<\/em> a partir del &#8220;todos para uno&#8221; y el &#8220;uno para todos&#8221;, en el que nombres como los de <strong>Lalo Kubala<\/strong>, <strong>Isma Rumbeu<\/strong>, <strong>Joan Toledo<\/strong>, <strong>Juancho<\/strong>, <strong>Epo<\/strong>, o los celeb\u00e9rrimos hermanos <strong>Tormo<\/strong>, eternos ya en la memoria creativa valenciana m\u00e1s atrevida y festiva, volver\u00edan a recordar al respetable, por qu\u00e9 el efecto de <strong>Las Tres Emes<\/strong> perduraba y perdurar\u00e1 en la memoria colectiva de nuestra banda sonora.<\/p>\n<p>&nbsp;<\/p>\n<p><iframe loading=\"lazy\" src=\"\/\/www.youtube.com\/embed\/-5DgWP4sdOs\" frameborder=\"0\" width=\"560\" height=\"315\"><\/iframe><\/p>\n<p>&nbsp;<\/p>\n<p>Y en \u00e9stas andar\u00edamos, unos a\u00f1os despu\u00e9s, ya con nuestros protagonistas de Manchester decidiendo en qu\u00e9 festivales veraniegos podr\u00edan reverdecer viejos laureles, cuando a las familias de <strong>Las M\u00e1quinas<\/strong>, <strong>Los Mocetones<\/strong> y <strong>Los Magn\u00e9ticos<\/strong> se les pasar\u00eda por la cabeza volver a convocar a ac\u00f3litos y descre\u00eddos, para presentar el deuved\u00e9 registrado aquella noche toledana y, de paso, volver a &#8220;organizar una gorda&#8221;. La fecha elegida ser\u00eda este viernes, 6 de junio, y, efectivamente, el lugar no pod\u00eda ser otro que el <strong><a title=\"http:\/\/www.lococlub.org\/\" href=\"http:\/\/www.lococlub.org\/\" target=\"_blank\" rel=\"external nofollow\">Loco Club<\/a><\/strong>.<\/p>\n<p>&nbsp;<\/p>\n<p><iframe loading=\"lazy\" src=\"\/\/www.youtube.com\/embed\/ZXx5_7VKfII\" frameborder=\"0\" width=\"560\" height=\"315\"><\/iframe><\/p>\n<p>&nbsp;<\/p>\n<p>Y, puestos a imaginar, tambi\u00e9n estar\u00eda bien que esa misma semana viejos compa\u00f1eros de generaci\u00f3n sonora de nuestros protagonistas se hubieran propuesto hacer p\u00fablicas sus buenas nuevas. El inabarcable <strong><a title=\"https:\/\/blogs.lasprovincias.es\/bandasonora\/2014\/02\/06\/luis-y-paco-ya-son-adultos\/\" href=\"https:\/\/blogs.lasprovincias.es\/bandasonora\/2014\/02\/06\/luis-y-paco-ya-son-adultos\/\" target=\"_blank\">Paco Tamarit<\/a><\/strong>, sin ir m\u00e1s lejos, por fin presentar\u00eda en directo su flamante proyecto, <strong>San Francisco<\/strong>. Como podr\u00e1 adivinar el avispado mel\u00f3mano, la en\u00e9sima aventura del sin par guitarrista y compositor, cuyos temas habr\u00eda venido perfilando en el estudio en los \u00faltimos meses, oler\u00eda irremediablemente a softpop californiano. Eso s\u00ed, el propio <strong>Tamarit<\/strong> se vendr\u00eda arriba y asegurar\u00eda que en la velada, que tendr\u00eda lugar este s\u00e1bado en <strong><a title=\"https:\/\/www.facebook.com\/lavittivalencia\" href=\"https:\/\/www.facebook.com\/lavittivalencia\" target=\"_blank\" rel=\"external nofollow\">La Vitti<\/a><\/strong>, y en la que sonar\u00edan temas de t\u00edtulos tan sugerentes como <em>Dry MariTrini<\/em>, tambi\u00e9n habr\u00eda tiempo para que la concurrencia volviera a deleitarse con algunas de las salidas m\u00e1s divertidamente desconcertantes del artista (sus celebradas improvisaciones y sorprendentes versiones), as\u00ed como algunas piezas recuperadas de los incomparables <strong><a title=\"https:\/\/www.youtube.com\/watch?v=QYmotmH7x1w\" href=\"https:\/\/www.youtube.com\/watch?v=QYmotmH7x1w\" target=\"_blank\" rel=\"external nofollow\">Serpentina<\/a><\/strong>.<\/p>\n<p>&nbsp;<\/p>\n<div id=\"attachment_213\" style=\"width: 1210px\" class=\"wp-caption aligncenter\"><a href=\"\/bandasonora\/wp-content\/uploads\/sites\/29\/2014\/06\/portada-galavera.jpg\"><img aria-describedby=\"caption-attachment-213\" loading=\"lazy\" class=\"size-full wp-image-213 \" title=\"portada-galavera\" src=\"\/bandasonora\/wp-content\/uploads\/sites\/29\/2014\/06\/portada-galavera.jpg\" alt=\"\" width=\"1200\" height=\"1064\" srcset=\"https:\/\/static-blogs.lasprovincias.es\/wp-content\/uploads\/sites\/29\/2014\/06\/portada-galavera.jpg 1200w, https:\/\/static-blogs.lasprovincias.es\/wp-content\/uploads\/sites\/29\/2014\/06\/portada-galavera-300x266.jpg 300w, https:\/\/static-blogs.lasprovincias.es\/wp-content\/uploads\/sites\/29\/2014\/06\/portada-galavera-768x681.jpg 768w, https:\/\/static-blogs.lasprovincias.es\/wp-content\/uploads\/sites\/29\/2014\/06\/portada-galavera-1024x908.jpg 1024w\" sizes=\"(max-width: 1200px) 100vw, 1200px\" \/><\/a><p id=\"caption-attachment-213\" class=\"wp-caption-text\">\u00bfDos y dos? Soluci\u00f3n: Galavera<\/p><\/div>\n<p>&nbsp;<\/p>\n<p>Y de un <strong>Tamarit<\/strong> a otro, porque, ya puestos,\u00a0<strong>Ra\u00fal<\/strong> (<strong>Los Radiadores<\/strong>) y <strong>Vanessa Juan<\/strong> tambi\u00e9n acabar\u00edan de estrenar su <em><strong><a title=\"http:\/\/galavera.bandcamp.com\/releases\" href=\"http:\/\/galavera.bandcamp.com\/releases\" target=\"_blank\" rel=\"external nofollow\">Dos y dos<\/a><\/strong><\/em>, un minielep\u00e9 de seis canciones registrado por otro hiperactivo de nuestra escena, <strong>Sergio Devece<\/strong>, en los estudios <strong>Stardust<\/strong>, con la connivencia del propio <strong>Sergio<\/strong>, as\u00ed como de <strong>Sebas Mart\u00ed<\/strong> (trompeta). Con dise\u00f1o de portada de <strong>Josep Escuin<\/strong>, todos los temas estar\u00edan compuestos por el propio <strong>Tamarit<\/strong>, a excepci\u00f3n de una bella <em><a title=\"http:\/\/galavera.bandcamp.com\/track\/semana-santa\" href=\"http:\/\/galavera.bandcamp.com\/track\/semana-santa\" target=\"_blank\" rel=\"external nofollow\">Semana Santa<\/a><\/em>, creada por el desaparecido <strong>Edu Fort<\/strong>.<\/p>\n<p>La referencia, que se adentrar\u00eda en reposados senderos de rock ac\u00fastico a trav\u00e9s de piezas tan recomendables como <em><a title=\"http:\/\/galavera.bandcamp.com\/track\/sal-y-lim-n\" href=\"http:\/\/galavera.bandcamp.com\/track\/sal-y-lim-n\" target=\"_blank\" rel=\"external nofollow\">Sal y lim\u00f3n<\/a><\/em> o <em><a title=\"http:\/\/galavera.bandcamp.com\/track\/te-inventar\" href=\"http:\/\/galavera.bandcamp.com\/track\/te-inventar\" target=\"_blank\" rel=\"external nofollow\">Te inventar\u00e9<\/a><\/em>, se convertir\u00eda en la primera referencia de <strong>Infinito Discos<\/strong>, el subsello que habr\u00eda creado <strong><a title=\"http:\/\/www.bonavenamusica.com\/\" href=\"http:\/\/www.bonavenamusica.com\/\" target=\"_blank\" rel=\"external nofollow\">Bonavena M\u00fasica<\/a><\/strong> pensado para la autoedici\u00f3n.<\/p>\n<p>&nbsp;<\/p>\n<div id=\"attachment_214\" style=\"width: 1210px\" class=\"wp-caption aligncenter\"><a href=\"\/bandasonora\/wp-content\/uploads\/sites\/29\/2014\/06\/portada-luisito.jpg\"><img aria-describedby=\"caption-attachment-214\" loading=\"lazy\" class=\"size-full wp-image-214 \" title=\"portada-luisito\" src=\"\/bandasonora\/wp-content\/uploads\/sites\/29\/2014\/06\/portada-luisito.jpg\" alt=\"\" width=\"1200\" height=\"1189\" srcset=\"https:\/\/static-blogs.lasprovincias.es\/wp-content\/uploads\/sites\/29\/2014\/06\/portada-luisito.jpg 1200w, https:\/\/static-blogs.lasprovincias.es\/wp-content\/uploads\/sites\/29\/2014\/06\/portada-luisito-150x150.jpg 150w, https:\/\/static-blogs.lasprovincias.es\/wp-content\/uploads\/sites\/29\/2014\/06\/portada-luisito-300x297.jpg 300w, https:\/\/static-blogs.lasprovincias.es\/wp-content\/uploads\/sites\/29\/2014\/06\/portada-luisito-768x761.jpg 768w, https:\/\/static-blogs.lasprovincias.es\/wp-content\/uploads\/sites\/29\/2014\/06\/portada-luisito-1024x1015.jpg 1024w\" sizes=\"(max-width: 1200px) 100vw, 1200px\" \/><\/a><p id=\"caption-attachment-214\" class=\"wp-caption-text\">Sabes como la escarola, Lettuce B<\/p><\/div>\n<p>&nbsp;<\/p>\n<p>Como autoeditada a m\u00e1s no poder (vamos, en la quintaesencia de la autogesti\u00f3n creativo-experimental-art\u00edstico-<em>traspasolalinea<\/em>) acabar\u00eda siendo la criatura de <strong>Koldo Felpudo<\/strong>, <em>aka<\/em> <strong>L\u00fcisito Lechuga<\/strong>, que, <a title=\"https:\/\/blogs.lasprovincias.es\/bandasonora\/2014\/05\/01\/grabaciones-en-el-mar-mediterraneo\/\" href=\"https:\/\/blogs.lasprovincias.es\/bandasonora\/2014\/05\/01\/grabaciones-en-el-mar-mediterraneo\/\" target=\"_blank\">har\u00eda unas semanas<\/a>, con el humilde objetivo de preparar a la audiencia, habr\u00edamos tenido a bien avanzar su llegada.<\/p>\n<p>Con la connivencia de <strong>Ram\u00f3n Mira<\/strong> (<strong>Hi-Lo Ray<\/strong>, <strong>Tent<\/strong>\u2026) y <strong>Javi Lacasta<\/strong> (<strong>L\u00fclla<\/strong>) <strong>Koldo<\/strong> acabar\u00eda dando un toque de atenci\u00f3n a las nuevas generaciones que gustan de la experimentaci\u00f3n y el desparrame sonoro (esto lo dir\u00edamos nosotros, no \u00e9l), construyendo (o deconstruyendo) sin piedad, pasajes musicales de una contundencia tan brutal como tiernamente estremecedora. En definitiva, confirmando que quien tuvo, retuvo (<strong><a title=\"http:\/\/mindabad.bandcamp.com\/\" href=\"http:\/\/mindabad.bandcamp.com\/\" target=\"_blank\" rel=\"external nofollow\">Felpudo Tos<\/a><\/strong>, en nuestra corteza cerebral, para siempre).<\/p>\n<p>En su momento, nos habr\u00edamos curado en salud, y ya habr\u00edamos advertido que, con el bagaje de nuestro protagonista, este plato no estar\u00eda hecho para almas tiquismiquis, y, efectivamente, al final llegar\u00edamos a la conclusi\u00f3n de que\u00a0<em><strong><a title=\"https:\/\/luisitolechuga.bandcamp.com\/album\/lettuce-b\" href=\"https:\/\/luisitolechuga.bandcamp.com\/album\/lettuce-b\" target=\"_blank\" rel=\"external nofollow\">Lettuce B<\/a><\/strong><\/em> podr\u00eda llegar a doler si decidi\u00e9ramos bucear en temas como <em><a title=\"https:\/\/luisitolechuga.bandcamp.com\/track\/de-las-tentaciones\" href=\"https:\/\/luisitolechuga.bandcamp.com\/track\/de-las-tentaciones\" target=\"_blank\" rel=\"external nofollow\">De las tentaciones<\/a><\/em>, o trasladarnos a un futurista y decadente cabaret balc\u00e1nico si opt\u00e1ramos por emborracharnos a base de su <em><a title=\"https:\/\/luisitolechuga.bandcamp.com\/track\/omega-3000\" href=\"https:\/\/luisitolechuga.bandcamp.com\/track\/omega-3000\" target=\"_blank\" rel=\"external nofollow\">Omega 3.000<\/a><\/em>. En resumidas cuentas, pensar\u00edamos: Tonter\u00edas, las justas.<\/p>\n<div>Y, una vez m\u00e1s, todo ello y muchas aventuras creativas m\u00e1s seguir\u00edan invit\u00e1ndonos a volver a recomendarles que siguieran consumiendo cultura. Y a insistirles en que, si es cercana y de calidad, mejor que mejor. Que, por regla general, no se arrepentir\u00edan. Y en ese mismo instante pensar\u00edamos en aquellas mentes abiertas que, meses antes de su sonado triunfo en la \u00faltima edici\u00f3n de los <em><strong>Premis Ovidi<\/strong><\/em>, ya hubieran gustado de un disco que llevar\u00eda camino de convertirse en m\u00edtico, el <em><strong><a title=\"http:\/\/musicadetelers.bandcamp.com\/album\/wegener\" href=\"http:\/\/musicadetelers.bandcamp.com\/album\/wegener\" target=\"_blank\" rel=\"external nofollow\">Wegener<\/a><\/strong><\/em> que habr\u00edan gestado\u00a0<strong>Arthur Caravan<\/strong> y <strong>Hugo Mas<\/strong>.<\/div>\n<p>&nbsp;<\/p>\n<p><iframe loading=\"lazy\" src=\"\/\/www.youtube.com\/embed\/JIs39gUjQ8Y\" frameborder=\"0\" width=\"560\" height=\"315\"><\/iframe><\/p>\n<!-- AddThis Advanced Settings generic via filter on the_content --><!-- AddThis Share Buttons generic via filter on the_content -->","protected":false},"excerpt":{"rendered":"<p>&#8220;Fascinaci\u00f3n; ya no puedo sonre\u00edr. Im\u00e1genes; tras la ventana no est\u00e1 Par\u00eds. Fascinaci\u00f3n; me trastorna el ayer. Im\u00e1genes; volver al juego y jugar a perder\u201d Im\u00e1genes, Glamour (1981) &nbsp; Imaginemos que, un buen d\u00eda, tras a\u00f1os de inactividad y\/o idas y venidas, gentes de The Stone Roses, Happy Mondays y A Guy Called Gerald deciden [&hellip;]<!-- AddThis Advanced Settings generic via filter on get_the_excerpt --><!-- AddThis Share Buttons generic via filter on get_the_excerpt --><\/p>\n","protected":false},"author":36,"featured_media":0,"comment_status":"open","ping_status":"closed","sticky":false,"template":"","format":"standard","meta":[],"categories":[2,3,4],"tags":[41,175,199,278,281,306,307,323,416,493,583,598],"_links":{"self":[{"href":"https:\/\/blogs.lasprovincias.es\/bandasonora\/wp-json\/wp\/v2\/posts\/212"}],"collection":[{"href":"https:\/\/blogs.lasprovincias.es\/bandasonora\/wp-json\/wp\/v2\/posts"}],"about":[{"href":"https:\/\/blogs.lasprovincias.es\/bandasonora\/wp-json\/wp\/v2\/types\/post"}],"author":[{"embeddable":true,"href":"https:\/\/blogs.lasprovincias.es\/bandasonora\/wp-json\/wp\/v2\/users\/36"}],"replies":[{"embeddable":true,"href":"https:\/\/blogs.lasprovincias.es\/bandasonora\/wp-json\/wp\/v2\/comments?post=212"}],"version-history":[{"count":0,"href":"https:\/\/blogs.lasprovincias.es\/bandasonora\/wp-json\/wp\/v2\/posts\/212\/revisions"}],"wp:attachment":[{"href":"https:\/\/blogs.lasprovincias.es\/bandasonora\/wp-json\/wp\/v2\/media?parent=212"}],"wp:term":[{"taxonomy":"category","embeddable":true,"href":"https:\/\/blogs.lasprovincias.es\/bandasonora\/wp-json\/wp\/v2\/categories?post=212"},{"taxonomy":"post_tag","embeddable":true,"href":"https:\/\/blogs.lasprovincias.es\/bandasonora\/wp-json\/wp\/v2\/tags?post=212"}],"curies":[{"name":"wp","href":"https:\/\/api.w.org\/{rel}","templated":true}]}}