{"id":217,"date":"2014-06-12T17:32:27","date_gmt":"2014-06-12T15:32:27","guid":{"rendered":"http:\/\/blogs.lasprovincias.es\/bandasonora\/?p=217"},"modified":"2014-06-12T17:32:27","modified_gmt":"2014-06-12T15:32:27","slug":"en-esto-por-la-fama","status":"publish","type":"post","link":"https:\/\/blogs.lasprovincias.es\/bandasonora\/2014\/06\/12\/en-esto-por-la-fama\/","title":{"rendered":"En esto por la fama"},"content":{"rendered":"<p style=\"text-align: right;\"><em><strong>&#8220;Vives en la luna, y yo en las estrellas,<\/strong><\/em><br \/>\n<em><strong>y nadie me divierte, nadie me comprende, <\/strong><\/em><br \/>\n<em><strong>nadie puede hacerme re\u00edr.<\/strong><\/em><br \/>\n<em><strong>Porque todo me recuerda a ti&#8221;<\/strong><\/em><\/p>\n<p style=\"text-align: right;\"><strong><em><a title=\"http:\/\/www.youtube.com\/watch?v=hXNAQvorU70\" href=\"http:\/\/www.youtube.com\/watch?v=hXNAQvorU70\" target=\"_blank\" rel=\"external nofollow\">Nadie se parece a ti<\/a><\/em>, Los Flacos (1990)<\/strong><\/p>\n<p>&nbsp;<\/p>\n<p>Lo m\u00e1s probable es que, antes de que usted acabe de leer esta frase, la caracter\u00edstica de actualidad de este p\u00e1rrafo haya quedado desfasada. Con toda probabilidad, el sello discogr\u00e1fico <strong><a title=\"http:\/\/www.halloffame.es\/\" href=\"http:\/\/www.halloffame.es\/\" target=\"_blank\" rel=\"external nofollow\">Hall of Fame<\/a><\/strong> ya habr\u00e1 anunciado la edici\u00f3n de una nueva referencia sonora, o su alma m\u00e1ter, <strong>Luis Gonz\u00e1lez<\/strong> (<em>aka<\/em> <strong>Caballero Reynaldo<\/strong>), habr\u00e1 confirmado, a trav\u00e9s de esas redes sociales con las que tan bien se maneja, que su disquera recupera de su inagotable cat\u00e1logo otro disco m\u00edtico.Porque\u00a0<strong>Luis G.<\/strong> es un tipo, como m\u00ednimo,\u00a0<a title=\"https:\/\/blogs.lasprovincias.es\/bandasonora\/2014\/02\/06\/luis-y-paco-ya-son-adultos\/\" href=\"https:\/\/blogs.lasprovincias.es\/bandasonora\/2014\/02\/06\/luis-y-paco-ya-son-adultos\/\" target=\"_blank\">peculiar<\/a>. Ya lo saben. Un enfermo apasionado de la m\u00fasica, y un creador-agitador tan singular como incontinente.<\/p>\n<p>Dec\u00edamos que, con nuestro protagonista las nuevas tienen fecha de caducidad inmediata, porque, desde su atalaya utielana, dirige todo un mini-imperio caracterizado por la continua gestaci\u00f3n o edici\u00f3n de referencias propias o extra\u00f1as (si disponen de unas cuantas horas, pueden consultar su <a title=\"http:\/\/www.halloffame.es\/catalogo\/\" href=\"http:\/\/www.halloffame.es\/catalogo\/\" target=\"_blank\" rel=\"external nofollow\">cat\u00e1logo<\/a>), que precisamente ahora cumple dos d\u00e9cadas de vida con lo cual, imaginar\u00e1n, la actividad de <strong>Luis<\/strong> ha acabado por dispararse de manera definitiva, a trav\u00e9s de rumbosas concesiones, promociones y sorpresas. De esta manera, en las \u00faltimas fechas, el curioso mel\u00f3mano que siga las andanzas del <strong>Caballero<\/strong> se habr\u00e1 topado, sin ir m\u00e1s lejos, con la discograf\u00eda remasterizada del gran <strong><a title=\"http:\/\/malcolmscarpa.bandcamp.com\/\" href=\"http:\/\/malcolmscarpa.bandcamp.com\/\" target=\"_blank\" rel=\"external nofollow\">Malcolm Scarpa<\/a><\/strong>, una de las referencias indiscutibles de <strong>Hall of Fame<\/strong>; <em><strong>Ay, Ay!<\/strong><\/em>, el inclasificable estreno sonoro de <em><strong><a title=\"http:\/\/halloffamerecords.bandcamp.com\/album\/ay-ay\" href=\"http:\/\/halloffamerecords.bandcamp.com\/album\/ay-ay\" target=\"_blank\" rel=\"external nofollow\">Adultos<\/a><\/strong><\/em>; <em><strong><a title=\"http:\/\/caballeroreynaldo.bandcamp.com\/album\/la-taberna-de-los-goliardos\" href=\"http:\/\/caballeroreynaldo.bandcamp.com\/album\/la-taberna-de-los-goliardos\" target=\"_blank\" rel=\"external nofollow\">La Taberna de los Goliardos<\/a><\/strong><\/em>, la \u00faltima creaci\u00f3n de <strong>Los Visionarios<\/strong>, o el <em><strong><a title=\"http:\/\/srmostaza.bandcamp.com\/album\/se-or-mostaza-plays-revolver-live\" href=\"http:\/\/srmostaza.bandcamp.com\/album\/se-or-mostaza-plays-revolver-live\" target=\"_blank\" rel=\"external nofollow\">Revolver Live<\/a><\/strong><\/em> de <strong>Se\u00f1or Mostaza<\/strong> (otra de las columnas del proyecto) en descarga gratuita durante tiempo determinado. Y, asegura <strong>Reynaldo<\/strong>, esto no ha hecho m\u00e1s que comenzar.<\/p>\n<div id=\"attachment_218\" style=\"width: 510px\" class=\"wp-caption aligncenter\"><a href=\"\/bandasonora\/wp-content\/uploads\/sites\/29\/2014\/06\/caballero.jpg\"><img aria-describedby=\"caption-attachment-218\" loading=\"lazy\" class=\"size-full wp-image-218\" title=\"caballero\" src=\"\/bandasonora\/wp-content\/uploads\/sites\/29\/2014\/06\/caballero.jpg\" alt=\"\" width=\"500\" height=\"500\" srcset=\"https:\/\/static-blogs.lasprovincias.es\/wp-content\/uploads\/sites\/29\/2014\/06\/caballero.jpg 500w, https:\/\/static-blogs.lasprovincias.es\/wp-content\/uploads\/sites\/29\/2014\/06\/caballero-150x150.jpg 150w, https:\/\/static-blogs.lasprovincias.es\/wp-content\/uploads\/sites\/29\/2014\/06\/caballero-300x300.jpg 300w\" sizes=\"(max-width: 500px) 100vw, 500px\" \/><\/a><p id=\"caption-attachment-218\" class=\"wp-caption-text\">Reynaldo, apasionado de la m\u00fasica<\/p><\/div>\n<p>Tambi\u00e9n est\u00e1n de enhorabuena y de estreno las gentes de <strong><a title=\"https:\/\/es-es.facebook.com\/legarconreve\" href=\"https:\/\/es-es.facebook.com\/legarconreve\" target=\"_blank\" rel=\"external nofollow\">Le Gar\u00e7on R\u00eav\u00e9<\/a><\/strong> o, lo que es lo mismo, <strong>John Mart\u00ednez<\/strong> y <strong>Diego Summo<\/strong>. Desde este mismo foro fuimos avanzando algunos detalles de su primer larga duraci\u00f3n, <em><strong>Songs for mediocre men vol. 1<\/strong><\/em> que, desde esta misma semana, ya puede ser descargado gratuitamente a trav\u00e9s de su enlace de <em><strong><a title=\"http:\/\/legarconreve.bandcamp.com\/album\/songs-for-mediocre-men-vol-1\" href=\"http:\/\/legarconreve.bandcamp.com\/album\/songs-for-mediocre-men-vol-1\" target=\"_blank\" rel=\"external nofollow\">Bandcamp<\/a><\/strong><\/em>. Un total de 10 temas, grabados en los <strong>Stardust<\/strong> bajo la producci\u00f3n art\u00edstica de <strong>Sergio Devece<\/strong>, que ha contado con un plantel de lujo en lo que a colaboraciones se refiere. Al propio <strong>Sergio<\/strong> (bater\u00eda, bajo y sintetizador) se han a\u00f1adido <strong>Luis Alcober<\/strong> (trompeta y teclados), <strong>Jos\u00e9 Luis Granados<\/strong> (saxo), <strong>Nacho N\u00e1cher<\/strong> (guitarras), <strong>Juan Luis Salmer\u00f3n<\/strong> (guitarras), o <strong>Marion K\u00fcchenmeister<\/strong>, <strong>Carolina Otero<\/strong>, <strong>M\u00e1rio Ferreira<\/strong> y <strong>St\u00e9phanie Cadel<\/strong> (coros). La foto de portada es de <strong>Rohan Thapa<\/strong>, y el dise\u00f1o de <strong>Stella Blasco<\/strong>.<\/p>\n<p>Reuni\u00f3n de amigos de altura, para un proyecto cocinado a fuego lento, durante un a\u00f1o, por unos <strong>John<\/strong> y <strong>Diego<\/strong> que acaban de regresar de actuar en Lisboa junto a <strong>Bo\u00e9mia Vadia<\/strong>, y que se lo apuestan todo a una carta con una ambiciosa criatura asentada, sobre todo, en la sana osad\u00eda compositiva e interpretativa del d\u00fao, as\u00ed como en el peculiar registro vocal de un <strong>John<\/strong> que se muestra seguro y elegante en temas tan agradablemente desconcertantes como <em><a title=\"http:\/\/legarconreve.bandcamp.com\/track\/stained-heart\" href=\"http:\/\/legarconreve.bandcamp.com\/track\/stained-heart\" target=\"_blank\" rel=\"external nofollow\">Stained Heart<\/a><\/em> o <em><a title=\"http:\/\/legarconreve.bandcamp.com\/track\/come-on-stranger\" href=\"http:\/\/legarconreve.bandcamp.com\/track\/come-on-stranger\" target=\"_blank\" rel=\"external nofollow\">Come On, Stranger<\/a><\/em>.<\/p>\n<div id=\"attachment_219\" style=\"width: 970px\" class=\"wp-caption aligncenter\"><a href=\"\/bandasonora\/wp-content\/uploads\/sites\/29\/2014\/06\/garcon-reve.jpg\"><img aria-describedby=\"caption-attachment-219\" loading=\"lazy\" class=\"size-full wp-image-219\" title=\"garcon-reve\" src=\"\/bandasonora\/wp-content\/uploads\/sites\/29\/2014\/06\/garcon-reve.jpg\" alt=\"\" width=\"960\" height=\"960\" srcset=\"https:\/\/static-blogs.lasprovincias.es\/wp-content\/uploads\/sites\/29\/2014\/06\/garcon-reve.jpg 960w, https:\/\/static-blogs.lasprovincias.es\/wp-content\/uploads\/sites\/29\/2014\/06\/garcon-reve-150x150.jpg 150w, https:\/\/static-blogs.lasprovincias.es\/wp-content\/uploads\/sites\/29\/2014\/06\/garcon-reve-300x300.jpg 300w, https:\/\/static-blogs.lasprovincias.es\/wp-content\/uploads\/sites\/29\/2014\/06\/garcon-reve-768x768.jpg 768w\" sizes=\"(max-width: 960px) 100vw, 960px\" \/><\/a><p id=\"caption-attachment-219\" class=\"wp-caption-text\">Huyendo de la mediocridad<\/p><\/div>\n<p>Una grata sorpresa, como entra\u00f1able y l\u00facida es la que nos llega de manos del sello <strong>Gran Derby<\/strong>, que acaba de editar un <a title=\"http:\/\/granderbyrecords.bandcamp.com\/album\/piaffe-ep\" href=\"http:\/\/granderbyrecords.bandcamp.com\/album\/piaffe-ep\" target=\"_blank\" rel=\"external nofollow\">interesante ep\u00e9<\/a> construido con temas de varias formaciones de su cat\u00e1logo, que se lanzan a revisitar algunas de sus canciones preferidas. El valenciano <strong>T\u00f3rtel<\/strong> ha optado por sumergirse en el <em>Jackass<\/em> de <strong>Beck<\/strong> para transformarlo en un <em><a title=\"http:\/\/granderbyrecords.bandcamp.com\/track\/t-rtel-alondra-bentley-burro-beck-hansen\" href=\"http:\/\/granderbyrecords.bandcamp.com\/track\/t-rtel-alondra-bentley-burro-beck-hansen\" target=\"_blank\" rel=\"external nofollow\">Burro<\/a><\/em>, para el que ha contado con la colaboraci\u00f3n de <strong>Alondra Bentley<\/strong>.<\/p>\n<p>Y precisamente <strong>T\u00f3rtel<\/strong> ser\u00e1 una de las ofertas destacadas del <a title=\"http:\/\/mimafestival.wordpress.com\/cartellmima-6a-edicio\/\" href=\"http:\/\/mimafestival.wordpress.com\/cartellmima-6a-edicio\/\" target=\"_blank\" rel=\"external nofollow\"><em><strong>MIMA<\/strong><\/em> (<em><strong>Minifestival de M\u00fasica Independent d&#8217;Alcoi<\/strong><\/em>)<\/a>, que se desarrollar\u00e1 a lo largo de este s\u00e1bado, d\u00eda 14, en el <strong>Pub Bad Voodoo<\/strong>. Junto a <strong>Jorge P\u00e9rez<\/strong> y compa\u00f1\u00eda, nada m\u00e1s y nada menos que <strong><a title=\"http:\/\/moxnox.bandcamp.com\/\" href=\"http:\/\/moxnox.bandcamp.com\/\" target=\"_blank\" rel=\"external nofollow\">Mox Nox<\/a><\/strong>, <strong><a title=\"http:\/\/www.comboirecords.com\/artistas\/julio-bustamante-bio\/\" href=\"http:\/\/www.comboirecords.com\/artistas\/julio-bustamante-bio\/\" target=\"_blank\" rel=\"external nofollow\">Julio Bustamante<\/a><\/strong>, <strong><a title=\"https:\/\/ca-es.facebook.com\/Pelandruska\" href=\"https:\/\/ca-es.facebook.com\/Pelandruska\" target=\"_blank\" rel=\"external nofollow\">Pelandruska<\/a><\/strong>, <strong><a title=\"http:\/\/malatestarecords.bandcamp.com\/track\/amoramoramor\" href=\"http:\/\/malatestarecords.bandcamp.com\/track\/amoramoramor\" target=\"_blank\" rel=\"external nofollow\">Mr. Perfumme<\/a><\/strong> y <strong><a title=\"http:\/\/stephaniecadeletlacaravane.bandcamp.com\/\" href=\"http:\/\/stephaniecadeletlacaravane.bandcamp.com\/\" target=\"_blank\" rel=\"external nofollow\">St\u00e9phanie Cadel et La Caravane<\/a><\/strong>. La familia que integra este \u00faltimo y singular proyecto, adem\u00e1s, anda ultimando la grabaci\u00f3n del que se convertir\u00e1 en su primer elep\u00e9 de estudio, bajo la batuta t\u00e9cnica del inefable <strong>Antonio J. Iglesias<\/strong> (<strong>Dwomo<\/strong>). Con el objetivo de recaudar fondos para tal fin, la formaci\u00f3n ha lanzado una campa\u00f1a basada en el micromecenazgo, y en una gira que comenzar\u00e1, efectivamente, en Alcoi, y continuar\u00e1 en la cuarta edici\u00f3n de <em><strong><a title=\"http:\/\/distrito008.es\/agenda\/\" href=\"http:\/\/distrito008.es\/agenda\/\" target=\"_blank\" rel=\"external nofollow\">Distrito 008<\/a><\/strong><\/em> (el 21 de junio, en la <strong>Sala Girasol<\/strong> de Valencia), la celebraci\u00f3n de la Nit de Sant Joan en el <strong>Matadero<\/strong> (23 de junio), una nueva fecha madrile\u00f1a (28 de junio en la sala <strong>Juglar<\/strong>) y las <em><strong>Nits al Claustre<\/strong><\/em> de Castell\u00f3n (10 de julio). La presentaci\u00f3n del trabajo est\u00e1 prevista para el 18 de octubre, en la sala <strong><a title=\"http:\/\/www.wahwahclub.es\/inicio\" href=\"http:\/\/www.wahwahclub.es\/inicio\" target=\"_blank\" rel=\"external nofollow\">Wah-Wah<\/a><\/strong>.<br \/>\n<iframe loading=\"lazy\" src=\"\/\/www.youtube.com\/embed\/HsGvK56AyV4\" frameborder=\"0\" width=\"560\" height=\"315\"><\/iframe><br \/>\nComo de presentaciones andan <strong><a title=\"https:\/\/blogs.lasprovincias.es\/bandasonora\/2014\/04\/17\/a-base-de-honestidad-brutal\/\" href=\"https:\/\/blogs.lasprovincias.es\/bandasonora\/2014\/04\/17\/a-base-de-honestidad-brutal\/\" target=\"_blank\">Senior i el Cor Brutal<\/a><\/strong>, que este s\u00e1bado, d\u00eda 14, pisar\u00e1n las cada d\u00eda m\u00e1s veneradas tablas del <strong><a title=\"http:\/\/www.16toneladas.com\/\" href=\"http:\/\/www.16toneladas.com\/\" target=\"_blank\" rel=\"external nofollow\">16 Toneladas<\/a><\/strong>, para presentar su incontestable <em><strong><a title=\"http:\/\/songsforever.bandcamp.com\/album\/senior-i-el-cor-brutal-el-poder-del-voler\" href=\"http:\/\/songsforever.bandcamp.com\/album\/senior-i-el-cor-brutal-el-poder-del-voler\" target=\"_blank\" rel=\"external nofollow\">El poder del voler<\/a><\/strong><\/em> (<strong>Malatesta Records<\/strong>), una de las referencias indiscutibles de la temporada. La rabia festiva y la buena entrada parecen estar asegurados, habida cuenta de c\u00f3mo se las gastan <strong>Landete<\/strong> y compa\u00f1\u00eda sobre el escenario. Abrir\u00e1 la noche <strong>Alberto Montero<\/strong>, a buen seguro orgulloso del recorrido de su <em><strong><a title=\"http:\/\/albertomontero.bandcamp.com\/album\/puerto-pr-ncipe\" href=\"http:\/\/albertomontero.bandcamp.com\/album\/puerto-pr-ncipe\" target=\"_blank\" rel=\"external nofollow\">Puerto Pr\u00edncipe<\/a><\/strong><\/em> (<strong>BCore<\/strong>, 2013).<\/p>\n<p>De la misma forma que tampoco suelen defraudar las puestas en escena de <strong><a title=\"http:\/\/sokolov.es\/\" href=\"http:\/\/sokolov.es\/\" target=\"_blank\" rel=\"external nofollow\">Sokolov<\/a><\/strong>, el proyecto liderado por <strong>Mireia P\u00e9rez<\/strong> y <strong>Assad Kassab<\/strong>, ayudados de <strong>Tico<\/strong>, <strong>Santi Lluch<\/strong>, <strong>Pau Lluch<\/strong> y <strong>Ferm\u00edn Vila<\/strong>, que protagonizar\u00e1n la fiesta de aniversario (18 a\u00f1itos, ya) de uno de los hist\u00f3ricos centros neur\u00e1lgicos de la movida sonora valenciana: <strong><a title=\"https:\/\/www.facebook.com\/lacavernaclubvalencia?rf=186944534654897\" href=\"https:\/\/www.facebook.com\/lacavernaclubvalencia?rf=186944534654897\" target=\"_blank\" rel=\"external nofollow\">La Caverna<\/a><\/strong>. El remate de la noche ser\u00e1 cosa de <strong>Juan Vitoria<\/strong>, que dar\u00e1 buena cuenta de los platos del m\u00edtico local.<\/p>\n<p>Eso s\u00ed, si usted ha comenzado a planchar su traje o camiseta pensando en alguno o algunos de los planes propuestos para este s\u00e1bado, tenga muy en cuenta un detalle important\u00edsimo, y reserve una de sus mudas m\u00e1s pulcras, ya que, un d\u00eda antes, es decir, este viernes d\u00eda 13, deber\u00eda hacer un inexcusable hueco en su agenda para, como ya apuntamos hace varios meses, <a title=\"https:\/\/blogs.lasprovincias.es\/bandasonora\/2014\/03\/07\/reconciliandose-con-el-mundo\/\" href=\"https:\/\/blogs.lasprovincias.es\/bandasonora\/2014\/03\/07\/reconciliandose-con-el-mundo\/\" target=\"_blank\">reconciliarse con el universo entero<\/a>, aunque sea, durante poco m\u00e1s de una hora. M\u00e1s que nada, porque uno de los proyectos musicales con m\u00e1s sentimiento y autenticidad surgidos desde estas lindes en muchos a\u00f1os vuelve a recalar en la capital valenciana, tras su paso, hace varias fechas, por el <strong><a title=\"https:\/\/www.facebook.com\/dELUXEpopclub\" href=\"https:\/\/www.facebook.com\/dELUXEpopclub\" target=\"_blank\" rel=\"external nofollow\">Deluxe Pop Club<\/a><\/strong>. <strong><a title=\"http:\/\/monserrat-music.bandcamp.com\/\" href=\"http:\/\/monserrat-music.bandcamp.com\/\" target=\"_blank\" rel=\"external nofollow\">Monserrat<\/a><\/strong> han sido capaces de fabricar uno de los discos m\u00e1s recomendables que cualquier amante del pop artesano ha podido echarse a la cara en mucho tiempo. Si todav\u00eda no ha tenido la oportunidad de verlos en directo, no lo dude, d\u00e9jese caer por <strong><a title=\"https:\/\/www.facebook.com\/electropura.valencia?fref=ts\" href=\"https:\/\/www.facebook.com\/electropura.valencia?fref=ts\" target=\"_blank\" rel=\"external nofollow\">Electropura<\/a><\/strong>. Al finalizar la velada, sin discusi\u00f3n, se sentir\u00e1 un ser humano m\u00e1s afortunado, y desear\u00e1 compartir con el resto de los mortales aquello de que vale la pena consumir cultura y, si es cercana y de calidad, mejor que mejor. M\u00e1s que nada, porque, por regla general, no se arrepentir\u00e1.<br \/>\n<iframe loading=\"lazy\" src=\"\/\/www.youtube.com\/embed\/Vbg92U0nd_Q\" frameborder=\"0\" width=\"560\" height=\"315\"><\/iframe><\/p>\n<!-- AddThis Advanced Settings generic via filter on the_content --><!-- AddThis Share Buttons generic via filter on the_content -->","protected":false},"excerpt":{"rendered":"<p>&#8220;Vives en la luna, y yo en las estrellas, y nadie me divierte, nadie me comprende, nadie puede hacerme re\u00edr. Porque todo me recuerda a ti&#8221; Nadie se parece a ti, Los Flacos (1990) &nbsp; Lo m\u00e1s probable es que, antes de que usted acabe de leer esta frase, la caracter\u00edstica de actualidad de este [&hellip;]<!-- AddThis Advanced Settings generic via filter on get_the_excerpt --><!-- AddThis Share Buttons generic via filter on get_the_excerpt --><\/p>\n","protected":false},"author":36,"featured_media":0,"comment_status":"open","ping_status":"closed","sticky":false,"template":"","format":"standard","meta":[],"categories":[2,3,4],"tags":[23,66,195,282,372,502,505,511,525,566],"_links":{"self":[{"href":"https:\/\/blogs.lasprovincias.es\/bandasonora\/wp-json\/wp\/v2\/posts\/217"}],"collection":[{"href":"https:\/\/blogs.lasprovincias.es\/bandasonora\/wp-json\/wp\/v2\/posts"}],"about":[{"href":"https:\/\/blogs.lasprovincias.es\/bandasonora\/wp-json\/wp\/v2\/types\/post"}],"author":[{"embeddable":true,"href":"https:\/\/blogs.lasprovincias.es\/bandasonora\/wp-json\/wp\/v2\/users\/36"}],"replies":[{"embeddable":true,"href":"https:\/\/blogs.lasprovincias.es\/bandasonora\/wp-json\/wp\/v2\/comments?post=217"}],"version-history":[{"count":0,"href":"https:\/\/blogs.lasprovincias.es\/bandasonora\/wp-json\/wp\/v2\/posts\/217\/revisions"}],"wp:attachment":[{"href":"https:\/\/blogs.lasprovincias.es\/bandasonora\/wp-json\/wp\/v2\/media?parent=217"}],"wp:term":[{"taxonomy":"category","embeddable":true,"href":"https:\/\/blogs.lasprovincias.es\/bandasonora\/wp-json\/wp\/v2\/categories?post=217"},{"taxonomy":"post_tag","embeddable":true,"href":"https:\/\/blogs.lasprovincias.es\/bandasonora\/wp-json\/wp\/v2\/tags?post=217"}],"curies":[{"name":"wp","href":"https:\/\/api.w.org\/{rel}","templated":true}]}}