{"id":222,"date":"2014-06-19T18:40:36","date_gmt":"2014-06-19T16:40:36","guid":{"rendered":"http:\/\/blogs.lasprovincias.es\/bandasonora\/?p=222"},"modified":"2014-06-19T18:40:36","modified_gmt":"2014-06-19T16:40:36","slug":"bravo-por-la-musica","status":"publish","type":"post","link":"https:\/\/blogs.lasprovincias.es\/bandasonora\/2014\/06\/19\/bravo-por-la-musica\/","title":{"rendered":"\u00a1Bravo por la m\u00fasica!"},"content":{"rendered":"<p style=\"text-align: right;\"><em><strong>\u201cToda mi gente me dice cosas buenas sobre ti,<\/strong><\/em><br \/>\n<em><strong>cosas tan buenas que no s\u00e9 si hablan <\/strong><\/em><br \/>\n<em><strong>de la misma chica que yo conoc\u00ed, <\/strong><\/em><br \/>\n<em><strong>o si hablan de un ente divino enviado por Bon Scott\u201d<\/strong><\/em><\/p>\n<p style=\"text-align: right;\"><strong><em><a title=\"http:\/\/jordicassette.bandcamp.com\/track\/la-maldici-n-de-los-planetas\" href=\"http:\/\/jordicassette.bandcamp.com\/track\/la-maldici-n-de-los-planetas\" target=\"_blank\" rel=\"external nofollow\">La maldici\u00f3n de los planetas<\/a><\/em>, Jordi Cassette (2012)<\/strong><\/p>\n<p>&nbsp;<\/p>\n<p>Posiblemente, el gran <strong>Juan Pardo<\/strong> no mostraba tal grado de inspiraci\u00f3n compositiva, en lo que a texto se refiere, desde aquel <em><strong><a title=\"http:\/\/www.youtube.com\/watch?v=OigmRBGO2P8\" href=\"http:\/\/www.youtube.com\/watch?v=OigmRBGO2P8\" target=\"_blank\" rel=\"external nofollow\">Conversaciones conmigo mismo<\/a><\/strong><\/em> del 74. <em><strong>Hotel Tobazo<\/strong><\/em> (1975) y <em><strong>Calypso Joe<\/strong><\/em> (1976) no fueron discos menores, y con aquel <em><strong>Juan, mucho m\u00e1s Juan<\/strong><\/em> con el que inaugur\u00f3 la d\u00e9cada de los 80, este gallego-balear universal abri\u00f3 el camino de su en\u00e9sima era de fervor popular a trav\u00e9s de \u00e9xitos ineludiblemente pegadizos como aquel picar\u00f3n <em><a title=\"http:\/\/www.youtube.com\/watch?v=NQiFKYML7Wc\" href=\"http:\/\/www.youtube.com\/watch?v=NQiFKYML7Wc\" target=\"_blank\" rel=\"external nofollow\">No me hables<\/a><\/em>.<\/p>\n<p>No obstante, fue con su segundo disco para <strong>Hispavox<\/strong>, del 82, el que da t\u00edtulo a nuestro texto de hoy, con el que mostr\u00f3 un incontestable estado de gracia creativo dirigido, sobre todo, a un p\u00fablico que ya ten\u00eda controlado y estudiado. <em>Hasta ma\u00f1ana<\/em>, <em>Hay que ver<\/em>, <em>No hay porqu\u00e9<\/em>, <em>Dame una oportunidad<\/em>, <em>Estrellas<\/em>, <em>A la vuelta del jard\u00edn<\/em>, <em>Suspiros de amor<\/em>, <em>Y ahora qu\u00e9<\/em>, y, sobre todo, aquel <em>\u00a1Bravo por la m\u00fasica!<\/em> futurista, que en sus actuaciones escenificaba a partir del concurso de un acongojante hombre-robot (hito solo comparable a la coreograf\u00eda del futuro <em><a title=\"http:\/\/www.youtube.com\/watch?v=RBd1fgMDK5o\" href=\"http:\/\/www.youtube.com\/watch?v=RBd1fgMDK5o\" target=\"_blank\" rel=\"external nofollow\">Caballo de batalla<\/a><\/em>) configuraron un elep\u00e9 de dignos sonidos y maduros textos.<\/p>\n<p>&nbsp;<\/p>\n<p><iframe loading=\"lazy\" src=\"\/\/www.youtube.com\/embed\/aTl539eHEpQ\" frameborder=\"0\" width=\"420\" height=\"315\"><\/iframe><\/p>\n<p>&nbsp;<\/p>\n<p>En <em>\u00a1Bravo por la m\u00fasica!<\/em>, <strong>Juan<\/strong> consegu\u00eda reunir mensajes para todos los protagonistas del hecho creativo y asimilativo (&#8220;bravo por los s\u00fabditos, bravo por sus \u00e1rbitros, bravo por los cr\u00edticos de una canci\u00f3n&#8221;), defin\u00eda perfectamente la pasi\u00f3n que es capaz de despertar tan noble arte en todos nosotros (&#8220;con sonidos \u00fanicos, juegan con tus \u00e1nimos y provocan cambios extremos de humor&#8221;), o abr\u00eda nuestros ojos al hecho de que grandes piezas puedan surgir de algo tan aparentemente simple (&#8220;siete notas cl\u00e1sicas forman cualquier clase de combinaci\u00f3n&#8221;), mientras trataba de definir, en una frase, todo aquello que es capaz de sentir cualquier alma sensible a sinfon\u00edas elitistas, <em>riffs<\/em> caraduras, ritmos industriales machacones o acordes pop: &#8220;Ser\u00e1s mi due\u00f1a, sin horas, ser\u00e1s mi amante a la vez, porque te quiero se\u00f1ora y te querr\u00e9&#8221;.<\/p>\n<p>Con todo ello, nos atrevemos a llegar a la conclusi\u00f3n de que el gran <strong>Pardo<\/strong> no eligi\u00f3 aquel a\u00f1o de manera gratuita para lanzar aquel disco. Seg\u00fan muchas fuentes, fue precisamente aquel 1982 cuando <strong>Jack Lang<\/strong>, por entonces ministro de Cultura del Gobierno franc\u00e9s, decidi\u00f3 institucionalizar el 21 de junio como jornada en la que celebrar la <em>Fiesta de la M\u00fasica<\/em>. La misma que, en los \u00faltimos lustros, ha ido ganando aceptaci\u00f3n mundial, pese a que tampoco faltan las voces que sentencian tajantes que no se trata m\u00e1s que de una celebraci\u00f3n para consumidores eventuales de acordes y arpegios, y que la reivindicaci\u00f3n sonora ha de ser vivida d\u00eda a d\u00eda.<\/p>\n<p>&nbsp;<\/p>\n<div id=\"attachment_223\" style=\"width: 577px\" class=\"wp-caption aligncenter\"><a href=\"\/bandasonora\/wp-content\/uploads\/sites\/29\/2014\/06\/portada-grannies.jpg\"><img aria-describedby=\"caption-attachment-223\" loading=\"lazy\" class=\"size-full wp-image-223\" title=\"portada-grannies\" src=\"\/bandasonora\/wp-content\/uploads\/sites\/29\/2014\/06\/portada-grannies.jpg\" alt=\"\" width=\"567\" height=\"567\" srcset=\"https:\/\/static-blogs.lasprovincias.es\/wp-content\/uploads\/sites\/29\/2014\/06\/portada-grannies.jpg 567w, https:\/\/static-blogs.lasprovincias.es\/wp-content\/uploads\/sites\/29\/2014\/06\/portada-grannies-150x150.jpg 150w, https:\/\/static-blogs.lasprovincias.es\/wp-content\/uploads\/sites\/29\/2014\/06\/portada-grannies-300x300.jpg 300w\" sizes=\"(max-width: 567px) 100vw, 567px\" \/><\/a><p id=\"caption-attachment-223\" class=\"wp-caption-text\">Portada para pensionistas con marcha, v\u00eda Javi Lacasta<\/p><\/div>\n<p>&nbsp;<\/p>\n<p>El caso es que, durante este fin de semana, gentes y locales varios de estas tierras se unen a esta fiesta sonora. Algunos de ellos, haciendo hincapi\u00e9 en ello. Entre los primeros, las familias de <strong><a title=\"http:\/\/www.laviejitamusica.com\/\" href=\"http:\/\/www.laviejitamusica.com\/\" target=\"_blank\" rel=\"external nofollow\">La Viejita M\u00fasica<\/a><\/strong> y la incombustible sala <strong><a title=\"http:\/\/www.wahwahclub.es\/inicio\" href=\"http:\/\/www.wahwahclub.es\/inicio\" target=\"_blank\" rel=\"external nofollow\">Wah-Wah<\/a><\/strong>, con una doble y variada jornada cuya primera parada se producir\u00e1 este viernes, d\u00eda 20, con la concurrencia de dos bandas repletas de maestr\u00eda, a partir de piezas que pueden ser consideradas historia viva de nuestra m\u00fasica m\u00e1s reciente. Cerrar\u00e1n la noche <strong><a title=\"https:\/\/www.facebook.com\/perromuchachorock\/info\" href=\"https:\/\/www.facebook.com\/perromuchachorock\/info\" target=\"_blank\" rel=\"external nofollow\">Perro Muchacho<\/a><\/strong>, consistente combo que vive de contundentes adaptaciones de grandes de los 70 como <strong>ZZ Top<\/strong> o <strong>Patti Smith<\/strong>, sustentado en viejos conocidos de la escena valenciana como <strong>Rafa Murcia<\/strong> (<strong>Los Tramperos<\/strong>), <strong>Sergio <em>Radiador<\/em><\/strong> y el gran <strong>Vicente Vila &#8216;<em>Metralla&#8217;<\/em><\/strong>\u00a0(hoy en <strong>Los Radiadores<\/strong>, y a\u00f1os ha en leyendas como <strong>Scooters<\/strong>). Todos ellos arropan los registros vocales de <strong>B\u00e1rbara Arwen<\/strong>.<\/p>\n<p>Compartir\u00e1n escenario con uno de los &#8220;retornos&#8221; m\u00e1s gratos de esta temporada: El de imprescindibles de los sonidos patrios como <strong>Jos\u00e9 Garc\u00eda del Real<\/strong> (<strong>Scooters<\/strong>, <strong>Los Cangrejos<\/strong>, <strong>Tent<\/strong>), <strong>David Campillos<\/strong> (<strong>Los Canadienses<\/strong>, <strong>Tent<\/strong>, <strong>N\u00e9stor Mir<\/strong>, <strong>Trinidad<\/strong>) y <strong>Jos\u00e9 Montoro<\/strong> (<strong>Inhibidos Quizas<\/strong>, <strong>Tent<\/strong>, <strong>Carolina Otero &#038; the Someone Elses<\/strong>), es decir: <strong>The Grannies Band<\/strong>. Les acompa\u00f1ar\u00e1n <strong>Rebeca Ib\u00e1\u00f1ez<\/strong> (<strong>Uncle Son<\/strong>, <strong>N\u00e9stor Mir<\/strong>) y <strong>Ram\u00f3n Manzaneda<\/strong> (<strong>Individual<\/strong>, <strong>The Basement<\/strong>). La formaci\u00f3n se subir\u00e1 a las tablas del <strong>Wah-Wah<\/strong> con un magn\u00edfico pu\u00f1ado de canciones grabadas bajo el t\u00edtulo de <em><strong><a title=\"https:\/\/soundcloud.com\/tags\/the%20grannies%20band\" href=\"https:\/\/soundcloud.com\/tags\/the%20grannies%20band\" target=\"_blank\" rel=\"external nofollow\">01 The Grannies Band<\/a><\/strong><\/em>. Una inmejorable excusa para todos aquellos que sigan echando de menos aquella tremenda rabia sonora llamada <strong>Tent<\/strong>, y una magn\u00edfica noticia para cualquier amante de los acordes que se construyen a partir del sincero homenaje a los <a title=\"https:\/\/blogs.lasprovincias.es\/bandasonora\/2014\/03\/13\/de-bisontes-y-abuelitas\/\" href=\"https:\/\/blogs.lasprovincias.es\/bandasonora\/2014\/03\/13\/de-bisontes-y-abuelitas\/\" target=\"_blank\">grandes de la m\u00fasica<\/a>. Todo ello, como siempre, bajo el peculiar tamiz creativo y registro vocal del bueno de <strong>Pepe Garc\u00eda<\/strong>.<\/p>\n<p>Dign\u00edsima manera de sumergirse en estas festividades musicales, que en la sala Campoamor concluir\u00e1n, oficialmente, con el concurso de otras dos formaciones de altura. Los de <strong><a title=\"http:\/\/desayuno.bandcamp.com\/\" href=\"http:\/\/desayuno.bandcamp.com\/\" target=\"_blank\" rel=\"external nofollow\">Desayuno<\/a><\/strong> atesoran experiencia y cinco referencias sonoras a sus espaldas, a partir de un pop sencillo, de f\u00e1cil digesti\u00f3n y sincero. <strong><a title=\"http:\/\/www.lahoradeltemusic.com\/\" href=\"http:\/\/www.lahoradeltemusic.com\/\" target=\"_blank\" rel=\"external nofollow\">La Hora del T\u00e9<\/a><\/strong>, por su parte, se han convertido en una de las revelaciones indiscutibles de las \u00faltimas temporadas. Su disco <a title=\"http:\/\/lahoradelte.bandcamp.com\/\" href=\"http:\/\/lahoradelte.bandcamp.com\/\" target=\"_blank\" rel=\"external nofollow\">hom\u00f3nimo<\/a>, lanzado a finales de 2013, hizo patente, tanto el buen gusto compositivo de estos amantes del <a title=\"https:\/\/blogs.lasprovincias.es\/bandasonora\/2014\/01\/23\/es-la-hora-del-te\/\" href=\"https:\/\/blogs.lasprovincias.es\/bandasonora\/2014\/01\/23\/es-la-hora-del-te\/\" target=\"_blank\">pop, el rock y el folk sentidos<\/a>, como sus buenas maneras para desarrollar sus incontables referencias. Sin duda, uno de los proyectos a seguir de cerca, y una de nuestras esperanzas sonoras de cara a mirar hacia el horizonte.<\/p>\n<p>&nbsp;<\/p>\n<p><iframe loading=\"lazy\" src=\"https:\/\/player.vimeo.com\/video\/96888732\" width=\"500\" height=\"281\" frameborder=\"0\" title=\"La Hora del T&eacute; - Trying to go home @SalaWahWah\" webkitallowfullscreen mozallowfullscreen allowfullscreen><\/iframe><\/p>\n<p>&nbsp;<\/p>\n<p>Como hacia el futuro gustan de atisbar los organizadores de <em><strong><a title=\"http:\/\/distrito008.es\/distrito008\/4a-edicion-distrito008\/\" href=\"http:\/\/distrito008.es\/distrito008\/4a-edicion-distrito008\/\" target=\"_blank\" rel=\"external nofollow\">Distrito 008<\/a><\/strong><\/em>, cuya cuarta edici\u00f3n desembarca en Extramurs y alrededores durante estos 20, 21 y 22 de junio. Una ambiciosa y plausible aventura a partir de 150 propuestas art\u00edsticas en m\u00e1s de medio centenar de espacios: mercados, muestras gastron\u00f3micas, exhibiciones de grafitis, mediometrajes, danza, actividades para los m\u00e1s peque\u00f1os, teatro&#8230; y m\u00fasica, mucha m\u00fasica.<\/p>\n<p>De las 12 horas de sonidos y arte ininterrumpidas en <strong><a title=\"https:\/\/www.facebook.com\/pages\/La-Llimera\/170819309729469?fref=ts\" href=\"https:\/\/www.facebook.com\/pages\/La-Llimera\/170819309729469?fref=ts\" target=\"_blank\" rel=\"external nofollow\">La Llimera<\/a><\/strong>, al 18 aniversario de <strong><a title=\"https:\/\/www.facebook.com\/laedadeoro?fref=ts\" href=\"https:\/\/www.facebook.com\/laedadeoro?fref=ts\" target=\"_blank\" rel=\"external nofollow\">La Edad de Oro<\/a><\/strong> (actuaci\u00f3n especial de <strong>Funked Up<\/strong>), pasando por varias decenas m\u00e1s de citas, o el esperado homenaje a los <strong>Ramones<\/strong> en el <strong><a title=\"http:\/\/www.lococlub.org\/\" href=\"http:\/\/www.lococlub.org\/\" target=\"_blank\" rel=\"external nofollow\">Loco Club<\/a><\/strong> en el que, cuatro d\u00e9cadas despu\u00e9s de que naciera una de las bandas de rock m\u00e1s trascendentales de la historia, pisar\u00e1n las tablas de Erudito Orellana para ofrecerles sus acordes y almas las gentes de <strong>Los Radiadores<\/strong>, <strong>Crimentales<\/strong>, <strong>The Por Ella Rummers<\/strong> y <strong>The 89 Pounds<\/strong>. Los primeros ya han anunciado que se atrever\u00e1n con cl\u00e1sicos como <em>Chinese Rock<\/em> o <em>I Wanna live<\/em>, y que otra leyenda musical valenciana, <em><strong>El Bolo<\/strong><\/em> (<strong>Scooters<\/strong>, <strong>Los Nerviosos<\/strong>), compartir\u00e1 escenario con ellos.<\/p>\n<p>&nbsp;<\/p>\n<p><iframe loading=\"lazy\" src=\"\/\/www.youtube.com\/embed\/kLQWmAvGkYY\" frameborder=\"0\" width=\"420\" height=\"315\"><\/iframe><\/p>\n<p>&nbsp;<\/p>\n<p>\u00bfQue con esto ya tienen bastante? Pues vamos a intentar ponerles las cosas m\u00e1s dif\u00edciles, y a contribuir a que enloquezcan ante tremendas hordas de m\u00fasicos ansiosas de celebrar que son unos privilegiados por dedicarse a una de las pasiones m\u00e1s reconfortantes que existen. Este mismo viernes (19 horas), <strong>Gim\u00e9nez e Hijos<\/strong> y <strong>C\u00e1ndida<\/strong> actuar\u00e1n en la explanada de la <strong>Biblioteca P\u00fablica de Valencia<\/strong>. Ese mismo d\u00eda, <strong><a title=\"http:\/\/arthurcaravan.bandcamp.com\/\" href=\"http:\/\/arthurcaravan.bandcamp.com\/\" target=\"_blank\" rel=\"external nofollow\">Arthur Caravan<\/a><\/strong> y <strong><a title=\"http:\/\/www.mugroman.com\/\" href=\"http:\/\/www.mugroman.com\/\" target=\"_blank\" rel=\"external nofollow\">Mugroman<\/a><\/strong> clausuraran esa encomiable iniciativa llevada a cabo en la sala <strong><a title=\"http:\/\/www.salamatisse.es\/\" href=\"http:\/\/www.salamatisse.es\/\" target=\"_blank\" rel=\"external nofollow\">Matisse<\/a><\/strong>, el <em><strong>Cicle Matisos<\/strong><\/em>, por el que han pasado una quincena de formaciones de diversa filosof\u00eda y esp\u00edritu. Los primeros llegan a la capital en uno de los momentos m\u00e1s \u00e1lgidos de su carrera, tras su sonado \u00e9xito en la edici\u00f3n de los \u00faltimos <em><strong>Premis Ovidi<\/strong><\/em>, mientras que los segundos siguen inmersos en su gira de despedida, tras 12 a\u00f1os de carrera y media docena de referencias musicales editadas. Adem\u00e1s, la familia de <em><strong><a title=\"http:\/\/www.munube.com\/es\" href=\"http:\/\/www.munube.com\/es\" target=\"_blank\" rel=\"external nofollow\">Munube<\/a><\/strong><\/em> pretende organizar una buena en <strong><a title=\"http:\/\/jerusalemclub.es\/\" href=\"http:\/\/jerusalemclub.es\/\" target=\"_blank\" rel=\"external nofollow\">Jerusalem Club<\/a><\/strong>, a partir del concurso de <strong><a title=\"http:\/\/soledadvelez.bandcamp.com\/\" href=\"http:\/\/soledadvelez.bandcamp.com\/\" target=\"_blank\" rel=\"external nofollow\">Soledad V\u00e9lez<\/a><\/strong>, <strong><a title=\"https:\/\/www.facebook.com\/holatortel\" href=\"https:\/\/www.facebook.com\/holatortel\" target=\"_blank\" rel=\"external nofollow\">T\u00f3rtel<\/a><\/strong> y <strong><a title=\"http:\/\/delocksley.com\/\" href=\"http:\/\/delocksley.com\/\" target=\"_blank\" rel=\"external nofollow\">Delocksley<\/a><\/strong> (ganadores del concurso <em><strong>Munube Stage<\/strong><\/em>), y de las filigranas a los platos de <strong>Los \u00c1tomos djs<\/strong>.<\/p>\n<p>Adem\u00e1s, un d\u00eda m\u00e1s tarde, este s\u00e1bado 21 en la activa <strong><a title=\"https:\/\/www.facebook.com\/libreriabartleby\" href=\"https:\/\/www.facebook.com\/libreriabartleby\" target=\"_blank\" rel=\"external nofollow\">Librer\u00eda Bartleby<\/a><\/strong> tambi\u00e9n han decidido dar gracias a la m\u00fasica reuniendo a un buen pu\u00f1ado (tambi\u00e9n aqu\u00ed) de nombres de altura del universo sonoro valenciano de las \u00faltimas d\u00e9cadas. F\u00edjense, que se lanzan a la fiesta con la connivencia de <strong><a title=\"https:\/\/www.facebook.com\/lanucafria?fref=ts\" href=\"https:\/\/www.facebook.com\/lanucafria?fref=ts\" target=\"_blank\" rel=\"external nofollow\">Lanuca<\/a><\/strong>, <strong><a title=\"https:\/\/blogs.lasprovincias.es\/bandasonora\/2014\/03\/13\/de-bisontes-y-abuelitas\/\" href=\"https:\/\/blogs.lasprovincias.es\/bandasonora\/2014\/03\/13\/de-bisontes-y-abuelitas\/\" target=\"_blank\">Gilbert\u00e1stico<\/a><\/strong>, <strong><a title=\"https:\/\/www.facebook.com\/cisco.fran.5?fref=ts\" href=\"https:\/\/www.facebook.com\/cisco.fran.5?fref=ts\" target=\"_blank\" rel=\"external nofollow\">Cisco Fran<\/a><\/strong>, <strong><a title=\"http:\/\/www.doctordivago.com\/\" href=\"http:\/\/www.doctordivago.com\/\" target=\"_blank\" rel=\"external nofollow\">Doctor Divago<\/a><\/strong> y los m\u00e1s que sugestivos <strong><a title=\"https:\/\/www.facebook.com\/pages\/Pentatronika\/444383178963057?fref=ts\" href=\"https:\/\/www.facebook.com\/pages\/Pentatronika\/444383178963057?fref=ts\" target=\"_blank\" rel=\"external nofollow\">Pentatronika<\/a><\/strong>.<\/p>\n<p>En definitiva, \u00bfqu\u00e9 quieren que les digamos? Que bravo por la m\u00fasica, que nos hace m\u00e1gicos; que bravo por la gente que est\u00e1 en conexi\u00f3n, y que, semana tras semana, no paramos de encontrar razones para seguir invit\u00e1ndoles, de coraz\u00f3n, a consumir cultura y, si es cercana y de calidad, mejor que mejor. Por regla general, no se arrepentir\u00e1n.<\/p>\n<p>&nbsp;<\/p>\n<!-- AddThis Advanced Settings generic via filter on the_content --><!-- AddThis Share Buttons generic via filter on the_content -->","protected":false},"excerpt":{"rendered":"<p>\u201cToda mi gente me dice cosas buenas sobre ti, cosas tan buenas que no s\u00e9 si hablan de la misma chica que yo conoc\u00ed, o si hablan de un ente divino enviado por Bon Scott\u201d La maldici\u00f3n de los planetas, Jordi Cassette (2012) &nbsp; Posiblemente, el gran Juan Pardo no mostraba tal grado de inspiraci\u00f3n [&hellip;]<!-- AddThis Advanced Settings generic via filter on get_the_excerpt --><!-- AddThis Share Buttons generic via filter on get_the_excerpt --><\/p>\n","protected":false},"author":36,"featured_media":0,"comment_status":"open","ping_status":"closed","sticky":false,"template":"","format":"standard","meta":[],"categories":[3,4,6],"tags":[41,120,127,231,265,383,432,464,497,513,548,566],"_links":{"self":[{"href":"https:\/\/blogs.lasprovincias.es\/bandasonora\/wp-json\/wp\/v2\/posts\/222"}],"collection":[{"href":"https:\/\/blogs.lasprovincias.es\/bandasonora\/wp-json\/wp\/v2\/posts"}],"about":[{"href":"https:\/\/blogs.lasprovincias.es\/bandasonora\/wp-json\/wp\/v2\/types\/post"}],"author":[{"embeddable":true,"href":"https:\/\/blogs.lasprovincias.es\/bandasonora\/wp-json\/wp\/v2\/users\/36"}],"replies":[{"embeddable":true,"href":"https:\/\/blogs.lasprovincias.es\/bandasonora\/wp-json\/wp\/v2\/comments?post=222"}],"version-history":[{"count":0,"href":"https:\/\/blogs.lasprovincias.es\/bandasonora\/wp-json\/wp\/v2\/posts\/222\/revisions"}],"wp:attachment":[{"href":"https:\/\/blogs.lasprovincias.es\/bandasonora\/wp-json\/wp\/v2\/media?parent=222"}],"wp:term":[{"taxonomy":"category","embeddable":true,"href":"https:\/\/blogs.lasprovincias.es\/bandasonora\/wp-json\/wp\/v2\/categories?post=222"},{"taxonomy":"post_tag","embeddable":true,"href":"https:\/\/blogs.lasprovincias.es\/bandasonora\/wp-json\/wp\/v2\/tags?post=222"}],"curies":[{"name":"wp","href":"https:\/\/api.w.org\/{rel}","templated":true}]}}