{"id":225,"date":"2014-06-26T18:02:00","date_gmt":"2014-06-26T16:02:00","guid":{"rendered":"http:\/\/blogs.lasprovincias.es\/bandasonora\/?p=225"},"modified":"2014-06-26T18:02:00","modified_gmt":"2014-06-26T16:02:00","slug":"el-sonido-de-la-rabia","status":"publish","type":"post","link":"https:\/\/blogs.lasprovincias.es\/bandasonora\/2014\/06\/26\/el-sonido-de-la-rabia\/","title":{"rendered":"El sonido de la rabia"},"content":{"rendered":"<p style=\"text-align: right;\"><em><strong>&#8220;Soy el gato negro, <\/strong><\/em><br \/>\n<em><strong>que se te cruz\u00f3.<\/strong><\/em><br \/>\n<em><strong>El cruel espejo<\/strong><\/em><br \/>\n<em><strong>en el que se mir\u00f3&#8221;<\/strong><\/em><\/p>\n<p style=\"text-align: right;\"><strong><em><a title=\"http:\/\/www.youtube.com\/watch?v=LFYvBmqNnr8\" href=\"http:\/\/www.youtube.com\/watch?v=LFYvBmqNnr8\" target=\"_blank\" rel=\"external nofollow\">Tu mala suerte<\/a><\/em>, Una Sonrisa Terrible (2003)<\/strong><\/p>\n<p>&nbsp;<\/p>\n<p>Hace dos a\u00f1os, por estas fechas, si uno ten\u00eda arrestos para asomarse a la ventana, y era capaz de soportar el salvaje poniente, se topaba, en buena parte de nuestro territorio, con una imagen pat\u00e9tica, dram\u00e1tica. Una incesante lluvia de ceniza y un cielo rojizo avisaban implacables de que nos enfrent\u00e1bamos a una de las cat\u00e1strofes medioambientales m\u00e1s importantes de nuestra historia reciente. Aquel verano, <a title=\"http:\/\/www.lasprovincias.es\/20120702\/comunitatvalenciana\/comunitat\/valencia-arrasada-incendios-desbocados-201207020228.html\" href=\"http:\/\/www.lasprovincias.es\/20120702\/comunitatvalenciana\/comunitat\/valencia-arrasada-incendios-desbocados-201207020228.html\" target=\"_blank\" rel=\"external nofollow\">50.000 hect\u00e1reas<\/a> ardieron a lo largo y ancho de los bosques y monta\u00f1as de las comarcas centrales.<\/p>\n<p>Hasta entonces, el mayor siniestro conocido de similares caracter\u00edsticas se hab\u00eda producido, a finales de los 70, en el Valle de Ayora. Durante aquellos angustiosos d\u00edas de junio y julio de 2012, el fuego se ceb\u00f3 con buena parte del territorio de localidades como Cortes de Pall\u00e1s o Andilla, una veintena de poblaciones se vieron afectadas, y casi 3.000 personas tuvieron que ser evacuadas, mientras la rabia y el desasosiego asolaban las almas de las personas de bien.<\/p>\n<p>Poco tiempo despu\u00e9s, los realizadores <strong>Alba For\u00e9s<\/strong> y <strong>Rub\u00e9n Soler Ferrer<\/strong> se pusieron en marcha para crear <em><strong>L&#8217;estiu m\u00e9s negre<\/strong><\/em>, un documental que pretend\u00eda mostrar el drama humano de quienes vivieron aquella tragedia, as\u00ed como las consecuencias de aquellos voraces incendios.<\/p>\n<p>&nbsp;<\/p>\n<p><iframe loading=\"lazy\" src=\"\/\/player.vimeo.com\/video\/91706952\" frameborder=\"0\" width=\"500\" height=\"281\"><\/iframe><\/p>\n<p><a href=\"http:\/\/vimeo.com\/91706952\" rel=\"external nofollow\">L&#8217;estiu M\u00e9s Negre (The Darkest Summer | Alba For\u00e9s &#038; Rub\u00e9n Soler Ferrer, 2013) &#8211; Trailer<\/a> from <a href=\"http:\/\/vimeo.com\/lestiumesnegre\" rel=\"external nofollow\">lestiumesnegre<\/a> on <a href=\"https:\/\/vimeo.com\" rel=\"external nofollow\">Vimeo<\/a>.<\/p>\n<p>&nbsp;<\/p>\n<p>Ahora, coincidiendo con el segundo aniversario, la familia de <em><strong>L&#8217;estiu m\u00e9s negre<\/strong><\/em> recuerda aquellos hechos con un claro esp\u00edritu reivindicativo que apela a la responsabilidad, mediante un concierto en la <strong><a title=\"http:\/\/www.salamatisse.es\/programacion-conciertos\/8902\/lestiu-mes-negre-senior-clara-andres-xavo-gimenez\" href=\"http:\/\/www.salamatisse.es\/programacion-conciertos\/8902\/lestiu-mes-negre-senior-clara-andres-xavo-gimenez\" target=\"_blank\" rel=\"external nofollow\">Sala Matisse<\/a><\/strong> de la capital valenciana. Tres ser\u00e1n los protagonistas. Tres de los que, por aquel entonces, participaron en la banda sonora de la cinta: <strong><a title=\"http:\/\/mesdemil.bandcamp.com\/album\/clara-andr-s-entrel-nies\" href=\"http:\/\/mesdemil.bandcamp.com\/album\/clara-andr-s-entrel-nies\" target=\"_blank\" rel=\"external nofollow\">Clara Andr\u00e9s<\/a><\/strong>, <strong><a title=\"http:\/\/malatestarecords.bandcamp.com\/album\/el-poder-del-voler\" href=\"http:\/\/malatestarecords.bandcamp.com\/album\/el-poder-del-voler\" target=\"_blank\" rel=\"external nofollow\">Senior<\/a><\/strong> y <strong><a title=\"http:\/\/gimenezehijos.bandcamp.com\/\" href=\"http:\/\/gimenezehijos.bandcamp.com\/\" target=\"_blank\" rel=\"external nofollow\">Xavo Gim\u00e9nez<\/a><\/strong>, que se dejar\u00e1n caer por la sala de Campoamor el pr\u00f3ximo 3 de julio.<\/p>\n<p>Se da la circunstancia de que los dos primeros han publicado nuevas criaturas en los \u00faltimos meses. <strong>Senior i El Cor Brutal<\/strong>, como bien saben los habituales de la escena valenciana, han triunfado con un memorable <em><strong><a title=\"https:\/\/blogs.lasprovincias.es\/bandasonora\/2014\/04\/17\/a-base-de-honestidad-brutal\/\" href=\"https:\/\/blogs.lasprovincias.es\/bandasonora\/2014\/04\/17\/a-base-de-honestidad-brutal\/\" target=\"_blank\">El poder del voler<\/a><\/strong><\/em> (<strong>Malatesta Records<\/strong>) repleto de mala leche y energ\u00eda. <strong>Clara Andr\u00e9s<\/strong>, por su parte, acaba de desmarcarse con su sorprendente tercera referencia discogr\u00e1fica, <em><strong>Entrel\u00ednies<\/strong><\/em> (<strong>M\u00e9sdemil<\/strong>), repleta de elegantes enso\u00f1aciones minimalistas y agridulces, y embriagadoras piezas del estilo de <em><a title=\"http:\/\/mesdemil.bandcamp.com\/track\/clara-andr-s-genolls\" href=\"http:\/\/mesdemil.bandcamp.com\/track\/clara-andr-s-genolls\" target=\"_blank\" rel=\"external nofollow\">Genolls<\/a><\/em> o <em><a title=\"http:\/\/mesdemil.bandcamp.com\/track\/clara-andr-s-genolls\" href=\"http:\/\/mesdemil.bandcamp.com\/track\/clara-andr-s-genolls\" target=\"_blank\" rel=\"external nofollow\">Banalitzant<\/a><\/em>.<\/p>\n<p>&nbsp;<\/p>\n<div id=\"attachment_227\" style=\"width: 650px\" class=\"wp-caption aligncenter\"><a href=\"\/bandasonora\/wp-content\/uploads\/sites\/29\/2014\/06\/manana-tampoco.jpg\"><img aria-describedby=\"caption-attachment-227\" loading=\"lazy\" class=\"size-full wp-image-227\" title=\"manana-tampoco\" src=\"\/bandasonora\/wp-content\/uploads\/sites\/29\/2014\/06\/manana-tampoco.jpg\" alt=\"\" width=\"640\" height=\"480\" srcset=\"https:\/\/static-blogs.lasprovincias.es\/wp-content\/uploads\/sites\/29\/2014\/06\/manana-tampoco.jpg 640w, https:\/\/static-blogs.lasprovincias.es\/wp-content\/uploads\/sites\/29\/2014\/06\/manana-tampoco-300x225.jpg 300w\" sizes=\"(max-width: 640px) 100vw, 640px\" \/><\/a><p id=\"caption-attachment-227\" class=\"wp-caption-text\">Al final, Ma\u00f1ana tampoco<\/p><\/div>\n<p>&nbsp;<\/p>\n<p>No obstante, la algarab\u00eda sonora comenzar\u00e1 unos d\u00edas antes. De hecho, este fin de semana ya se nos antoja decisivo en lo que a citas recomendables se refiere. El s\u00e1bado, sin ir m\u00e1s lejos, el <strong><a title=\"http:\/\/www.16toneladas.com\/events\/event\/les-rauchen-verboten-manana-tampoco-teletexto-dj-lorenzo-vinilo\/\" href=\"http:\/\/www.16toneladas.com\/events\/event\/les-rauchen-verboten-manana-tampoco-teletexto-dj-lorenzo-vinilo\/\" target=\"_blank\" rel=\"external nofollow\">16 Toneladas<\/a><\/strong> recibe la visita de los siempre sorpresivos <strong><a title=\"http:\/\/lesrauchenverboten.bandcamp.com\/\" href=\"http:\/\/lesrauchenverboten.bandcamp.com\/\" target=\"_blank\" rel=\"external nofollow\">Les Rauchen Verboten<\/a><\/strong>. Se har\u00e1n acompa\u00f1ar de dos formaciones patrias, de \u00e9sas que gustan de no brindar concesi\u00f3n alguna al respetable: Los punzantes <strong><a title=\"http:\/\/teletexto.bandcamp.com\/\" href=\"http:\/\/teletexto.bandcamp.com\/\" target=\"_blank\" rel=\"external nofollow\">Teletexto<\/a><\/strong>, el d\u00fao con m\u00e1s mala leche que pulula por estas lindes, y <strong><a title=\"http:\/\/mananatampoco.bandcamp.com\/album\/ma-ana-tampoco-2\" href=\"http:\/\/mananatampoco.bandcamp.com\/album\/ma-ana-tampoco-2\" target=\"_blank\" rel=\"external nofollow\">Ma\u00f1ana Tampoco<\/a><\/strong>, la en\u00e9sima delirante aventura musical de <strong>Borja Bosc\u00e0<\/strong>, <strong>Nacho N\u00e1cher<\/strong> y <strong>Juan Luis Salmer\u00f3n<\/strong>. En definitiva, una velada, que cerrar\u00e1 <strong>DJ Lorenzo Vinilo<\/strong>, m\u00e1s que ideal para esp\u00edritus libres y o\u00eddos \u00e1vidos de <em>inputs<\/em> sonoros contundentemente apasionantes.<\/p>\n<p>Pr\u00e1cticamente los mismos cerebros que podr\u00edan dejarse caer, ese mismo d\u00eda 28, por el <strong><a title=\"https:\/\/es-es.facebook.com\/club76vlc\" href=\"https:\/\/es-es.facebook.com\/club76vlc\" target=\"_blank\" rel=\"external nofollow\">Club 76<\/a><\/strong> de la zona de El Cedro. All\u00ed, las buenas gentes de <strong><a title=\"https:\/\/es-es.facebook.com\/montereybardiscos\" href=\"https:\/\/es-es.facebook.com\/montereybardiscos\" target=\"_blank\" rel=\"external nofollow\">Monterey Bar &#038; Discos<\/a><\/strong> celebran una sonada fiesta para la cual cuentan con la connivencia, nada m\u00e1s y nada menos, que de <strong><a title=\"http:\/\/cuello.bandcamp.com\" href=\"http:\/\/cuello.bandcamp.com\" target=\"_blank\" rel=\"external nofollow\">Cuello<\/a><\/strong> y <strong><a title=\"http:\/\/retraseres.bandcamp.com\" href=\"http:\/\/retraseres.bandcamp.com\" target=\"_blank\" rel=\"external nofollow\">Retraseres<\/a><\/strong>. Dos consistentes basamentos en los que sustentar cualquier festival impactante que se tercie. Los segundos, a partir de referencias como <em><a title=\"http:\/\/retraseres.bandcamp.com\/track\/se-te-va-2\" href=\"http:\/\/retraseres.bandcamp.com\/track\/se-te-va-2\" target=\"_blank\" rel=\"external nofollow\">Se te va<\/a><\/em> o <em><a title=\"http:\/\/retraseres.bandcamp.com\/track\/benimaclet\" href=\"http:\/\/retraseres.bandcamp.com\/track\/benimaclet\" target=\"_blank\" rel=\"external nofollow\">Benimaclet<\/a><\/em> han sido capaces de retomar la esencia m\u00e1s pura y descarada del punk de barrio, directo y descarado hasta l\u00edmites insospechados. <strong>Cuello<\/strong>, por su parte, a partir de sus dos referencias sonoras, v\u00eda <strong>BCore<\/strong>, <em><strong><a title=\"http:\/\/cuello.bandcamp.com\/album\/mi-brazo-que-te-sobre\" href=\"http:\/\/cuello.bandcamp.com\/album\/mi-brazo-que-te-sobre\" target=\"_blank\" rel=\"external nofollow\">Mi brazo que te sobre<\/a><\/strong><\/em> (2013) y el fabuloso <em><strong><a title=\"http:\/\/cuello.bandcamp.com\/album\/modo-eterno\" href=\"http:\/\/cuello.bandcamp.com\/album\/modo-eterno\" target=\"_blank\" rel=\"external nofollow\">Modo eterno<\/a><\/strong><\/em> (2014) son una de las referencias explosivas con <a title=\"https:\/\/blogs.lasprovincias.es\/bandasonora\/tag\/gran-baile-de-musica-moderna\/\" href=\"https:\/\/blogs.lasprovincias.es\/bandasonora\/tag\/gran-baile-de-musica-moderna\/\" target=\"_blank\">m\u00e1s carisma y pegada<\/a> que ha dado a luz la escena sonora valenciana en los \u00faltimos a\u00f1os. Habr\u00e1 que dar gracias al cielo si, por los alrededores de la calle Campoamor, alguien se topa con alg\u00fan superviviente tras la tormenta que se nos avecina.<\/p>\n<p>Y, precisamente, en la zona, m\u00e1s en concreto en el siempre activo <strong><a title=\"https:\/\/es-es.facebook.com\/dELUXEpopclub\" href=\"https:\/\/es-es.facebook.com\/dELUXEpopclub\" target=\"_blank\" rel=\"external nofollow\">Deluxe Pop Club<\/a><\/strong>, tambi\u00e9n en los pr\u00f3ximos d\u00edas tendr\u00e1 lugar una doble sesi\u00f3n con solera. Este viernes, d\u00eda 27, hasta all\u00ed llegar\u00e1n <strong><a title=\"https:\/\/www.facebook.com\/thefuzzyclouds\" href=\"https:\/\/www.facebook.com\/thefuzzyclouds\" target=\"_blank\" rel=\"external nofollow\">The Fuzzy Clouds<\/a><\/strong>, para dar buena cuenta de su <strong><em><a title=\"http:\/\/thefuzzyclouds.bandcamp.com\/\" href=\"http:\/\/thefuzzyclouds.bandcamp.com\/\" target=\"_blank\" rel=\"external nofollow\">Skip The Fence<\/a><\/em><\/strong>, registrado junto a <strong>Paco Morillas<\/strong> y <strong>Carlos Soler<\/strong> en los <strong>Blackout Musice<\/strong>. Guitarras muy en la onda de combos como <strong>Dinosaur Jr<\/strong> o <strong>Sonic Youth<\/strong> para una primera jornada que dar\u00e1 paso, un d\u00eda m\u00e1s tarde, al retorno de unos cl\u00e1sicos de los sonidos de la terreta. <strong><a title=\"https:\/\/www.facebook.com\/emmagetwild\" href=\"https:\/\/www.facebook.com\/emmagetwild\" target=\"_blank\" rel=\"external nofollow\">Emma Get Wild<\/a><\/strong>, la banda creada hace m\u00e1s de una d\u00e9cada por <strong>Isa Castro<\/strong> y <strong>Salva Fito<\/strong>, y con criaturas en su haber como aquel <em><strong>Hey Hurricane<\/strong><\/em>\u00a0o el <em><strong><a title=\"http:\/\/emmagetwildspain.bandcamp.com\/\" href=\"http:\/\/emmagetwildspain.bandcamp.com\/\" target=\"_blank\" rel=\"external nofollow\">Heavenly Creatures<\/a><\/strong><\/em>, siguen cultivando un rock que vive de la elegancia folk y es capaz de alcanzar momentos de indudable emoci\u00f3n sonora.<\/p>\n<p>&nbsp;<br \/>\n<iframe loading=\"lazy\" src=\"\/\/www.youtube.com\/embed\/MK5hfqooeBo\" frameborder=\"0\" width=\"560\" height=\"315\"><\/iframe><br \/>\n&nbsp;<\/p>\n<p>Y como la buena m\u00fasica, adem\u00e1s de escucharse, tambi\u00e9n se lee, los amantes de los ritmos sentidos en general, y del universo reggae en particular, no pueden dejar de pasarse, este viernes, d\u00eda 27, por la presentaci\u00f3n del libro <em><strong><a title=\"http:\/\/blackstareditorial.wordpress.com\/2014\/04\/08\/la-leyenda-de-sugar-minott-y-youth-promotion\/\" href=\"http:\/\/blackstareditorial.wordpress.com\/2014\/04\/08\/la-leyenda-de-sugar-minott-y-youth-promotion\/\" target=\"_blank\" rel=\"external nofollow\">La leyenda de Sugar Minott y Youth Promotion<\/a><\/strong><\/em>, de <strong>Beth Lesser<\/strong>, traducido por la joven editorial valenciana <strong><a title=\"http:\/\/blackstareditorial.wordpress.com\/\" href=\"http:\/\/blackstareditorial.wordpress.com\/\" target=\"_blank\" rel=\"external nofollow\">Ediciones Black Star<\/a><\/strong>, comandada por el inefable <strong>Dani Tom\u00e1s<\/strong>. Una fiesta, a celebrar en el <strong><a title=\"https:\/\/www.facebook.com\/JuanitaClubValencia\" href=\"https:\/\/www.facebook.com\/JuanitaClubValencia\" target=\"_blank\" rel=\"external nofollow\">Juanita Club<\/a><\/strong>, repleta de buenas vibraciones sonoras (<strong>DJ Hege<\/strong>, <strong>Carlos Monty<\/strong>, <strong>Sergio Monle\u00f3n<\/strong>&#8230;) y visuales (una muestra fotogr\u00e1fica de la colecci\u00f3n personal de <strong>Lesser<\/strong>).<\/p>\n<p>Ya saben, buenos momentos por vivir que hacen que sigamos encontrando razones para seguir invit\u00e1ndoles a consumir cultura y, si es cercana y de calidad, mejor que mejor. Por regla general, no se arrepentir\u00e1n. Sobre todo si echamos un vistazo a algunas de las buenas nuevas que se nos avecinan en los pr\u00f3ximos meses. Sin ir m\u00e1s lejos, el precoz\u00a0<strong><a title=\"https:\/\/www.facebook.com\/ramirez.buenaspulgas?fref=nf\" href=\"https:\/\/www.facebook.com\/ramirez.buenaspulgas?fref=nf\" target=\"_blank\" rel=\"external nofollow\">Ram\u00edrez<\/a><\/strong> anda ultimando su primer largo en solitario tras formar parte de proyectos tan brillantes como <strong>T\u00f3rtel<\/strong> u <strong>Oh! Libia<\/strong>.\u00a0<em><strong>Book of Youth<\/strong><\/em> es el t\u00edtulo de la esperada referencia, y algunas de sus criaturas ser\u00e1n servidas, en formato ac\u00fastico, este viernes, en la <strong>Casa del Libro<\/strong>. De la misma manera que, tras formar parte de los recordados <strong>Megaphone ou la Mort<\/strong>, <strong>Sergio Sorace<\/strong> (bases electr\u00f3nicas, samplers, loops, voz) ya anuncia la inminente edici\u00f3n de el ep\u00e9 <em><strong>Heart<\/strong><\/em>, la primera referencia de <strong><a title=\"https:\/\/www.facebook.com\/artychokes\" href=\"https:\/\/www.facebook.com\/artychokes\" target=\"_blank\" rel=\"external nofollow\">Artychokes<\/a><\/strong>, el d\u00fao creado por el propio <strong>Sergio<\/strong> junto a <strong>Vicente Delhom<\/strong> (voz, guitarra, teclados). <em>Human Bone Style<\/em> es su tarjeta de presentaci\u00f3n, y suena as\u00ed&#8230;<\/p>\n<p>&nbsp;<br \/>\n<iframe loading=\"lazy\" src=\"\/\/www.youtube.com\/embed\/723yD3uTkdk\" frameborder=\"0\" width=\"560\" height=\"315\"><\/iframe><\/p>\n<!-- AddThis Advanced Settings generic via filter on the_content --><!-- AddThis Share Buttons generic via filter on the_content -->","protected":false},"excerpt":{"rendered":"<p>&#8220;Soy el gato negro, que se te cruz\u00f3. El cruel espejo en el que se mir\u00f3&#8221; Tu mala suerte, Una Sonrisa Terrible (2003) &nbsp; Hace dos a\u00f1os, por estas fechas, si uno ten\u00eda arrestos para asomarse a la ventana, y era capaz de soportar el salvaje poniente, se topaba, en buena parte de nuestro territorio, [&hellip;]<!-- AddThis Advanced Settings generic via filter on get_the_excerpt --><!-- AddThis Share Buttons generic via filter on get_the_excerpt --><\/p>\n","protected":false},"author":36,"featured_media":0,"comment_status":"open","ping_status":"closed","sticky":false,"template":"","format":"standard","meta":[],"categories":[3,4],"tags":[19,42,55,89,104,133,150,253,336,461,473,486,502,507,538,546,588,601],"_links":{"self":[{"href":"https:\/\/blogs.lasprovincias.es\/bandasonora\/wp-json\/wp\/v2\/posts\/225"}],"collection":[{"href":"https:\/\/blogs.lasprovincias.es\/bandasonora\/wp-json\/wp\/v2\/posts"}],"about":[{"href":"https:\/\/blogs.lasprovincias.es\/bandasonora\/wp-json\/wp\/v2\/types\/post"}],"author":[{"embeddable":true,"href":"https:\/\/blogs.lasprovincias.es\/bandasonora\/wp-json\/wp\/v2\/users\/36"}],"replies":[{"embeddable":true,"href":"https:\/\/blogs.lasprovincias.es\/bandasonora\/wp-json\/wp\/v2\/comments?post=225"}],"version-history":[{"count":0,"href":"https:\/\/blogs.lasprovincias.es\/bandasonora\/wp-json\/wp\/v2\/posts\/225\/revisions"}],"wp:attachment":[{"href":"https:\/\/blogs.lasprovincias.es\/bandasonora\/wp-json\/wp\/v2\/media?parent=225"}],"wp:term":[{"taxonomy":"category","embeddable":true,"href":"https:\/\/blogs.lasprovincias.es\/bandasonora\/wp-json\/wp\/v2\/categories?post=225"},{"taxonomy":"post_tag","embeddable":true,"href":"https:\/\/blogs.lasprovincias.es\/bandasonora\/wp-json\/wp\/v2\/tags?post=225"}],"curies":[{"name":"wp","href":"https:\/\/api.w.org\/{rel}","templated":true}]}}