{"id":260,"date":"2014-08-07T19:40:55","date_gmt":"2014-08-07T17:40:55","guid":{"rendered":"http:\/\/blogs.lasprovincias.es\/bandasonora\/?p=260"},"modified":"2014-08-07T19:40:55","modified_gmt":"2014-08-07T17:40:55","slug":"la-maquina-que-hace-pop","status":"publish","type":"post","link":"https:\/\/blogs.lasprovincias.es\/bandasonora\/2014\/08\/07\/la-maquina-que-hace-pop\/","title":{"rendered":"La m\u00e1quina que hace \u2018pop\u2019"},"content":{"rendered":"<p><strong><span style=\"font-size: large;\"> Despu\u00e9s del un\u00e1nime aplauso conseguido con su \u00faltimo disco, <em>La orfebrer\u00eda seg\u00fan los m\u00edsticos<\/em>, Maronda ultima con mimo su pr\u00f3xima aventura sonora<\/span><\/strong><\/p>\n<p>&nbsp;<\/p>\n<p><strong>Los Hippy-Loyas<\/strong> es el nombre de un conjunto beat que integraron, a finales de los 60 del siglo pasado, nada m\u00e1s y nada menos que <strong>Tony Leblanc<\/strong>, <strong>Concha Velasco<\/strong>, <strong>Alfredo Landa<\/strong> y <strong>Manolo G\u00f3mez Bur<\/strong>. Llegaron a publicar un vinilo (cotizado entre cierto sector del coleccionismo), de la mano del sello <strong>Belter<\/strong>, que inclu\u00eda, entre otros, los temas <em>Ama y odia<\/em>, <em>Love, love, love<\/em>, y <em>Los negros con las suecas<\/em>. Todos ellos formaban parte de la banda sonora del filme <em><strong>Una vez al a\u00f1o, ser hippy no hace da\u00f1o<\/strong><\/em>, dirigido por <strong>Javier Aguirre<\/strong> en 1969.<\/p>\n<p><iframe loading=\"lazy\" width=\"500\" height=\"375\" src=\"https:\/\/www.youtube.com\/embed\/L-xNEMFX-gg?feature=oembed\" frameborder=\"0\" allowfullscreen><\/iframe><\/p>\n<p>El primero, que presentaba a los miembros del grupo y los defin\u00eda poco menos que como unos antisistema, basaba su estribillo en el eurovisivo <em>La, la, la<\/em>, del <strong>D\u00fao Din\u00e1mico<\/strong> y <strong>Massiel<\/strong>. El segundo, una singular (y m\u00edtica) mofa de las bandas espa\u00f1olas que, por aquellos a\u00f1os, cantaban en ingl\u00e9s (a trav\u00e9s de un acento macarr\u00f3nico, nuestros protagonistas recitan una letra sin sentido), es la prueba evidente de que la atronadora pol\u00e9mica surgida en la Espa\u00f1a de los 90 en torno al idioma frecuentado mayoritariamente por el universo indie ven\u00eda de lejos. <em>Los negros con las suecas<\/em>, directamente, es una parodia descarada del, evidentemente, <em>Los chicos con las chicas<\/em>, popularizado por <strong>Los Bravos<\/strong>. El cuarteto anda componiendo su hit en la playa. <strong>Leblanc<\/strong> plantea una melod\u00eda pr\u00e1cticamente calcada a la de la banda liderada por <strong>Mike Kennedy<\/strong>, pero en tono menor. <strong>Landa<\/strong> le replica con la original, pero <strong>Tony<\/strong> le responde: \u00abEso est\u00e1 muy visto; no se puede tirar uno tan descaradamente a lo comercial\u00bb. La <strong>Velasco<\/strong> sentencia: \u00abQue esto no es para pueblos; es m\u00fasica pop\u00bb. El resultado final incluye pasajes del estilo: \u00abLos negros a las suecas perseguir\u00e1n; las suecas a los negros divertir\u00e1n; todos juntos y unidos se abrazar\u00e1n\u00bb. El (m\u00e1s) tradicional <strong>G\u00f3mez Bur<\/strong> protesta: \u00abNo tiene argumento, y las letras de las canciones tienen que contar algo\u00bb. <strong>Tony<\/strong> es tajante: \u00ab\u00c9sta es una letra de protesta. Es un grito lanzado contra los convencionalismos burgueses\u00bb. Evidentemente, <strong>Aguirre<\/strong>, siguiendo el texto de <strong>Jos\u00e9 Luis Dibildos<\/strong> y <strong>Juan Jos\u00e9 Alonso Mill\u00e1n<\/strong>, reflejaba de manera, en ocasiones cruel, otras simp\u00e1tica, a veces pat\u00e9tica, los clich\u00e9s que en aquella \u00e9poca llamaban \u00abyey\u00e9s\u00bb. De hecho, el propio <strong>Saza<\/strong> ejerce, al m\u00e1s puro estilo <strong>Maharishi Mahesh Yogi<\/strong>, de gur\u00fa espiritual timador.<\/p>\n<p style=\"text-align: center;\"><a href=\"\/bandasonora\/wp-content\/uploads\/sites\/29\/2014\/08\/foto-secundaria1.jpg\"><img loading=\"lazy\" class=\"aligncenter  wp-image-271\" title=\"foto-secundaria\" src=\"\/bandasonora\/wp-content\/uploads\/sites\/29\/2014\/08\/foto-secundaria1.jpg\" alt=\"\" width=\"470\" height=\"473\" srcset=\"https:\/\/static-blogs.lasprovincias.es\/wp-content\/uploads\/sites\/29\/2014\/08\/foto-secundaria1.jpg 1075w, https:\/\/static-blogs.lasprovincias.es\/wp-content\/uploads\/sites\/29\/2014\/08\/foto-secundaria1-150x150.jpg 150w, https:\/\/static-blogs.lasprovincias.es\/wp-content\/uploads\/sites\/29\/2014\/08\/foto-secundaria1-298x300.jpg 298w, https:\/\/static-blogs.lasprovincias.es\/wp-content\/uploads\/sites\/29\/2014\/08\/foto-secundaria1-768x773.jpg 768w, https:\/\/static-blogs.lasprovincias.es\/wp-content\/uploads\/sites\/29\/2014\/08\/foto-secundaria1-1017x1024.jpg 1017w\" sizes=\"(max-width: 470px) 100vw, 470px\" \/><\/a><\/p>\n<p>Para m\u00e1s inri, el propio <strong>Aguirre<\/strong> hab\u00eda sido el encargado de llevar a la gran pantalla, un par de a\u00f1os atr\u00e1s, las primeras aventuras de los propios <strong>Bravos<\/strong>, aquella <em><a title=\"http:\/\/www.youtube.com\/watch?v=Lh3mWqSIo48\" href=\"http:\/\/www.youtube.com\/watch?v=Lh3mWqSIo48\" target=\"_blank\" rel=\"external nofollow\">Los chicos con las chicas<\/a><\/em>\u00a0que bati\u00f3 r\u00e9cords de taquilla y alaridos. A estas alturas, ignoramos si el realizador renegaba de aquel primer producto, practicaba ese ejercicio de estilo que \u00e9l mismo denomin\u00f3 \u2018Anti-cine\u2019 o (sospechamos que por aqu\u00ed vendr\u00edan las cosas) simplemente trataba de re\u00edrse de s\u00ed mismo y del mundo.<\/p>\n<p>A buen seguro que, en aquella \u00e9poca, se lo hubiera pasado bien <strong>Pablo Maronda<\/strong>. No en cuanto a (falta de) libertades y pensamiento rancio, se entiende. Sino por lo que respecta a la efervescencia musical que se viv\u00eda en una pen\u00ednsula que, por aquellos a\u00f1os, asist\u00eda a los \u00faltimos coletazos de los grandes grupos pop, y encaraba la siguiente d\u00e9cada con la vista puesta en nuevas propuestas: \u00abA finales de los sesenta hay varios focos que me parecen interesantes: por un lado est\u00e1n los hippys del sur de Espa\u00f1a, que empiezan a calcar el underground americano que entraba en forma de vinilos por la base de Rota, con sonidos parecidos a los que se facturaban en Baleares o Catalu\u00f1a m\u00e1s cercanos a lo progresivo; y desde luego el beat que hac\u00edan todos esos grupos de las matinales del <strong>Price<\/strong>, que tambi\u00e9n ten\u00edan un reflejo en la Barcelona sixty. B\u00e1sicamente (exceptuando Madrid) el rock and roll fue importado en las grandes ciudades portuarias como un soplo de aire fresco en un pa\u00eds constre\u00f1ido a todos los niveles. Mis grupos favoritos de aquella \u00e9poca son <strong>Nuevos Horizontes<\/strong>, <strong>Ia &#038; Batiste<\/strong>, <strong>Smash<\/strong>, <strong>Los \u00c1ngeles<\/strong>, <strong>Los Brincos<\/strong>, <strong>Los M\u00f3dulos<\/strong>, <strong>Los Pasos<\/strong>\u00a0y las <strong>Vainica<\/strong> [<strong>Doble<\/strong>], claro\u00bb.<\/p>\n<div id=\"attachment_272\" style=\"width: 770px\" class=\"wp-caption aligncenter\"><a href=\"\/bandasonora\/wp-content\/uploads\/sites\/29\/2014\/08\/maronda-blog.jpg\"><img aria-describedby=\"caption-attachment-272\" loading=\"lazy\" class=\"size-full wp-image-272 \" title=\"maronda-blog\" src=\"\/bandasonora\/wp-content\/uploads\/sites\/29\/2014\/08\/maronda-blog.jpg\" alt=\"\" width=\"760\" height=\"509\" srcset=\"https:\/\/static-blogs.lasprovincias.es\/wp-content\/uploads\/sites\/29\/2014\/08\/maronda-blog.jpg 760w, https:\/\/static-blogs.lasprovincias.es\/wp-content\/uploads\/sites\/29\/2014\/08\/maronda-blog-300x201.jpg 300w\" sizes=\"(max-width: 760px) 100vw, 760px\" \/><\/a><p id=\"caption-attachment-272\" class=\"wp-caption-text\">Pablo Maronda, visto por Arturo Ferrer<\/p><\/div>\n<p>\u00bfY con cu\u00e1l de los cuatro miembros de <strong>Los Hippy-Loyas<\/strong> se identificar\u00eda m\u00e1s <strong>Maronda<\/strong>?: \u00abMe parece una parodia bastante burda, como corresponde a cualquier visi\u00f3n del movimiento hippy hecha en las entra\u00f1as mainstream de un r\u00e9gimen fascista; otra cosa es que desde el distanciamiento ir\u00f3nico y tom\u00e1ndola como un artefacto pop efectuemos una lectura ben\u00e9vola (me la he visto media docena de veces), como cuando se relee el <em><strong>TBO<\/strong><\/em> o se escuchan las canciones de <strong>Los 4 de la Torre<\/strong>. La frase de <strong>Tony Leblanc<\/strong> de \u2018soy un playboy\u2026 pero de izquierdas\u2019 bien podr\u00edan recogerla indies del PP, <em><strong>Mongolia<\/strong><\/em> o <em><strong>Socialismo y Barbarie<\/strong><\/em> con una intencionalidad bien distinta a la de su contexto. Como sol\u00eda rezar el lema de los <em><strong>Mondo Brutto<\/strong><\/em>: \u2018cultura bizarra para brutos mec\u00e1nicos\u2019. Me quedo con \u00e9l por jeta\u00bb.<\/p>\n<p><iframe loading=\"lazy\" width=\"500\" height=\"281\" src=\"https:\/\/www.youtube.com\/embed\/Km_avHd4j1Q?feature=oembed\" frameborder=\"0\" allowfullscreen><\/iframe><\/p>\n<p>Quer\u00edamos pulsar la opini\u00f3n de <strong>Pablo<\/strong>, porque es un tipo de vasta cultura. Devorador empedernido de cine, m\u00fasica y literatura, sus textos y todo aquello que envuelve el proyecto que comparte con el tambi\u00e9n incansable <strong>Marc Greenwood<\/strong>, <strong>Maronda<\/strong> (dise\u00f1o, filosof\u00eda, m\u00fasica&#8230;), est\u00e1n repletos de vericuetos en los que hay que bucear con calma. Tras aquel <em><strong>El fin del mundo en mapas<\/strong><\/em>\u00a0de 2011, la temporada pasada lleg\u00f3, como un aut\u00e9ntico cicl\u00f3n, <em><strong>La orfebrer\u00eda seg\u00fan los m\u00edsticos<\/strong><\/em>, una magn\u00edfica obra pop que recolectaba lo mejor del pasado para ponerlo al d\u00eda de manera elegante y vistosa. Ahora, el grupo trabaja en su pr\u00f3ximo disco que, seg\u00fan comenta, ver\u00e1 la luz a finales de 2014 o principios de 2015, y que se va a grabar, en breve, entre Valencia y Murcia (all\u00ed anda\u00a0<strong>Marc<\/strong> mont\u00e1ndose un estudio): \u00abA\u00fan no se sabe cu\u00e1ntos temas tendr\u00e1, si ser\u00e1 la primera parte de otro que sacaremos a continuaci\u00f3n, o qu\u00e9, pero est\u00e1 claro que tenemos muchas canciones para montar un repertorio a la altura o mejor que los dos discos anteriores. Yo hago canciones a lo largo de los a\u00f1os y las grabo y las junto si me parece que pegan; parte de las canciones de <em><strong>La orfebrer\u00eda&#8230;<\/strong><\/em>\u00a0son de ahora, otras se grabaron para el primero y no entraron, y algunas son de hace mucho tiempo, como <em>Arcadia<\/em>, cuya primera demo data de 2002. El sonido cambiar\u00e1 en la medida en que ahora somos cuatro en directo de manera m\u00e1s o menos estable, y queremos reflejarlo en la grabaci\u00f3n. \u00bfReferencias? Un mont\u00f3n: <strong>Sagittarius<\/strong>, <strong>The Zombies<\/strong>, <strong>Robyn Hitchcock<\/strong>, etc. Aunque esto son gui\u00f1os, anotaciones al margen, que uso yo a la hora de escribir y pensar seg\u00fan qu\u00e9 arreglos. Eso s\u00ed, no va a ser un disco vintage, como tampoco lo fueron los anteriores. El caldo que usamos de base es la receta tradicional, pero tenemos ganas de \u2018nouvelle cuisine\u2019. Nunca nos ha interesado reconstruir un sonido que ya vivi\u00f3 su momento, y que est\u00e1 muy bien, sino tomarlo como referente para hacer algo distinto en conexi\u00f3n con el esp\u00edritu del tiempo presente\u00bb.<\/p>\n<p>&nbsp;<\/p>\n<p><a href=\"\/bandasonora\/wp-content\/uploads\/sites\/29\/2014\/08\/Foto03.jpg\"><img loading=\"lazy\" class=\"aligncenter size-large wp-image-269\" title=\"Foto03\" src=\"\/bandasonora\/wp-content\/uploads\/sites\/29\/2014\/08\/Foto03.jpg\" alt=\"\" width=\"1024\" height=\"1024\" srcset=\"https:\/\/static-blogs.lasprovincias.es\/wp-content\/uploads\/sites\/29\/2014\/08\/Foto03.jpg 1440w, https:\/\/static-blogs.lasprovincias.es\/wp-content\/uploads\/sites\/29\/2014\/08\/Foto03-150x150.jpg 150w, https:\/\/static-blogs.lasprovincias.es\/wp-content\/uploads\/sites\/29\/2014\/08\/Foto03-300x300.jpg 300w, https:\/\/static-blogs.lasprovincias.es\/wp-content\/uploads\/sites\/29\/2014\/08\/Foto03-768x768.jpg 768w, https:\/\/static-blogs.lasprovincias.es\/wp-content\/uploads\/sites\/29\/2014\/08\/Foto03-1024x1024.jpg 1024w\" sizes=\"(max-width: 1024px) 100vw, 1024px\" \/><\/a><\/p>\n<p>&nbsp;<\/p>\n<p><span style=\"color: #993300;\"><strong><span style=\"font-size: large;\">La recomendaci\u00f3n veraniega de la semana: Sones italianos camino de l\u2019Alc\u00fadia<\/span><\/strong><\/span><\/p>\n<p><em><strong>El mago de los sones mediterr\u00e1neos, Julio Bustamante, tira de maestr\u00eda para ofrecernos sus opciones estivales<\/strong><\/em><\/p>\n<p>Es uno de nuestros creadores m\u00e1s polivalentes. Desde hace a\u00f1os, vive una especie de tercera juventud a base de constantes reconocimientos y homenajes que, como era de prever, \u00e9l suele afrontar con esa modestia y ese optimismo que le caracterizan. Conscientes de su sapiencia, le pedimos que nos recomiende algunas joyas sonoras para degustar este verano: \u00ab<strong><em><a title=\"http:\/\/www.youtube.com\/watch?v=iYZo6bYJztY\" href=\"http:\/\/www.youtube.com\/watch?v=iYZo6bYJztY\" target=\"_blank\" rel=\"external nofollow\">La voce del padrone<\/a><\/em><\/strong>, de <strong>Franco Battiato<\/strong>, editado por <strong>EMI<\/strong> en 1981. La m\u00fasica italiana para m\u00ed es la m\u00e1s veraniega de todas. Podr\u00eda recomendar tambi\u00e9n un buen recopilatorio de temas italianos de los 60: <strong>Sergio Endrigo<\/strong>, <strong>Mina<\/strong>, <strong>Gino Paoli<\/strong>, etc&#8230; por la misma raz\u00f3n. M\u00e9zclese con m\u00fasica de los primeros <strong>Beatles<\/strong> y <strong>Beach Boys<\/strong>, a\u00f1\u00e1dase granizado de lim\u00f3n con unas gotas de ron&#8230; \u00a1y un toque de <strong>Jobim<\/strong>!\u00bb.<\/p>\n<p>De paso, y sabedores de que nuestro protagonista es uno de los artistas que m\u00e1s y m\u00e1s diversos escenarios ha pisado a lo largo de su dilatada carrera, aprovechamos la ocasi\u00f3n para saber qu\u00e9 artista o grupo valenciano no se perder\u00eda, en directo, por nada del mundo, si durante las pr\u00f3ximas fechas se cruza con \u00e9l a lo largo y ancho de nuestro territorio. \u00abBueno, la verdad es que recomendar\u00eda un mont\u00f3n. Los artistas valencianos son de lo m\u00e1s original y creativo del panorama estatal actual. Dif\u00edcil elegir uno solo. Como una excelente representaci\u00f3n sugiero <strong><a title=\"http:\/\/arthurcaravan.bandcamp.com\/\" href=\"http:\/\/arthurcaravan.bandcamp.com\/\" target=\"_blank\" rel=\"external nofollow\">Arthur Caravan<\/a><\/strong>, y de solista, a <strong><a title=\"http:\/\/www.oscarbriz.net\/\" href=\"http:\/\/www.oscarbriz.net\/\" target=\"_blank\" rel=\"external nofollow\">\u00d2scar Briz<\/a><\/strong>\u00bb.<\/p>\n<p>&nbsp;<\/p>\n<p><strong><span style=\"font-size: large; color: #993300;\">Un d\u00eda son\u00f3\u2026<\/span><\/strong><\/p>\n<p>&nbsp;<\/p>\n<p><strong><a href=\"\/bandasonora\/wp-content\/uploads\/sites\/29\/2014\/08\/top-son2.jpg\"><img loading=\"lazy\" class=\"alignleft size-thumbnail wp-image-263\" title=\"top-son\" src=\"\/bandasonora\/wp-content\/uploads\/sites\/29\/2014\/08\/top-son2.jpg\" alt=\"\" width=\"150\" height=\"150\" \/><\/a>Los Top-Son: <em><a title=\"http:\/\/www.youtube.com\/watch?v=AgvJT4ZEce4\" href=\"http:\/\/www.youtube.com\/watch?v=AgvJT4ZEce4\" target=\"_blank\" rel=\"external nofollow\">Cantan Chariot<\/a><\/em> (La Voz de su Amo, 1963)<\/strong><\/p>\n<p>Dos temas propios y dos versiones para el primer ep\u00e9 de la primera formaci\u00f3n de <strong>Los Top-Son<\/strong> (la integrada por <strong>Baldov\u00ed<\/strong>, <strong>Castell\u00f3<\/strong> y <strong>Olivas<\/strong>), sucesora de <strong>Los Milos<\/strong>. Impagable, uno de los cl\u00e1sicos valencianos de nuestro rock: El m\u00edtico <em>Twist a Mar\u00eda Amparo<\/em>. Edit\u00f3 <strong>La Voz de su Amo<\/strong>.<\/p>\n<p>&nbsp;<\/p>\n<p><strong><a href=\"\/bandasonora\/wp-content\/uploads\/sites\/29\/2014\/08\/HumoesHumo.jpg\"><img loading=\"lazy\" class=\"alignleft size-thumbnail wp-image-264\" title=\"HumoesHumo\" src=\"\/bandasonora\/wp-content\/uploads\/sites\/29\/2014\/08\/HumoesHumo.jpg\" alt=\"\" width=\"150\" height=\"150\" srcset=\"https:\/\/static-blogs.lasprovincias.es\/wp-content\/uploads\/sites\/29\/2014\/08\/HumoesHumo.jpg 1588w, https:\/\/static-blogs.lasprovincias.es\/wp-content\/uploads\/sites\/29\/2014\/08\/HumoesHumo-150x150.jpg 150w, https:\/\/static-blogs.lasprovincias.es\/wp-content\/uploads\/sites\/29\/2014\/08\/HumoesHumo-298x300.jpg 298w, https:\/\/static-blogs.lasprovincias.es\/wp-content\/uploads\/sites\/29\/2014\/08\/HumoesHumo-768x774.jpg 768w, https:\/\/static-blogs.lasprovincias.es\/wp-content\/uploads\/sites\/29\/2014\/08\/HumoesHumo-1016x1024.jpg 1016w\" sizes=\"(max-width: 150px) 100vw, 150px\" \/><\/a>Humo: <em><a title=\"http:\/\/www.youtube.com\/watch?v=2gFaVOVK_CY\" href=\"http:\/\/www.youtube.com\/watch?v=2gFaVOVK_CY\" target=\"_blank\" rel=\"external nofollow\">Humo es humo<\/a><\/em> (Polydor, 1974)<\/strong><\/p>\n<p>El d\u00fao <strong>Humo<\/strong> ser\u00e1 recordado, adem\u00e1s de por viajar con <strong>Nino Bravo<\/strong> en el momento del accidente que cost\u00f3 la vida al gran artista, por ser el proyecto auspiciado por el de Aielo de Malferit, que convenci\u00f3 a <strong>Polydor<\/strong> para lanzarlos. Un \u00fanico sencillo fue el resultado de aquella aventura.<\/p>\n<p>&nbsp;<\/p>\n<p><strong><a href=\"\/bandasonora\/wp-content\/uploads\/sites\/29\/2014\/08\/comite.jpg\"><img loading=\"lazy\" class=\"alignleft size-thumbnail wp-image-265\" title=\"comite\" src=\"\/bandasonora\/wp-content\/uploads\/sites\/29\/2014\/08\/comite.jpg\" alt=\"\" width=\"150\" height=\"150\" \/><\/a>Comit\u00e9 Cisne: <em><a title=\"http:\/\/www.youtube.com\/watch?v=ILZAyOqr2k8\" href=\"http:\/\/www.youtube.com\/watch?v=ILZAyOqr2k8\" target=\"_blank\" rel=\"external nofollow\">El final del mar<\/a><\/em> (Intermitente, 1987)<\/strong><\/p>\n<p>Bajo la marca <strong>Intermitente<\/strong>, una de las formaciones con m\u00e1s solera de nuestro rock (<strong>Go\u00f1i<\/strong>, <strong>Carreres<\/strong>, <strong>Mac\u00edas<\/strong>) se desmarc\u00f3 con un mini elep\u00e9 que ven\u00eda a confirmar las infinitas posibilidades de un proyecto repleto de ambiciones sonoras pocas veces vistas por estas contornadas: <em>Licor<\/em>, <em>Ana Frank<\/em>&#8230;<\/p>\n<p>&nbsp;<\/p>\n<p><strong><a href=\"\/bandasonora\/wp-content\/uploads\/sites\/29\/2014\/08\/malconsejo.jpg\"><img loading=\"lazy\" class=\"alignleft size-thumbnail wp-image-266\" title=\"malconsejo\" src=\"\/bandasonora\/wp-content\/uploads\/sites\/29\/2014\/08\/malconsejo.jpg\" alt=\"\" width=\"150\" height=\"150\" \/><\/a>Malconsejo: <em><a title=\"http:\/\/www.youtube.com\/watch?v=OASuWnntGqk\" href=\"http:\/\/www.youtube.com\/watch?v=OASuWnntGqk\" target=\"_blank\" rel=\"external nofollow\">Una hora sin televisi\u00f3n<\/a><\/em> (Rock Indiana, 1997)<\/strong><\/p>\n<p>Herederos de la mejor vertiente del castellonense <strong>Miguel \u00c1ngel Villanueva<\/strong>, <strong>Santi Campos<\/strong> y los suyos conformaron una emocionante aventura repleta de guitarras brillantes, letras sentidas e inapelables piezas pop: <em>Hablando con la pared<\/em>, <em>Uh la-la-la<\/em>. Un verdadero tratado de elegancia.<\/p>\n<p>&nbsp;<\/p>\n<p><strong><a href=\"\/bandasonora\/wp-content\/uploads\/sites\/29\/2014\/08\/LHR.jpg\"><img loading=\"lazy\" class=\"alignleft size-thumbnail wp-image-267\" title=\"LHR\" src=\"\/bandasonora\/wp-content\/uploads\/sites\/29\/2014\/08\/LHR.jpg\" alt=\"\" width=\"150\" height=\"150\" \/><\/a>La Habitaci\u00f3n Roja: <em><a title=\"http:\/\/www.youtube.com\/watch?v=ZwlPWuvtelg\" href=\"http:\/\/www.youtube.com\/watch?v=ZwlPWuvtelg\" target=\"_blank\" rel=\"external nofollow\">Radio<\/a><\/em> (GEEM-Astro, 2001)<\/strong><\/p>\n<p>Para quien todav\u00eda no confiaba en sus posibilidades, <em><strong>Radio<\/strong><\/em>, editado por <strong>Grabaciones en el Mar<\/strong> y <strong>Astro<\/strong> se convirti\u00f3 en la prueba definitiva de que los de l\u2019Eliana estaban a punto de convertirse en lo que son: Una de las mejores bandas de pop de nuestra historia. <em>Un d\u00eda perfecto<\/em>, grandiosa.<\/p>\n<p>&nbsp;<\/p>\n<p><strong><a href=\"\/bandasonora\/wp-content\/uploads\/sites\/29\/2014\/08\/moxnox.jpg\"><img loading=\"lazy\" class=\"alignleft size-thumbnail wp-image-268\" title=\"moxnox\" src=\"\/bandasonora\/wp-content\/uploads\/sites\/29\/2014\/08\/moxnox.jpg\" alt=\"\" width=\"150\" height=\"150\" srcset=\"https:\/\/static-blogs.lasprovincias.es\/wp-content\/uploads\/sites\/29\/2014\/08\/moxnox.jpg 935w, https:\/\/static-blogs.lasprovincias.es\/wp-content\/uploads\/sites\/29\/2014\/08\/moxnox-150x150.jpg 150w, https:\/\/static-blogs.lasprovincias.es\/wp-content\/uploads\/sites\/29\/2014\/08\/moxnox-300x300.jpg 300w, https:\/\/static-blogs.lasprovincias.es\/wp-content\/uploads\/sites\/29\/2014\/08\/moxnox-768x768.jpg 768w\" sizes=\"(max-width: 150px) 100vw, 150px\" \/><\/a>Mox Nox: <em><a title=\"http:\/\/moxnox.bandcamp.com\/track\/la-llum\" href=\"http:\/\/moxnox.bandcamp.com\/track\/la-llum\" target=\"_blank\" rel=\"external nofollow\">Damnatio Memoriae<\/a><\/em> (Autoedici\u00f3n, 2013)<\/strong><\/p>\n<p>Los de la Marina se convirtieron en una de las sorpresas de la temporada con un magn\u00edfico disco de debut, autoeditado, repleto de distorsiones y melod\u00edas que deambulan entre lo luminoso y lo tenebroso. Reminiscencias de lo mejor del noise de los 80.<\/p>\n<p>&nbsp;<\/p>\n<!-- AddThis Advanced Settings generic via filter on the_content --><!-- AddThis Share Buttons generic via filter on the_content -->","protected":false},"excerpt":{"rendered":"<p>Despu\u00e9s del un\u00e1nime aplauso conseguido con su \u00faltimo disco, La orfebrer\u00eda seg\u00fan los m\u00edsticos, Maronda ultima con mimo su pr\u00f3xima aventura sonora &nbsp; Los Hippy-Loyas es el nombre de un conjunto beat que integraron, a finales de los 60 del siglo pasado, nada m\u00e1s y nada menos que Tony Leblanc, Concha Velasco, Alfredo Landa y [&hellip;]<!-- AddThis Advanced Settings generic via filter on get_the_excerpt --><!-- AddThis Share Buttons generic via filter on get_the_excerpt --><\/p>\n","protected":false},"author":36,"featured_media":0,"comment_status":"open","ping_status":"closed","sticky":false,"template":"","format":"standard","meta":[],"categories":[2,4],"tags":[236,270,342,347],"_links":{"self":[{"href":"https:\/\/blogs.lasprovincias.es\/bandasonora\/wp-json\/wp\/v2\/posts\/260"}],"collection":[{"href":"https:\/\/blogs.lasprovincias.es\/bandasonora\/wp-json\/wp\/v2\/posts"}],"about":[{"href":"https:\/\/blogs.lasprovincias.es\/bandasonora\/wp-json\/wp\/v2\/types\/post"}],"author":[{"embeddable":true,"href":"https:\/\/blogs.lasprovincias.es\/bandasonora\/wp-json\/wp\/v2\/users\/36"}],"replies":[{"embeddable":true,"href":"https:\/\/blogs.lasprovincias.es\/bandasonora\/wp-json\/wp\/v2\/comments?post=260"}],"version-history":[{"count":0,"href":"https:\/\/blogs.lasprovincias.es\/bandasonora\/wp-json\/wp\/v2\/posts\/260\/revisions"}],"wp:attachment":[{"href":"https:\/\/blogs.lasprovincias.es\/bandasonora\/wp-json\/wp\/v2\/media?parent=260"}],"wp:term":[{"taxonomy":"category","embeddable":true,"href":"https:\/\/blogs.lasprovincias.es\/bandasonora\/wp-json\/wp\/v2\/categories?post=260"},{"taxonomy":"post_tag","embeddable":true,"href":"https:\/\/blogs.lasprovincias.es\/bandasonora\/wp-json\/wp\/v2\/tags?post=260"}],"curies":[{"name":"wp","href":"https:\/\/api.w.org\/{rel}","templated":true}]}}