{"id":284,"date":"2014-08-21T19:40:10","date_gmt":"2014-08-21T17:40:10","guid":{"rendered":"http:\/\/blogs.lasprovincias.es\/bandasonora\/?p=284"},"modified":"2014-08-21T19:40:10","modified_gmt":"2014-08-21T17:40:10","slug":"dadaismo-libertario-revisitado","status":"publish","type":"post","link":"https:\/\/blogs.lasprovincias.es\/bandasonora\/2014\/08\/21\/dadaismo-libertario-revisitado\/","title":{"rendered":"Dada\u00edsmo libertario revisitado"},"content":{"rendered":"<p><strong><span style=\"font-size: large;\">Varios grupos recuperan el legado de Felpudo Tos a partir de un disco que trata de reivindicar el esp\u00edritu de una de las bandas m\u00e1s inclasificables que ha dado nuestra m\u00fasica<\/span><\/strong><\/p>\n<p>&nbsp;<\/p>\n<p>La segunda pel\u00edcula de <strong>Los Bravos<\/strong>, <em><strong>Dame un poco de amooor!<\/strong><\/em>, es un aut\u00e9ntico monumento al absurdo. Y lo decimos con la acritud justa porque, realmente, incluye verdaderas obras maestras de la animaci\u00f3n espa\u00f1ola, merced al concurso de los <strong>Estudios Moro<\/strong>, reconocidos en medio mundo como uno de los baluartes de la publicidad europea. Adem\u00e1s, sirvi\u00f3 de veh\u00edculo perfecto para la promoci\u00f3n de buena parte de la \u00faltima tanda de temas realmente potables de uno de los conjuntos ib\u00e9ricos con m\u00e1s proyecci\u00f3n internacional.<\/p>\n<p>A partir de un claro homenaje a las cintas de serie B, en manos del realizador <strong>Jos\u00e9 Mar\u00eda Forqu\u00e9<\/strong>, se rumorea que el filme iba a recibir el t\u00edtulo de <em><strong>Los Bravos contra Fu-Manch\u00fa<\/strong><\/em>, aunque, finalmente, en la balanza prevaleci\u00f3 la decisi\u00f3n de promocionar, en su traducci\u00f3n al castellano, el tema estrella interpretado, aquel a\u00f1o 68, por el conjunto musical, el <em>Bring a Little Lovin&#8217;<\/em>\u00a0compuesto por <strong>Vanda<\/strong> y <strong>Young<\/strong>, de <strong><a title=\"https:\/\/www.youtube.com\/watch?v=dnqxbdnzlhw\" href=\"https:\/\/www.youtube.com\/watch?v=dnqxbdnzlhw\" target=\"_blank\" rel=\"external nofollow\">The Easybeats<\/a><\/strong>.<\/p>\n<p>&nbsp;<\/p>\n<p><iframe loading=\"lazy\" src=\"\/\/www.youtube.com\/embed\/tbvHJdXrYmU\" frameborder=\"0\" width=\"420\" height=\"315\"><\/iframe><\/p>\n<p>&nbsp;<\/p>\n<p>Hac\u00edamos referencia a lo bizarro del proyecto porque su desarrollo se basa, tanto en un disparatado argumento, como en una sucesi\u00f3n de secuencias y planos lis\u00e9rgico-ca\u00f1\u00eds. El ya talludito <strong>Mike Kennedy<\/strong> (todo gira en torno a \u00e9l; el resto de la banda se convierte en mera comparsa), taciturno y alelado lector empedernido de c\u00f3mics, debe convertirse en el h\u00e9roe que d\u00e9 al traste con un malvado plan para apoderarse de las conciencias de los mandamases mundiales, y que busca instaurar un nuevo orden mundial liderado por (todav\u00eda m\u00e1s) malos malosos. En <em><strong>Dame un poco de amooor!<\/strong><\/em>\u00a0asistimos a dign\u00edsimos y vistosos v\u00eddeo-clips musicales, s\u00ed, pero tambi\u00e9n a cachiporrazos varios, c\u00f3micas persecuciones, delirantes giros argumentales, psicod\u00e9licos di\u00e1logos, y caracterizaciones m\u00edticas como las de uno de los actores espa\u00f1oles m\u00e1s reputados, el m\u00edtico gal\u00e1n <strong>Luis Pe\u00f1a<\/strong>, convertido en el capo chino del invento, o un <strong>\u00c1lvaro de Luna<\/strong> transformado en mat\u00f3n asi\u00e1tico, ojos rasgados y coleta oriental incluidos.<\/p>\n<p>La cinta no logr\u00f3 el grado de aceptaci\u00f3n popular de su predecesora. Adem\u00e1s, a lo largo de aquel 1968 comenzar\u00eda a resquebrajarse la ya de por s\u00ed dif\u00edcil de mantener estructura del proyecto <strong>Bravos<\/strong>. De hecho, la producci\u00f3n de una tercera pel\u00edcula, que deb\u00eda rodarse bajo las \u00f3rdenes de otro representante del absurdo hispano, <strong>Manolo Summers<\/strong>, es finalmente cancelada. A finales de aquel a\u00f1o, <strong>Mike<\/strong> dejaba el grupo y nac\u00edan los nuevos <strong>Bravos<\/strong>.<\/p>\n<p>&nbsp;<\/p>\n<div id=\"attachment_285\" style=\"width: 544px\" class=\"wp-caption aligncenter\"><a href=\"\/bandasonora\/wp-content\/uploads\/sites\/29\/2014\/08\/felpudo.jpg\"><img aria-describedby=\"caption-attachment-285\" loading=\"lazy\" class=\"size-full wp-image-285\" title=\"felpudo\" src=\"\/bandasonora\/wp-content\/uploads\/sites\/29\/2014\/08\/felpudo.jpg\" alt=\"\" width=\"534\" height=\"377\" srcset=\"https:\/\/static-blogs.lasprovincias.es\/wp-content\/uploads\/sites\/29\/2014\/08\/felpudo.jpg 534w, https:\/\/static-blogs.lasprovincias.es\/wp-content\/uploads\/sites\/29\/2014\/08\/felpudo-300x212.jpg 300w\" sizes=\"(max-width: 534px) 100vw, 534px\" \/><\/a><p id=\"caption-attachment-285\" class=\"wp-caption-text\">Felpudo Tos: Ciertamente inclasificables<\/p><\/div>\n<p>Por cierto, que maestros valencianos del surrealismo y el absurdo m\u00e1s o menos estudiado, aparte de <strong>Luis S\u00e1nchez Polack <em>Tip<\/em><\/strong>\u00a0(que, casualmente, tambi\u00e9n aparece en el filme de <strong>Los Bravos<\/strong>), fueron las gentes de <strong><a title=\"http:\/\/mindabad.bandcamp.com\/\" href=\"http:\/\/mindabad.bandcamp.com\/\" target=\"_blank\" rel=\"external nofollow\">Felpudo Tos<\/a><\/strong>, una inimitable e inclasificable aventura filos\u00f3fico-deconstructivistico-musical, encabezada, all\u00e1 por los 90 del siglo pasado, por uno de los tr\u00edos m\u00e1s singulares que ha visto crecer y expandirse nuestra escena: <strong>Pilar<\/strong>, <strong>Iv\u00e1n<\/strong> y <strong>Koldo<\/strong>. Este \u00faltimo, precisamente, acaba de publicar, bajo la marca <strong><a title=\"https:\/\/blogs.lasprovincias.es\/bandasonora\/2014\/06\/05\/pequeno-ejercicio-de-musica-ficcion\/\" href=\"https:\/\/blogs.lasprovincias.es\/bandasonora\/2014\/06\/05\/pequeno-ejercicio-de-musica-ficcion\/\" target=\"_blank\">L\u00fcisito Lechuga<\/a>,<\/strong>\u00a0<em><strong><a title=\"https:\/\/luisitolechuga.bandcamp.com\/album\/lettuce-b\" href=\"https:\/\/luisitolechuga.bandcamp.com\/album\/lettuce-b\" target=\"_blank\" rel=\"external nofollow\">Lettuce B<\/a><\/strong><\/em>, algo as\u00ed como la il\u00f3gica continuaci\u00f3n del esp\u00edritu de <strong>Felpudo<\/strong>, pasados varios lustros. Cometemos el bello error de invitar al propio <strong>Koldo<\/strong> a plantearse una breve enso\u00f1aci\u00f3n sobre la hipot\u00e9tica participaci\u00f3n del tr\u00edo en aquella aventura cinematogr\u00e1fica de <strong>Los Bravos<\/strong>, y acabamos desconcertados tras su respuesta:  \u00abSuceder\u00eda siempre por un plano inserto subliminalmente de los tres en un entorno indefinido donde sentir\u00edamos el queso. La pel\u00edcula adquirir\u00eda un cariz sutilmente diferente que el espectador com\u00fan a duras penas advertir\u00eda. El director de <em><strong>D\u00edas de cine<\/strong><\/em>, por el contrario, lo captar\u00eda a la primera gracias a sus rizos de <strong>Dorothy<\/strong>. Y a que el espantap\u00e1jaros se lo chivar\u00eda\u00bb.<\/p>\n<p>&nbsp;<\/p>\n<div id=\"attachment_286\" style=\"width: 895px\" class=\"wp-caption aligncenter\"><a href=\"\/bandasonora\/wp-content\/uploads\/sites\/29\/2014\/08\/PerroGrande.jpg\"><img aria-describedby=\"caption-attachment-286\" loading=\"lazy\" class=\"size-full wp-image-286\" title=\"PerroGrande\" src=\"\/bandasonora\/wp-content\/uploads\/sites\/29\/2014\/08\/PerroGrande.jpg\" alt=\"\" width=\"885\" height=\"689\" srcset=\"https:\/\/static-blogs.lasprovincias.es\/wp-content\/uploads\/sites\/29\/2014\/08\/PerroGrande.jpg 885w, https:\/\/static-blogs.lasprovincias.es\/wp-content\/uploads\/sites\/29\/2014\/08\/PerroGrande-300x234.jpg 300w, https:\/\/static-blogs.lasprovincias.es\/wp-content\/uploads\/sites\/29\/2014\/08\/PerroGrande-768x598.jpg 768w\" sizes=\"(max-width: 885px) 100vw, 885px\" \/><\/a><p id=\"caption-attachment-286\" class=\"wp-caption-text\">Perro Grande<\/p><\/div>\n<p>Aquel proyecto, dec\u00edamos, fue capaz de dar forma sonora a verdaderos delirios creativos que hubieran desubicado, espacial y emocionalmente, al mism\u00edsimo <strong>Beckett<\/strong>, y brind\u00f3, a las generaciones futuras piezas del calibre de <em><a title=\"http:\/\/mindabad.bandcamp.com\/track\/se-nos-ven-a-la-biblioteca-encima-zi-1995\" href=\"http:\/\/mindabad.bandcamp.com\/track\/se-nos-ven-a-la-biblioteca-encima-zi-1995\" target=\"_blank\" rel=\"external nofollow\">Se nos ven\u00eda la biblioteca encima (Zi)<\/a><\/em>, <em><a title=\"http:\/\/mindabad.bandcamp.com\/track\/sali-a-por-fortuna-y-me-traje-bisontes\" href=\"http:\/\/mindabad.bandcamp.com\/track\/sali-a-por-fortuna-y-me-traje-bisontes\" target=\"_blank\" rel=\"external nofollow\">Sal\u00ed a por fortuna y me traje bisontes<\/a><\/em>, <em><a title=\"http:\/\/mindabad.bandcamp.com\/track\/equ-voco-arbitral-en-minuto-91\" href=\"http:\/\/mindabad.bandcamp.com\/track\/equ-voco-arbitral-en-minuto-91\" target=\"_blank\" rel=\"external nofollow\">Equ\u00edvoco arbitral en minuto 91<\/a><\/em>\u00a0o <em><a title=\"http:\/\/mindabad.bandcamp.com\/track\/tito-nano\" href=\"http:\/\/mindabad.bandcamp.com\/track\/tito-nano\" target=\"_blank\" rel=\"external nofollow\">Tito nano<\/a><\/em>. Tras unos a\u00f1os, ha vuelto a cuajar tanto en las nuevas hornadas de m\u00fasicos valencianos, que, tras diversos meses de trabajo, es inminente la salida del \u2018remake\u2019 de aquel disco <em><strong><a title=\"http:\/\/mindabad.bandcamp.com\/album\/tos-felpudo-2\" href=\"http:\/\/mindabad.bandcamp.com\/album\/tos-felpudo-2\" target=\"_blank\" rel=\"external nofollow\">Tos Felpudo<\/a><\/strong><\/em>, del 98. Auspiciado por <strong>Borja Bosc\u00e0<\/strong> y el resto de la familia de <strong><a title=\"http:\/\/perrograndeband.bandcamp.com\/\" href=\"http:\/\/perrograndeband.bandcamp.com\/\" target=\"_blank\" rel=\"external nofollow\">Perro Grande<\/a><\/strong>, en la grabaci\u00f3n han participado formaciones como <strong>Yobamochi<\/strong>, <strong>Capaje<\/strong>, los propios <strong>Perro Grande<\/strong>, <strong>C\u00e9sped de Verdad<\/strong> y <strong>Negro<\/strong>, <strong>Mad Robot<\/strong>, <strong>KLS<\/strong>, <strong>Teletexto<\/strong>, <strong>Les Rauchen Verboten<\/strong>, <strong>Portero Regateador<\/strong>, <strong>Anacardos Lata<\/strong> o <strong>Jordi Tost<\/strong>. Habla el propio <strong>Borja<\/strong>, que confirma que la criatura puede estar en la calle entre los meses de septiembre y octubre: \u00abEn enero repesqu\u00e9 el disco y pensando, vi que hab\u00eda bastantes grupos de esta nueva fiebre hardcore valenciana que conoci\u00e9ndolos o sin conocerlos estaban haciendo cosas que sin duda tienen sus ra\u00edces en <strong>Felpudo Tos<\/strong>. Le coment\u00e9 a <strong>Koldo<\/strong> que ten\u00eda esa idea en la cabeza. Pens\u00e9 en hablar con grupos a los que les pod\u00eda interesar participar en un disco as\u00ed. La propuesta siempre ha sido que cada uno grabara con sus medios, tal y como <strong>Felpudo<\/strong> lo hubiera hecho, e hiciera el tema como le diera la real gana, sin pensar en si acabar\u00eda destrozado o no\u00bb. Efectivamente, la mayor\u00eda de grupos se ha buscado la vida para poder grabar, mientras que otros se han puesto en manos de <strong>Sergio Devece<\/strong> en sus estudios <strong>Stardust<\/strong>.<\/p>\n<p>&nbsp;<\/p>\n<div id=\"attachment_287\" style=\"width: 587px\" class=\"wp-caption aligncenter\"><a href=\"\/bandasonora\/wp-content\/uploads\/sites\/29\/2014\/08\/MadRobot.jpg\"><img aria-describedby=\"caption-attachment-287\" loading=\"lazy\" class=\"size-full wp-image-287\" title=\"MadRobot\" src=\"\/bandasonora\/wp-content\/uploads\/sites\/29\/2014\/08\/MadRobot.jpg\" alt=\"\" width=\"577\" height=\"307\" srcset=\"https:\/\/static-blogs.lasprovincias.es\/wp-content\/uploads\/sites\/29\/2014\/08\/MadRobot.jpg 577w, https:\/\/static-blogs.lasprovincias.es\/wp-content\/uploads\/sites\/29\/2014\/08\/MadRobot-300x160.jpg 300w\" sizes=\"(max-width: 577px) 100vw, 577px\" \/><\/a><p id=\"caption-attachment-287\" class=\"wp-caption-text\">Mad Robot<\/p><\/div>\n<p>Cuando (no escarmentamos) nos aventuramos a saber qu\u00e9 opina <strong>Koldo<\/strong> de esta reivindicaci\u00f3n global de la filosof\u00eda de <strong>Felpudo Tos<\/strong> por parte de la nuevas generaciones, aguanta la respiraci\u00f3n y contesta: \u00abCreo que <strong>Felpudo Tos<\/strong> participaba de un cierto esp\u00edritu dada\u00edsta, libertario e iconoclasta con una serie de gente como <strong>El Otro Ilustre Colegio de Pataf\u00edsica<\/strong>, <strong>Andr\u00e9s Truna<\/strong>, <strong>Ulan Bator<\/strong>, <strong>Chococrispis<\/strong>\/<strong>Gigatr\u00f3n<\/strong>, <strong>Lola Pu\u00f1ales<\/strong> o gente como nosotros mismos (se me olvidan bastantes). Donde bandas como <strong>El Ni\u00f1o Gusano<\/strong> terminaban, empezaba la infra-escena valenci-anal. Lo que quiz\u00e1s se reconoce es ese esp\u00edritu. Nosotros puede que permitamos visibilizarlo mejor al tener un formato de banda de punk. Este \u2018remake\u2019 es, por tanto, fruto de nuestra comercialidad, y es evidencia palmaria de que el mundo ha ido a peor. La palmaria, de chocolate, por favor\u00bb.<\/p>\n<p>Mientras tanto, el impulsor de esta alocada aventura lo tiene muy claro: \u00abEs algo que no tiene vuelta atr\u00e1s. Es una forma de reivindicar una forma de hacer m\u00fasica y crear, que ha influido en gente como yo y otros grupos que, sin haberlos escuchado antes, como <strong>Teletexto<\/strong> o <strong>KLS<\/strong>, r\u00e1pidamente han entendido la filosof\u00eda. Hay ejemplos como <strong>Perro Grande<\/strong>, en mi caso, en que he llegado al local y le he propuesto al resto del grupo: \u2018Vamos a tocar esto\u2019, y no hab\u00edan escuchado el original en su vida. Eso lo hace m\u00e1s \u2018felpudil\u2019 si cabe\u00bb.<\/p>\n<p>&nbsp;<\/p>\n<p>&nbsp;<\/p>\n<div id=\"attachment_288\" style=\"width: 514px\" class=\"wp-caption aligncenter\"><a href=\"\/bandasonora\/wp-content\/uploads\/sites\/29\/2014\/08\/Foto05.jpg\"><img aria-describedby=\"caption-attachment-288\" loading=\"lazy\" class=\" wp-image-288   \" title=\"Foto05\" src=\"\/bandasonora\/wp-content\/uploads\/sites\/29\/2014\/08\/Foto05.jpg\" alt=\"\" width=\"504\" height=\"700\" srcset=\"https:\/\/static-blogs.lasprovincias.es\/wp-content\/uploads\/sites\/29\/2014\/08\/Foto05.jpg 1000w, https:\/\/static-blogs.lasprovincias.es\/wp-content\/uploads\/sites\/29\/2014\/08\/Foto05-216x300.jpg 216w, https:\/\/static-blogs.lasprovincias.es\/wp-content\/uploads\/sites\/29\/2014\/08\/Foto05-768x1066.jpg 768w, https:\/\/static-blogs.lasprovincias.es\/wp-content\/uploads\/sites\/29\/2014\/08\/Foto05-738x1024.jpg 738w\" sizes=\"(max-width: 504px) 100vw, 504px\" \/><\/a><p id=\"caption-attachment-288\" class=\"wp-caption-text\">Senior: Poder es querer<\/p><\/div>\n<p><span style=\"font-size: large; color: #993300;\"><strong>La recomendaci\u00f3n veraniega de la semana: V\u00edsperas de destrucci\u00f3n en la senda de Pego<\/strong><\/span><\/p>\n<p>&nbsp;<\/p>\n<p><em><strong>El incomparable Senior tambi\u00e9n aprovecha el est\u00edo para degustar platos sonoros de altura, y decide compartirlos con el respetable<\/strong><\/em><\/p>\n<p>&nbsp;<\/p>\n<p>Con su \u00faltimo trabajo, el luminosamente reivindicativo <em><strong><a title=\"http:\/\/perrograndeband.bandcamp.com\/\" href=\"http:\/\/perrograndeband.bandcamp.com\/\" target=\"_blank\" rel=\"external nofollow\">El poder del voler<\/a><\/strong><\/em>\u00a0(<strong>Malatesta<\/strong>), <strong><a title=\"https:\/\/www.facebook.com\/seniorielcorbrutal\" href=\"https:\/\/www.facebook.com\/seniorielcorbrutal\" target=\"_blank\" rel=\"external nofollow\">Senior i El Cor Brutal<\/a><\/strong> han reafirmado su condici\u00f3n de pilar fundamental de la m\u00fasica valenciana de los \u00faltimos a\u00f1os. Adem\u00e1s, con su efectivo y emocionante directo han conquistado a todo aquel ser humano que ha osado cruzarse en su camino. Decidimos tantear a <strong>Senior<\/strong> para que nos recomendara un disco o canci\u00f3n para pasar este verano, y lo tuvo muy claro: \u00abPara m\u00ed, verano equivale a <em><strong><a title=\"https:\/\/www.youtube.com\/watch?v=pXkY0e-Deb4\" href=\"https:\/\/www.youtube.com\/watch?v=pXkY0e-Deb4\" target=\"_blank\" rel=\"external nofollow\">Kaputt<\/a><\/strong><\/em>, el pen\u00faltimo disco que han sacado <strong>Destroyer<\/strong>, del a\u00f1o 2011. Pasan los a\u00f1os y es venir el buen tiempo y lo vuelvo a escuchar obsesivamente. Tiene unas melod\u00edas, hechas a base de sintes, guitarras y vientos, que me transportan a un mundo paralelo donde todo es bueno y todo es posible. Y las letras, tem\u00e1ticas alrededor de las drogas y la m\u00fasica, son muy evocadoras para m\u00ed. Adem\u00e1s, creo que me encanta porque me recuerda \u00a1a todo lo que odiaba en los 80!\u00bb.<\/p>\n<p>En cuanto a su sugerencia valenciana para disfrutar de un directo digno, tampoco duda: \u00abLa \u00faltima banda que me ha impactado es de Pego y se llama <strong><a title=\"https:\/\/www.youtube.com\/watch?v=Y9ZDjMiB7lE\" href=\"https:\/\/www.youtube.com\/watch?v=Y9ZDjMiB7lE\" target=\"_blank\" rel=\"external nofollow\">Smoking Soul&#8217;s<\/a><\/strong>. Hacen un rock contundente con diferentes velocidades y melod\u00edas muy chulas. Tocan con dos guitarras archtops, y eso es sin\u00f3nimo de calidad. Me recuerdan mucho a <strong>Jimmy Eat World<\/strong> y, sobre todo, a <strong>Rancid<\/strong> cuando los vi en el <strong>Reading<\/strong>, all\u00e1 por el 2002. Potencia y sentimiento\u00bb.<\/p>\n<p>&nbsp;<\/p>\n<p>&nbsp;<\/p>\n<p><span style=\"font-size: large;\"><strong><span style=\"color: #993300;\">Un d\u00eda son\u00f3&#8230;<\/span><\/strong><\/span><\/p>\n<p>&nbsp;<\/p>\n<p><strong><a href=\"\/bandasonora\/wp-content\/uploads\/sites\/29\/2014\/08\/pantalones.jpeg\"><img loading=\"lazy\" class=\"alignleft size-full wp-image-289\" title=\"pantalones\" src=\"\/bandasonora\/wp-content\/uploads\/sites\/29\/2014\/08\/pantalones.jpeg\" alt=\"\" width=\"150\" height=\"150\" \/><\/a>Los Pantalones Azules: <em><a title=\"https:\/\/www.youtube.com\/watch?v=UHxWYmOrTEc\" href=\"https:\/\/www.youtube.com\/watch?v=UHxWYmOrTEc\" target=\"_blank\" rel=\"external nofollow\">Cosa buena<\/a><\/em> (Discophon, 1961)<\/strong><\/p>\n<p>Otra de las primeras referencias del rock valenciano. El d\u00fao compuesto por <strong>V\u00edctor Ortiz<\/strong> y <strong>Tito Pem\u00e1n<\/strong>, adem\u00e1s de demostrar su pasi\u00f3n por el R&#038;R se lanzaba a componer algunos de los temas que interpretaba. Las ejecuciones de <em>Cosa buena<\/em> o <em>Jezabel<\/em> levantaron pasiones.<\/p>\n<p>&nbsp;<\/p>\n<p><strong><a href=\"\/bandasonora\/wp-content\/uploads\/sites\/29\/2014\/08\/modificacion.jpg\"><img loading=\"lazy\" class=\"alignleft size-thumbnail wp-image-290\" title=\"modificacion\" src=\"\/bandasonora\/wp-content\/uploads\/sites\/29\/2014\/08\/modificacion.jpg\" alt=\"\" width=\"150\" height=\"150\" srcset=\"https:\/\/static-blogs.lasprovincias.es\/wp-content\/uploads\/sites\/29\/2014\/08\/modificacion.jpg 550w, https:\/\/static-blogs.lasprovincias.es\/wp-content\/uploads\/sites\/29\/2014\/08\/modificacion-150x150.jpg 150w, https:\/\/static-blogs.lasprovincias.es\/wp-content\/uploads\/sites\/29\/2014\/08\/modificacion-300x300.jpg 300w\" sizes=\"(max-width: 150px) 100vw, 150px\" \/><\/a>Modificaci\u00f3n: <em><a title=\"https:\/\/www.youtube.com\/watch?v=RvcbMj7Cilc\" href=\"https:\/\/www.youtube.com\/watch?v=RvcbMj7Cilc\" target=\"_blank\" rel=\"external nofollow\">Llegar\u00e1 el d\u00eda que me quieras<\/a><\/em> (Regal, 1971)<\/strong><\/p>\n<p>Con <strong>Juan Bau<\/strong> como inconfundible vocalista, y la producci\u00f3n de <strong>Pedro Gen\u00e9<\/strong> (<strong>Lone Star<\/strong>), esta banda de rock sinf\u00f3nico se estren\u00f3, en <strong>Regal<\/strong>, con un vinilo repleto de teclados, wah-wah, percusiones varias y llamativos coros. En la cara B, una bailonga <em>Annelie<\/em>\u00a0convertida en un himno en tierras valencianas.<\/p>\n<p>&nbsp;<\/p>\n<p><strong><a href=\"\/bandasonora\/wp-content\/uploads\/sites\/29\/2014\/08\/resistencia.jpg\"><img loading=\"lazy\" class=\"alignleft size-thumbnail wp-image-291\" title=\"resistencia\" src=\"\/bandasonora\/wp-content\/uploads\/sites\/29\/2014\/08\/resistencia.jpg\" alt=\"\" width=\"150\" height=\"150\" srcset=\"https:\/\/static-blogs.lasprovincias.es\/wp-content\/uploads\/sites\/29\/2014\/08\/resistencia.jpg 300w, https:\/\/static-blogs.lasprovincias.es\/wp-content\/uploads\/sites\/29\/2014\/08\/resistencia-150x150.jpg 150w\" sizes=\"(max-width: 150px) 100vw, 150px\" \/><\/a>La Resistencia: <em><a title=\"https:\/\/www.youtube.com\/watch?v=qqkUOjQaVBk\" href=\"https:\/\/www.youtube.com\/watch?v=qqkUOjQaVBk\" target=\"_blank\" rel=\"external nofollow\">El odio y las l\u00e1grimas<\/a><\/em> (Twins, 1985)<\/strong><\/p>\n<p>El mism\u00edsimo sello <strong>Twins<\/strong> fij\u00f3 su atenci\u00f3n en ellos, y pese a la experiencia frustrada, este disco se convierte en tarjeta de presentaci\u00f3n de una de las bandas con m\u00e1s actitud de nuestros 80. El tema que titula el disco, <em>Testamento<\/em>\u00a0y <em>Entre paredes de ladrillo rojo<\/em>, son muestras de un digno legado.<\/p>\n<p>&nbsp;<\/p>\n<p><strong><a href=\"\/bandasonora\/wp-content\/uploads\/sites\/29\/2014\/08\/maquinas.jpg\"><img loading=\"lazy\" class=\"alignleft size-thumbnail wp-image-292\" title=\"maquinas\" src=\"\/bandasonora\/wp-content\/uploads\/sites\/29\/2014\/08\/maquinas.jpg\" alt=\"\" width=\"150\" height=\"150\" \/><\/a>Las M\u00e1quinas: <em><a title=\"https:\/\/www.youtube.com\/watch?v=dtVHt7wQRFc\" href=\"https:\/\/www.youtube.com\/watch?v=dtVHt7wQRFc\" target=\"_blank\" rel=\"external nofollow\">Fextival!<\/a><\/em> (Lucas Records, 1994)<\/strong><\/p>\n<p>Sin duda, una de las aventuras sonoras con m\u00e1s solera y proyecci\u00f3n que dieron los 90. Tras su fallida aventura con <strong>Sony<\/strong> del 88, estos amantes del baile y el desparrame grabaron, para <strong>Lucas Records<\/strong>, un (como indica su t\u00edtulo) festivo compendio de piezas desenfrenadas.<\/p>\n<p>&nbsp;<\/p>\n<p><strong><a href=\"\/bandasonora\/wp-content\/uploads\/sites\/29\/2014\/08\/munyeca.jpg\"><img loading=\"lazy\" class=\"alignleft size-thumbnail wp-image-293\" title=\"munyeca\" src=\"\/bandasonora\/wp-content\/uploads\/sites\/29\/2014\/08\/munyeca.jpg\" alt=\"\" width=\"150\" height=\"150\" srcset=\"https:\/\/static-blogs.lasprovincias.es\/wp-content\/uploads\/sites\/29\/2014\/08\/munyeca.jpg 500w, https:\/\/static-blogs.lasprovincias.es\/wp-content\/uploads\/sites\/29\/2014\/08\/munyeca-150x150.jpg 150w, https:\/\/static-blogs.lasprovincias.es\/wp-content\/uploads\/sites\/29\/2014\/08\/munyeca-300x300.jpg 300w\" sizes=\"(max-width: 150px) 100vw, 150px\" \/><\/a>La Mu\u00f1eca de Sal: <em><a title=\"https:\/\/www.youtube.com\/watch?v=qqkUOjQaVBk\" href=\"https:\/\/www.youtube.com\/watch?v=qqkUOjQaVBk\" target=\"_blank\" rel=\"external nofollow\">Geometr\u00eda<\/a><\/em> (Reftos-Everlasting, 2005)<\/strong><\/p>\n<p>Uno de los proyectos m\u00e1s personales, vanguardistas y atrevidos nacidos en nuestro territorio, que a lo largo de varios a\u00f1os ha ido impactando en nuestros cerebros a base de criaturas personal\u00edsimas. Este <strong><em>Geometr\u00eda<\/em><\/strong>\u00a0formaba parte de una idea global que continu\u00f3 <em><strong>Teolog\u00eda<\/strong><\/em>.<\/p>\n<p>&nbsp;<\/p>\n<p><strong><a href=\"\/bandasonora\/wp-content\/uploads\/sites\/29\/2014\/08\/megaphone.jpg\"><img loading=\"lazy\" class=\"alignleft size-thumbnail wp-image-294\" title=\"megaphone\" src=\"\/bandasonora\/wp-content\/uploads\/sites\/29\/2014\/08\/megaphone.jpg\" alt=\"\" width=\"150\" height=\"150\" srcset=\"https:\/\/static-blogs.lasprovincias.es\/wp-content\/uploads\/sites\/29\/2014\/08\/megaphone.jpg 713w, https:\/\/static-blogs.lasprovincias.es\/wp-content\/uploads\/sites\/29\/2014\/08\/megaphone-150x150.jpg 150w, https:\/\/static-blogs.lasprovincias.es\/wp-content\/uploads\/sites\/29\/2014\/08\/megaphone-300x300.jpg 300w\" sizes=\"(max-width: 150px) 100vw, 150px\" \/><\/a>Megaphone ou la Mort: <em><a title=\"http:\/\/megaphoneoulamort2.bandcamp.com\/\" href=\"http:\/\/megaphoneoulamort2.bandcamp.com\/\" target=\"_blank\" rel=\"external nofollow\">A Silent Language<\/a><\/em> (VGB Records, 2013)<\/strong><\/p>\n<p>La obra p\u00f3stuma de una de las formaciones con m\u00e1s carisma, con epicentro en la ciudad del Turia, a partir de una multicultural amalgama de influencias y or\u00edgenes. <strong>Jos\u00e9 Luis Mac\u00edas<\/strong> produjo una energ\u00e9tica combinaci\u00f3n de pop y rock, con momentos de verdadera \u00e9pica.<\/p>\n<!-- AddThis Advanced Settings generic via filter on the_content --><!-- AddThis Share Buttons generic via filter on the_content -->","protected":false},"excerpt":{"rendered":"<p>Varios grupos recuperan el legado de Felpudo Tos a partir de un disco que trata de reivindicar el esp\u00edritu de una de las bandas m\u00e1s inclasificables que ha dado nuestra m\u00fasica &nbsp; La segunda pel\u00edcula de Los Bravos, Dame un poco de amooor!, es un aut\u00e9ntico monumento al absurdo. Y lo decimos con la acritud [&hellip;]<!-- AddThis Advanced Settings generic via filter on get_the_excerpt --><!-- AddThis Share Buttons generic via filter on get_the_excerpt --><\/p>\n","protected":false},"author":36,"featured_media":0,"comment_status":"open","ping_status":"closed","sticky":false,"template":"","format":"standard","meta":[],"categories":[2,4],"tags":[29,62,72,85,159,217,249,287,323,330,392,431,446,538,605],"_links":{"self":[{"href":"https:\/\/blogs.lasprovincias.es\/bandasonora\/wp-json\/wp\/v2\/posts\/284"}],"collection":[{"href":"https:\/\/blogs.lasprovincias.es\/bandasonora\/wp-json\/wp\/v2\/posts"}],"about":[{"href":"https:\/\/blogs.lasprovincias.es\/bandasonora\/wp-json\/wp\/v2\/types\/post"}],"author":[{"embeddable":true,"href":"https:\/\/blogs.lasprovincias.es\/bandasonora\/wp-json\/wp\/v2\/users\/36"}],"replies":[{"embeddable":true,"href":"https:\/\/blogs.lasprovincias.es\/bandasonora\/wp-json\/wp\/v2\/comments?post=284"}],"version-history":[{"count":0,"href":"https:\/\/blogs.lasprovincias.es\/bandasonora\/wp-json\/wp\/v2\/posts\/284\/revisions"}],"wp:attachment":[{"href":"https:\/\/blogs.lasprovincias.es\/bandasonora\/wp-json\/wp\/v2\/media?parent=284"}],"wp:term":[{"taxonomy":"category","embeddable":true,"href":"https:\/\/blogs.lasprovincias.es\/bandasonora\/wp-json\/wp\/v2\/categories?post=284"},{"taxonomy":"post_tag","embeddable":true,"href":"https:\/\/blogs.lasprovincias.es\/bandasonora\/wp-json\/wp\/v2\/tags?post=284"}],"curies":[{"name":"wp","href":"https:\/\/api.w.org\/{rel}","templated":true}]}}