{"id":327,"date":"2014-12-04T18:43:03","date_gmt":"2014-12-04T17:43:03","guid":{"rendered":"http:\/\/blogs.lasprovincias.es\/bandasonora\/?p=327"},"modified":"2014-12-04T18:43:03","modified_gmt":"2014-12-04T17:43:03","slug":"luna-y-panorama-de-los-insectos-en-vanguardia-y-siempre-avanzando","status":"publish","type":"post","link":"https:\/\/blogs.lasprovincias.es\/bandasonora\/2014\/12\/04\/luna-y-panorama-de-los-insectos-en-vanguardia-y-siempre-avanzando\/","title":{"rendered":"Luna y Panorama de los Insectos: En vanguardia y siempre avanzando"},"content":{"rendered":"<p><span style=\"font-size: large;\"><strong>La formaci\u00f3n estrena propuesta, <em>Nuevo Sonido<\/em>, y lo hace sobre el escenario de la sala Wah-Wah de la capital valenciana. Inmersos en una fren\u00e9tica incontinencia creativa, en esta ocasi\u00f3n el ritmo supera a la escenograf\u00eda y avanza los derroteros de su pr\u00f3ximos disco<\/strong><\/span><\/p>\n<p>&nbsp;<\/p>\n<p><strong>Clara Carbonell<\/strong> y <strong>Carlos Luna<\/strong> lideran uno de los colectivos m\u00e1s nerviosos y arriesgados de la escena cultural valenciana. Tanto que, en ocasiones, es dif\u00edcil seguirles la pista. Sumergidos en una continua espiral de creaci\u00f3n art\u00edstica que abarca, tanto diversos p\u00fablicos como m\u00faltiples facetas, y amantes de fusionar varias artes en una, para as\u00ed lograr construir universos m\u00e1gicos, sin ir m\u00e1s lejos, <strong>Carlos<\/strong>, <strong>Clara<\/strong> y su <strong><a title=\"https:\/\/www.facebook.com\/Lunaypanorama?ref=ts&#038;fref=ts\" href=\"https:\/\/www.facebook.com\/Lunaypanorama?ref=ts&#038;fref=ts\" target=\"_blank\" rel=\"external nofollow\">Luna y Panorama de los Insectos<\/a><\/strong> iniciaron el a\u00f1o con el espect\u00e1culo <em><strong><a title=\"https:\/\/blogs.lasprovincias.es\/bandasonora\/2014\/02\/20\/la-noche-interminable\/\" href=\"https:\/\/blogs.lasprovincias.es\/bandasonora\/2014\/02\/20\/la-noche-interminable\/\" target=\"_blank\">TODOLOPOSIBLE<\/a><\/strong><\/em>, una criatura que todav\u00eda late (como otra de sus aventuras, <em><strong>Dentro del Loco<\/strong><\/em>), pero sobre la que es hora de hacer balance: \u00abPositivo, sin duda, mas all\u00e1 de nuestras expectativas. Su planteamiento oper\u00edstico y multidisciplinar, que incluye musica en directo, live cinema, circo, teatro, dise\u00f1o de luces y visuales, etc&#8230; va mas all\u00e1 del t\u00edpico &#8216;Monta, toca,vete&#8217; (parafraseando a <strong><a title=\"https:\/\/blogs.lasprovincias.es\/bandasonora\/2014\/03\/13\/de-bisontes-y-abuelitas\/\" href=\"https:\/\/blogs.lasprovincias.es\/bandasonora\/2014\/03\/13\/de-bisontes-y-abuelitas\/\" target=\"_blank\">Gilbert\u00e1stico<\/a><\/strong>) al que estamos habituados. Cuando sube el tel\u00f3n de <em><strong>TODOLOPOSIBLE<\/strong><\/em>, todos los implicados, artistas, t\u00e9cnicos y publico viajan en una nave m\u00fasico-esc\u00e9nica en la que no hay tiempos muertos, una especie de catarsis colectiva que se resuelve al final del \u00faltimo acto. Cuando se enciende la luz y ves las caras y las palabras de p\u00fablico y artistas sabes que ha ocurrido, sabes que nadie se ir\u00e1 a casa como ha venido. Es muy emocionante. Coordinarlo todo es una locura\u00bb, asegura un <strong>Carlos<\/strong> que promete representaciones de aquel espect\u00e1culo, \u00abad eternum\u00bb.<\/p>\n<p><a href=\"\/bandasonora\/wp-content\/uploads\/sites\/29\/2014\/11\/Principal-Bandasonora.jpg\"><img loading=\"lazy\" class=\"alignleft size-full wp-image-328\" title=\"\" src=\"\/bandasonora\/wp-content\/uploads\/sites\/29\/2014\/11\/Principal-Bandasonora.jpg\" alt=\"Clara y Carlos, rodeados de su personal\u00edsimo universo\" width=\"900\" height=\"900\" srcset=\"https:\/\/static-blogs.lasprovincias.es\/wp-content\/uploads\/sites\/29\/2014\/11\/Principal-Bandasonora.jpg 900w, https:\/\/static-blogs.lasprovincias.es\/wp-content\/uploads\/sites\/29\/2014\/11\/Principal-Bandasonora-150x150.jpg 150w, https:\/\/static-blogs.lasprovincias.es\/wp-content\/uploads\/sites\/29\/2014\/11\/Principal-Bandasonora-300x300.jpg 300w, https:\/\/static-blogs.lasprovincias.es\/wp-content\/uploads\/sites\/29\/2014\/11\/Principal-Bandasonora-768x768.jpg 768w\" sizes=\"(max-width: 900px) 100vw, 900px\" \/><\/a><\/p>\n<p>Pese a ello, <strong>Luna<\/strong> y su &#8216;troupe&#8217;, sin perder el tiempo, hacen redoblar sus tambores, entonan el m\u00e1s dif\u00edcil todav\u00eda, y se marcan un nuevo espect\u00e1culo, <em><strong>Nuevo Sonido<\/strong><\/em>; el mismo que presentar\u00e1n el pr\u00f3ximo 6 de diciembre en la sala <strong><a title=\"http:\/\/www.wahwahclub.es\/inicio\" href=\"http:\/\/www.wahwahclub.es\/inicio\" target=\"_blank\" rel=\"external nofollow\">Wah-Wah<\/a><\/strong> de Valencia, con la presencia de <strong><a title=\"https:\/\/www.facebook.com\/sara.lhr\" href=\"https:\/\/www.facebook.com\/sara.lhr\" target=\"_blank\" rel=\"external nofollow\">Sara Ledesma<\/a><\/strong> como artista invitada: \u00abEn este caso, para la presentaci\u00f3n de las nuevas canciones y sonido hemos decidido centrarnos en la m\u00fasica. Son la base de nuestro pr\u00f3ximo disco que grabaremos en 2015. Para este nuevo sonido hemos reemplazado la b\u00fasqueda del leitmotiv esc\u00e9nico y la ambientaci\u00f3n decadente del neo-cabaret circense que caracterizaba nuestros anteriores trabajos, por la solidez del ritmo antes que la melod\u00eda, una suerte de voodoo po\u00e9tico. Tambi\u00e9n los compases 3\/4 y los instrumentos cl\u00e1sicos han sido relevados por las texturas de guitarras el\u00e9ctricas y secuencias propias de la m\u00fasica electr\u00f3nica y el rock con la incorporaci\u00f3n de un nuevo insecto, <strong>Abra Pares o Nones<\/strong> (guitarra el\u00e9ctrica y programaciones). No renegamos de nada, inauguramos otra v\u00eda de investigaci\u00f3n art\u00edstica y de comunicaci\u00f3n de nuestras inquietudes\u00bb, afirma, rotundo, un <strong>Carlos<\/strong> tranquilo, consciente de que sabe dejarse arropar por la gente adecuada. Personas que , como \u00e9l, suelen gustar de lo sugestivo de la creaci\u00f3n como raz\u00f3n de vida. <strong>Clara<\/strong>, adem\u00e1s de cantante, es actriz, fot\u00f3grafa, dise\u00f1adora gr\u00e1fica; <strong>Javi Vegas<\/strong>, de amplia experiencia en el mundo del circo, es el cerebro del peculiar engranaje escenogr\u00e1fico que frecuenta el proyecto; <strong>Fredy Plata<\/strong> convierte en m\u00fasica todo aquello que pueda ser percutido, y, ahora, como ya sabemos, <strong>Abra<\/strong> se encargar\u00e1 de abrazar las guitarras el\u00e9ctricas y los artilugios midi m\u00e1s disparatados.<\/p>\n<p><iframe loading=\"lazy\" src=\"\/\/www.youtube.com\/embed\/pY3clMxNsKU\" frameborder=\"0\" width=\"560\" height=\"315\"><\/iframe><\/p>\n<p>Asistir a un espect\u00e1culo de <strong>Luna y Panorama de los Insectos<\/strong> suele significar, como adivinar\u00e1n quienes todav\u00eda no lo hayan hecho, abrir una puerta sin saber con qu\u00e9 vas a toparte en ese habit\u00e1culo misterioso en que has decidido adentrarte. Y la culpa de ello radica, simple y llanamente, en la sensaci\u00f3n de aversi\u00f3n que la expresi\u00f3n \u00abl\u00edmite\u00bb produce en el colectivo. En el proceso creativo, obviar este elemento coercitivo, evidentemente, supone libertad. No obstante, eliminarlo de tu mente puede hacer que ese mismo proceso llegue a ser incontrolable. <strong>Carlos<\/strong> parece tenerlo muy claro: \u00abEn cualquier caso, forma parte de nuestra esencia. Partimos de la base de que nuestras canciones son reconocibles como canciones de <strong>Luna y Panorama de los Insectos<\/strong>. Creo que, por ese lado, no hay un peligro a la vista. El hecho de no ce\u00f1irse a un estilo o est\u00e9tica en el arte te da la posibilidad de una experimentaci\u00f3n y un trabajo muy rico, que el p\u00fablico agradece y que nosotros celebramos. Es cierto, por otro lado, que el proceso creativo se hace infinito. Esta apertura de miras va a veces en contra de lo concreto, siempre cabe una vuelta de tuerca, un \u00faltimo arreglo, una nueva versi\u00f3n. Nuestros ensayos son una mezcla imposible de laboratorio y mercado turco. Cuando todo fluye aparece la magia\u00bb, sentencia.<\/p>\n<p>Como ven, no podr\u00e1n negar que nuestros artistas siguen ofreci\u00e9ndonos excusas para que sigamos invit\u00e1ndoles a consumir cultura y, si es cercana y de calidad, mejor que mejor. Por regla general, no se arrepentir\u00e1n.<\/p>\n<!-- AddThis Advanced Settings generic via filter on the_content --><!-- AddThis Share Buttons generic via filter on the_content -->","protected":false},"excerpt":{"rendered":"<p>La formaci\u00f3n estrena propuesta, Nuevo Sonido, y lo hace sobre el escenario de la sala Wah-Wah de la capital valenciana. Inmersos en una fren\u00e9tica incontinencia creativa, en esta ocasi\u00f3n el ritmo supera a la escenograf\u00eda y avanza los derroteros de su pr\u00f3ximos disco &nbsp; Clara Carbonell y Carlos Luna lideran uno de los colectivos m\u00e1s [&hellip;]<!-- AddThis Advanced Settings generic via filter on get_the_excerpt --><!-- AddThis Share Buttons generic via filter on get_the_excerpt --><\/p>\n","protected":false},"author":36,"featured_media":0,"comment_status":"open","ping_status":"closed","sticky":false,"template":"","format":"standard","meta":[],"categories":[2,3],"tags":[327],"_links":{"self":[{"href":"https:\/\/blogs.lasprovincias.es\/bandasonora\/wp-json\/wp\/v2\/posts\/327"}],"collection":[{"href":"https:\/\/blogs.lasprovincias.es\/bandasonora\/wp-json\/wp\/v2\/posts"}],"about":[{"href":"https:\/\/blogs.lasprovincias.es\/bandasonora\/wp-json\/wp\/v2\/types\/post"}],"author":[{"embeddable":true,"href":"https:\/\/blogs.lasprovincias.es\/bandasonora\/wp-json\/wp\/v2\/users\/36"}],"replies":[{"embeddable":true,"href":"https:\/\/blogs.lasprovincias.es\/bandasonora\/wp-json\/wp\/v2\/comments?post=327"}],"version-history":[{"count":0,"href":"https:\/\/blogs.lasprovincias.es\/bandasonora\/wp-json\/wp\/v2\/posts\/327\/revisions"}],"wp:attachment":[{"href":"https:\/\/blogs.lasprovincias.es\/bandasonora\/wp-json\/wp\/v2\/media?parent=327"}],"wp:term":[{"taxonomy":"category","embeddable":true,"href":"https:\/\/blogs.lasprovincias.es\/bandasonora\/wp-json\/wp\/v2\/categories?post=327"},{"taxonomy":"post_tag","embeddable":true,"href":"https:\/\/blogs.lasprovincias.es\/bandasonora\/wp-json\/wp\/v2\/tags?post=327"}],"curies":[{"name":"wp","href":"https:\/\/api.w.org\/{rel}","templated":true}]}}