{"id":112,"date":"2016-04-07T17:53:43","date_gmt":"2016-04-07T15:53:43","guid":{"rendered":"http:\/\/blogs.lasprovincias.es\/buscando-empleo\/?p=112"},"modified":"2016-04-07T17:53:43","modified_gmt":"2016-04-07T15:53:43","slug":"como-renovar-la-demanda-de-empleo","status":"publish","type":"post","link":"https:\/\/blogs.lasprovincias.es\/buscando-empleo\/2016\/04\/07\/como-renovar-la-demanda-de-empleo\/","title":{"rendered":"C\u00f3mo renovar la demanda de empleo"},"content":{"rendered":"<p>Renovar nuestra demanda de empleo es uno de los tr\u00e1mites m\u00e1s habituales que tenemos que realizar si estamos\u00a0inscritos en el <a href=\"http:\/\/www.servef.gva.es\/\" target=\"_blank\" rel=\"external nofollow\">Servicio Valenciano de Empleo y Formaci\u00f3n (SERVEF)<\/a>. A pesar de ser un tr\u00e1mite sencillo existen algunas particularidades que suelen ser motivo de consulta en el servicio p\u00fablico de empleo y que desde aqu\u00ed espero solucionar.<\/p>\n<p><a href=\"\/buscando-empleo\/wp-content\/uploads\/sites\/47\/2016\/04\/Foto-CSE.jpg\"><img loading=\"lazy\" class=\"aligncenter size-medium wp-image-113\" title=\"Una de las formas de renovaci\u00f3n es a trav\u00e9s de los \"cajeros Autoservef\"\" src=\"\/buscando-empleo\/wp-content\/uploads\/sites\/47\/2016\/04\/Foto-CSE.jpg\" alt=\"\" width=\"300\" height=\"199\" srcset=\"https:\/\/static-blogs.lasprovincias.es\/wp-content\/uploads\/sites\/47\/2016\/04\/Foto-CSE.jpg 1024w, https:\/\/static-blogs.lasprovincias.es\/wp-content\/uploads\/sites\/47\/2016\/04\/Foto-CSE-300x200.jpg 300w, https:\/\/static-blogs.lasprovincias.es\/wp-content\/uploads\/sites\/47\/2016\/04\/Foto-CSE-768x512.jpg 768w\" sizes=\"(max-width: 300px) 100vw, 300px\" \/><\/a><\/p>\n<p><strong>&#8211; \u00bfQu\u00e9 es el DARDE?<\/strong><\/p>\n<p>El DARDE (Documento de Alta y Renovaci\u00f3n de la Demanda de Empleo) es un documento que una persona recibe al inscribirse en el SERVEF y equivale a lo que hace a\u00f1os conoc\u00edamos como la tarjeta o la\u00a0cartilla del paro. Este documento acredita que estamos inscritos ya sea como demandante de empleo o en lo que se conoce como &#8220;mejora de empleo&#8221;, es decir, que aunque tengamos trabajo estamos inscritos por si sale alguna oferta que nos pueda interesar. Suele ser habitual en el caso, por ejemplo, de una persona que es administrativo pero est\u00e1 trabajando de camarero y quiere seguir inscrito por si sale alguna oferta de su perfil profesional.<\/p>\n<p>En el DARDE aparecen recogidos\u00a0nuestros datos personales, la fecha desde la que estamos dados de alta en el SERVEF, as\u00ed como la fecha de la pr\u00f3xima renovaci\u00f3n y el c\u00f3digo Autoservef.<\/p>\n<p>Esa fecha de renovaci\u00f3n es de especial importancia ya que es\u00a0ese d\u00eda el que tenemos que hacer la renovaci\u00f3n para poder\u00a0seguir manteniendo nuestra inscripci\u00f3n como demandantes de empleo.<\/p>\n<p><strong>&#8211; \u00bfQu\u00e9 pasa si no hacemos la renovaci\u00f3n el d\u00eda que nos toca?<\/strong><\/p>\n<p>La renovaci\u00f3n tenemos que hacerla el d\u00eda que aparece en nuestro DARDE. Si intentamos hacerla un d\u00eda antes el sistema nos dir\u00e1 que no es la fecha, y si lo hacemos en d\u00edas posteriores, el sistema nos puede haber dado de baja. No realizar la renovaci\u00f3n el d\u00eda que nos toca tiene importantes consecuencias, entre ellas:<\/p>\n<p>a) Si estamos recibiendo alg\u00fan tipo de prestaci\u00f3n o subsidio por desempleo, el no hacer la\u00a0\u00a0renovaci\u00f3n el d\u00eda que nos toca sin una causa justificada, conlleva la sanci\u00f3n de un\u00a0mes de prestaci\u00f3n por parte del SEPE (antiguo INEM) que es el organismo que tiene competencias sobre las ayudas por desempleo.<\/p>\n<p>b) Estemos cobrando o no una prestaci\u00f3n, la no renovaci\u00f3n conlleva la perdida de la antig\u00fcedad de nuestra inscripci\u00f3n como demandantes de empleo. La p\u00e9rdida de esta antig\u00fcedad tiene importantes\u00a0implicaciones en por ejemplo, todos aquellos programas p\u00fablicos de empleo en donde es requisito para la selecci\u00f3n de candidatos, el tiempo de permanencia inscritos de manera interrumpida.<\/p>\n<p><strong>&#8211; \u00bfC\u00f3mo podemos hacer la renovaci\u00f3n?<\/strong><\/p>\n<p>a) La forma m\u00e1s sencilla es a trav\u00e9s de internet. Para ello tenemos que acceder\u00a0a la web del SERVEF y\u00a0en el apartado de Autoservef vamos a renovaci\u00f3n. All\u00ed, con nuestro n\u00famero de DNI o NIE, en el caso de que seamos\u00a0extranjeros, y el c\u00f3digo Autoservef podemos hacer la renovaci\u00f3n. El horario en que est\u00e1 disponible es de 05:00 hasta las 24:00h.<\/p>\n<p>b) En el caso de que no dispongamos de internet o de ordenador, podemos acudir a los Centros SERVEF donde encontraremos los\u00a0llamados cajeros Autoservef desde donde podemos hacer la renovaci\u00f3n. Tambi\u00e9n el SERVEF ha instalado cajeros en la mayor\u00eda de ayuntamientos de la Comunitat Valenciana para que cualquier ciudadano pueda realizar all\u00ed la renovaci\u00f3n y otros tr\u00e1mites telem\u00e1ticos evitando desplazamientos sobre todo en aquellas poblaciones donde no hay un Centro SERVEF.<\/p>\n<p>c) Una \u00faltima opci\u00f3n puede ser llamando al tel\u00e9fono de informaci\u00f3n de la Generalitat Valenciana\u00a0012 o al 96 386 60 00. El horario de este servicio es de 08:00 a 19:00h.<\/p>\n<p><strong>&#8211; \u00bfQu\u00e9 pasa si he perdido el DARDE o no lo encuentro?<\/strong><\/p>\n<p>En ese caso accediendo a la web del SERVEF cuando vayamos a hacer la renovaci\u00f3n aparece el bot\u00f3n &#8220;olvido c\u00f3digo Autoservef&#8221;. Si pinchamos en \u00e9l nos enviar\u00e1n por SMS al m\u00f3vil el c\u00f3digo Autoservef. Es importante que el tel\u00e9fono m\u00f3vil de contacto est\u00e9 actualizado, ya que en caso de\u00a0que no estuviera, no nos podr\u00edan enviar el c\u00f3digo y tendr\u00edamos que acudir en ese caso\u00a0a nuestro SERVEF para que nos facilitasen uno nuevo.<\/p>\n<p><strong>&#8211; \u00bfPuedo renovar desde el extranjero?<\/strong><\/p>\n<p>En el caso de que estemos cobrando una prestaci\u00f3n por desempleo no podemos salir de Espa\u00f1a si no es con una autorizaci\u00f3n del SEPE (antiguo INEM) que nos conceder\u00e1 un permiso de m\u00e1ximo 15 d\u00edas al a\u00f1o. En el caso de que tuvi\u00e9ramos que hacer la renovaci\u00f3n en esos d\u00edas nos modificar\u00edan las fechas para que no coincidiera. Lo mismo en el caso de que queramos exportar la prestaci\u00f3n por 3 \u00f3 6 meses porque nos desplazamos al extranjero para buscar empleo. Es importante recordar que si intentamos hacer la renovaci\u00f3n desde el extranjero el sistema nos bloquear\u00e1 la demanda y es motivo de sanci\u00f3n.<\/p>\n<p><strong>&#8211; \u00bfY si me voy unos d\u00edas a otra comunidad aut\u00f3noma y tengo alg\u00fan problema?<\/strong><\/p>\n<p>Si estamos en cualquier parte del territorio nacional, y tenemos alg\u00fan problema el d\u00eda de la\u00a0renovaci\u00f3n, podemos acudir a una oficina de empleo del servicio p\u00fablico auton\u00f3mico correspondiente y simplemente presentando nuestro DNI o NIE podremos hacer la renovaci\u00f3n.<\/p>\n<p>Como hemos visto la renovaci\u00f3n es un tr\u00e1mite, que aunque sencillo, puede tener importantes consecuencias si no se realiza en la fecha que tenemos fijada. Ante cualquier duda o problema hay que contactar lo m\u00e1s r\u00e1pidamente con nuestro Centro SERVEF para que nos puedan ayudar.<\/p>\n<p>Aqu\u00ed os dejo tambi\u00e9n un <a href=\"https:\/\/youtu.be\/Pirct6Rbqfg\" target=\"_blank\" rel=\"external nofollow\">v\u00eddeo tutorial en el que se explica paso a paso c\u00f3mo hacer la renovaci\u00f3n del DARDE<\/a>.<\/p>\n<p>&nbsp;<\/p>\n<p>&nbsp;<\/p>\n<!-- AddThis Advanced Settings generic via filter on the_content --><!-- AddThis Share Buttons generic via filter on the_content -->","protected":false},"excerpt":{"rendered":"<p>Renovar nuestra demanda de empleo es uno de los tr\u00e1mites m\u00e1s habituales que tenemos que realizar si estamos\u00a0inscritos en el Servicio Valenciano de Empleo y Formaci\u00f3n (SERVEF). A pesar de ser un tr\u00e1mite sencillo existen algunas particularidades que suelen ser motivo de consulta en el servicio p\u00fablico de empleo y que desde aqu\u00ed espero solucionar. [&hellip;]<!-- AddThis Advanced Settings generic via filter on get_the_excerpt --><!-- AddThis Share Buttons generic via filter on get_the_excerpt --><\/p>\n","protected":false},"author":53,"featured_media":0,"comment_status":"open","ping_status":"closed","sticky":false,"template":"","format":"standard","meta":[],"categories":[3],"tags":[8,10,11,16,17,20,32,43,44,45,47],"_links":{"self":[{"href":"https:\/\/blogs.lasprovincias.es\/buscando-empleo\/wp-json\/wp\/v2\/posts\/112"}],"collection":[{"href":"https:\/\/blogs.lasprovincias.es\/buscando-empleo\/wp-json\/wp\/v2\/posts"}],"about":[{"href":"https:\/\/blogs.lasprovincias.es\/buscando-empleo\/wp-json\/wp\/v2\/types\/post"}],"author":[{"embeddable":true,"href":"https:\/\/blogs.lasprovincias.es\/buscando-empleo\/wp-json\/wp\/v2\/users\/53"}],"replies":[{"embeddable":true,"href":"https:\/\/blogs.lasprovincias.es\/buscando-empleo\/wp-json\/wp\/v2\/comments?post=112"}],"version-history":[{"count":0,"href":"https:\/\/blogs.lasprovincias.es\/buscando-empleo\/wp-json\/wp\/v2\/posts\/112\/revisions"}],"wp:attachment":[{"href":"https:\/\/blogs.lasprovincias.es\/buscando-empleo\/wp-json\/wp\/v2\/media?parent=112"}],"wp:term":[{"taxonomy":"category","embeddable":true,"href":"https:\/\/blogs.lasprovincias.es\/buscando-empleo\/wp-json\/wp\/v2\/categories?post=112"},{"taxonomy":"post_tag","embeddable":true,"href":"https:\/\/blogs.lasprovincias.es\/buscando-empleo\/wp-json\/wp\/v2\/tags?post=112"}],"curies":[{"name":"wp","href":"https:\/\/api.w.org\/{rel}","templated":true}]}}