{"id":98,"date":"2016-01-28T20:48:49","date_gmt":"2016-01-28T19:48:49","guid":{"rendered":"http:\/\/blogs.lasprovincias.es\/buscando-empleo\/?p=98"},"modified":"2016-01-28T20:48:49","modified_gmt":"2016-01-28T19:48:49","slug":"3-redes-sociales-profesionales-y-ninguna-es-linkedin","status":"publish","type":"post","link":"https:\/\/blogs.lasprovincias.es\/buscando-empleo\/2016\/01\/28\/3-redes-sociales-profesionales-y-ninguna-es-linkedin\/","title":{"rendered":"3 redes sociales profesionales (y ninguna es LinkedIn)"},"content":{"rendered":"<p>Cualquier persona que est\u00e9 buscando empleo o nuevas oportunidades profesionales sabe de la importancia que tiene tener presencia en redes sociales, y muy especialmente en las consideradas como redes sociales profesionales. En el\u00a0<a href=\"http:\/\/www.adecco.es\/_data\/NotasPrensa\/pdf\/642.pdf\" rel=\"external nofollow\" target=\"_blank\">Informe 2014 Infoempleo-Adecco sobre Redes Sociales y Mercado de Trabajo<\/a>\u00a0en el que se preguntaba a los responsables de recursos humanos de las empresas sobre c\u00f3mo seleccionaban a los candidatos, el 69% afirmaba que utilizaban las redes sociales y el 78% miraban el perfil en LinkedIn de los candidatos.<\/p>\n<p><a href=\"\/buscando-empleo\/wp-content\/uploads\/sites\/47\/2016\/01\/4D21.tmp_.jpg\"><img loading=\"lazy\" class=\"aligncenter size-medium wp-image-100\" title=\"4D21.tmp\" src=\"\/buscando-empleo\/wp-content\/uploads\/sites\/47\/2016\/01\/4D21.tmp_.jpg\" alt=\"\" width=\"300\" height=\"153\" srcset=\"https:\/\/static-blogs.lasprovincias.es\/wp-content\/uploads\/sites\/47\/2016\/01\/4D21.tmp_.jpg 1046w, https:\/\/static-blogs.lasprovincias.es\/wp-content\/uploads\/sites\/47\/2016\/01\/4D21.tmp_-300x153.jpg 300w, https:\/\/static-blogs.lasprovincias.es\/wp-content\/uploads\/sites\/47\/2016\/01\/4D21.tmp_-768x393.jpg 768w, https:\/\/static-blogs.lasprovincias.es\/wp-content\/uploads\/sites\/47\/2016\/01\/4D21.tmp_-1024x524.jpg 1024w\" sizes=\"(max-width: 300px) 100vw, 300px\" \/><\/a><\/p>\n<p>Con <a href=\"http:\/\/www.trecebits.com\/2014\/04\/29\/linkedin-supera-los-6-millones-de-usuarios-en-espana\/\" target=\"_blank\" rel=\"external nofollow\">m\u00e1s de 6 millones de usuarios en Espa\u00f1a<\/a>\u00a0LinkedIn es hoy por hoy la principal red social profesional en nuestro pa\u00eds. Sin embargo, no es la \u00fanica ni tampoco es la m\u00e1s relevante en otros pa\u00edses y as\u00ed encontramos:<\/p>\n<p>&#8211;\u00a0<a href=\"https:\/\/www.xing.com\/es\" target=\"_blank\" rel=\"external nofollow\">Xing<\/a>. Esta red social cuenta con m\u00e1s de 9 millones de usuarios principalmente en pa\u00edses como Alemania, Austria y Suiza aunque ya ha empezado a extenderse a otros pa\u00edses europeos.<\/p>\n<p>&#8211;\u00a0<a href=\"http:\/\/www.viadeo.com\/\" target=\"_blank\" rel=\"external nofollow\">Viadeo<\/a>. Red social francesa que cuenta con m\u00e1s de 65 millones de usuarios, m\u00e1s de 200.000 empresas registradas y 30.000 grupos y que ha empezado a tomar importancia en Espa\u00f1a alcanzando los 720.000 usuarios activos.<\/p>\n<p>&#8211;\u00a0<a href=\"https:\/\/www.bebee.com\/\" target=\"_blank\" rel=\"external nofollow\">beBee<\/a>. Es la \u00faltima en llegar y la que mayor crecimiento ha experimentado superando en menos de un a\u00f1o los 9 millones de usuarios. Aunque esta\u00a0<a href=\"https:\/\/blogs.lasprovincias.es\/buscando-empleo\/2015\/12\/02\/bebee-la-nueva-red-social-que-va-mas-alla-de-linkedin\/\" target=\"_blank\">red social espa\u00f1ola<\/a>\u00a0se define como una red social de afinidad\u00a0(Affinity Networking) el componente profesional tiene un gran peso en la misma y hace que en mucho \u00e1mbitos se la conozca como la \u201cLinkedIn espa\u00f1ola\u201d.<\/p>\n<div>Las redes sociales nos permiten sobre todo ampliar nuestra red de contactos y de esta forma \u00a0llegar a m\u00e1s personas para poder demostrar nuestra val\u00eda profesional generando nuevas oportunidades profesionales. Por tanto, en cuanto m\u00e1s lugares estemos m\u00e1s posibilidades tendremos, pero sin olvidar que no se trata de &#8220;estar&#8221; sino de interactuar.<\/div>\n<div><\/div>\n<div>Uno de los principales errores que se suele cometer es creer que por tener un perfil en una red social como LinkedIn ya est\u00e1 todo hecho, y no es as\u00ed, eso es como tener un curr\u00edculum en papel pero en formato digital. Si nosotros no &#8220;movemos&#8221; el curr\u00edculum este no llegar\u00e1 a ning\u00fan sitio y no conseguiremos contactos. Ese es precisamente uno de los problemas de LinkedIn en d\u00f3nde s\u00f3lo 1 de 4 usuarios utiliza la red de forma activa.<\/div>\n<div><\/div>\n<div>Compartir conocimiento, participar en los grupos de nuestro \u00e1mbito o sector profesional o participar en debates son algunas de las posibilidades que nos ofrecen las redes sociales para no s\u00f3lo figurar, sino sobre todo para que nos encuentren.<\/div>\n<p>Si os anim\u00e1is a utilizar estas redes sociales aqu\u00ed os dejo mis perfiles para que podamos estar en contacto:<\/p>\n<p>&#8211;\u00a0<a href=\"https:\/\/www.bebee.com\/perfil\/amalia-lopez-acera\" target=\"_blank\" rel=\"external nofollow\">beBee<\/a><br \/>\n&#8211;\u00a0<a href=\"https:\/\/www.xing.com\/profile\/Amalia_LopezAcera?sc_o=mxb_p\" target=\"_blank\" rel=\"external nofollow\">Xing<\/a><br \/>\n&#8211;\u00a0<a href=\"http:\/\/www.viadeo.com\/profile\/0021xn95ob98oups\/\" target=\"_blank\" rel=\"external nofollow\">Viadeo<\/a><br \/>\n&#8211;\u00a0<a href=\"https:\/\/es.linkedin.com\/in\/amalialopezacera\" target=\"_blank\" rel=\"external nofollow\">LinkedIn<\/a><\/p>\n<p>&nbsp;<\/p>\n<!-- AddThis Advanced Settings generic via filter on the_content --><!-- AddThis Share Buttons generic via filter on the_content -->","protected":false},"excerpt":{"rendered":"<p>Cualquier persona que est\u00e9 buscando empleo o nuevas oportunidades profesionales sabe de la importancia que tiene tener presencia en redes sociales, y muy especialmente en las consideradas como redes sociales profesionales. En el\u00a0Informe 2014 Infoempleo-Adecco sobre Redes Sociales y Mercado de Trabajo\u00a0en el que se preguntaba a los responsables de recursos humanos de las empresas [&hellip;]<!-- AddThis Advanced Settings generic via filter on get_the_excerpt --><!-- AddThis Share Buttons generic via filter on get_the_excerpt --><\/p>\n","protected":false},"author":53,"featured_media":0,"comment_status":"open","ping_status":"closed","sticky":false,"template":"","format":"standard","meta":[],"categories":[2,3],"tags":[9,10,11,19,32,35,40,41,49,51],"_links":{"self":[{"href":"https:\/\/blogs.lasprovincias.es\/buscando-empleo\/wp-json\/wp\/v2\/posts\/98"}],"collection":[{"href":"https:\/\/blogs.lasprovincias.es\/buscando-empleo\/wp-json\/wp\/v2\/posts"}],"about":[{"href":"https:\/\/blogs.lasprovincias.es\/buscando-empleo\/wp-json\/wp\/v2\/types\/post"}],"author":[{"embeddable":true,"href":"https:\/\/blogs.lasprovincias.es\/buscando-empleo\/wp-json\/wp\/v2\/users\/53"}],"replies":[{"embeddable":true,"href":"https:\/\/blogs.lasprovincias.es\/buscando-empleo\/wp-json\/wp\/v2\/comments?post=98"}],"version-history":[{"count":0,"href":"https:\/\/blogs.lasprovincias.es\/buscando-empleo\/wp-json\/wp\/v2\/posts\/98\/revisions"}],"wp:attachment":[{"href":"https:\/\/blogs.lasprovincias.es\/buscando-empleo\/wp-json\/wp\/v2\/media?parent=98"}],"wp:term":[{"taxonomy":"category","embeddable":true,"href":"https:\/\/blogs.lasprovincias.es\/buscando-empleo\/wp-json\/wp\/v2\/categories?post=98"},{"taxonomy":"post_tag","embeddable":true,"href":"https:\/\/blogs.lasprovincias.es\/buscando-empleo\/wp-json\/wp\/v2\/tags?post=98"}],"curies":[{"name":"wp","href":"https:\/\/api.w.org\/{rel}","templated":true}]}}