{"id":1785,"date":"2013-01-03T16:57:18","date_gmt":"2013-01-03T16:57:18","guid":{"rendered":"http:\/\/blogs.lasprovincias.es\/carlospajuelo\/?p=1785"},"modified":"2013-01-03T16:57:18","modified_gmt":"2013-01-03T16:57:18","slug":"donde-compro","status":"publish","type":"post","link":"https:\/\/blogs.lasprovincias.es\/carlospajuelo\/2013\/01\/03\/donde-compro\/","title":{"rendered":"\u00bfD\u00f3nde compro?"},"content":{"rendered":"<p><a href=\"http:\/\/www.ar-revista.com\/moda\/estilo\/looks_para_cada_silueta\/tiendas_online\" target=\"_self\" rel=\"external nofollow\"> \u00a0 \u00a0 \u00a0 \u00a0 \u00a0 \u00a0 \u00a0 \u00a0 \u00a0 \u00a0 \u00a0 <\/a><\/p>\n<p><a href=\"http:\/\/www.ar-revista.com\/moda\/estilo\/looks_para_cada_silueta\/tiendas_online\" target=\"_self\" rel=\"external nofollow\"><strong><em>\u00bfD\u00f3nde compro?<\/em><\/strong><\/a><strong><em><\/em><\/strong><\/p>\n<p><strong>\u00a0\u00a0\u00a0\u00a0\u00a0\u00a0\u00a0 Ayer por la tare-noche la Calle de Col\u00f3n y aleda\u00f1os de Valencia estaban que no cab\u00eda un alfiler y yo transitaba por all\u00ed. Un alfiler m\u00e1s.<\/strong><\/p>\n<p><strong>\u00a0\u00a0\u00a0\u00a0\u00a0\u00a0\u00a0 Fui a buscar libros interesantes. \u00bfCu\u00e1les? Una biograf\u00eda de Antonio P\u00e9rez \u2013 secretario de Felipe II sobre el que pesa una leyenda bastante negra, sobre los 2, por cierto-y una biograf\u00eda del autor Gregorio Mor\u00e1n sobre la verdadera visi\u00f3n de un Ortega y Gasset desconocido para la mayor\u00eda y tambi\u00e9n un libro de bolsillo sobre las andanzas de un m\u00e9dico en Flandes.<\/strong><\/p>\n<p><strong>\u00a0\u00a0\u00a0\u00a0\u00a0\u00a0\u00a0 Tras pasar la barrera humana, que oscilaba entre s\u00ed entro o no a Paris\/Valencia o a la librer\u00eda de El Corte Ingl\u00e9s, por ejemplo, me puse a buscar y preguntar hasta que \u00a0finalmente el ordenador de cada una las citadas dice que no. <\/strong><\/p>\n<p><strong>Estaba alguno en la lista pero aparec\u00eda como agotado e incluso descatalogado. Se ve que no interesa el asunto.<\/strong><\/p>\n<p><strong>\u00a0\u00a0\u00a0\u00a0\u00a0\u00a0\u00a0 Solo best sellers y para colmo me autolesion\u00e9 la vanidad al preguntar por algunos t\u00edtulos m\u00edos ( lo hago con cara de no ser yo el autor) me dicen que no consta y eso que los he presentado en el \u00c1mbito Cultural de la Calle de Col\u00f3n, No soy nadie. Lo sab\u00eda ya, pero confirmarlo as\u00ed duele, duele. Miro mi DNI y compruebo que yo si yo. Un alivio<\/strong><\/p>\n<p><strong>No volver\u00e9 a preguntar<\/strong><\/p>\n<p><strong>\u00a0\u00a0\u00a0\u00a0\u00a0\u00a0\u00a0 Me rehago mediante la ingesta de cerveza y una sartencilla de huevos fritos con bac\u00f3n (muy bueno, como se sabe, para el colesterol) y de repente me entra el lado cient\u00edfico y me acuerdo de las personas que sufren claustrofobia. <\/strong><strong>Los caminos de mis neuronas son inescrutables<\/strong><strong><\/strong><\/p>\n<p><strong>. \u00a0\u00a0\u00a0\u00a0\u00a0\u00a0 Me surge esta idea al verme zarandeado por las masas y me digo que esto no lo debo decir porque habr\u00e1 lector@s (es habitual) que se meter\u00e1n conmigo y me dir\u00e1n que para que no me zarandeen lo mejor es no ir o me dir\u00e1n que tiene que ver esto con lo anterior. <\/strong><\/p>\n<p><strong>Lo confieso: es la esquizofrenia de Reyes, es como la enfermedad en la que caen muchos turistas cuando en una semana se \u201ctragan\u201d quince museos.<\/strong><\/p>\n<p><strong>\u00a0\u00a0\u00a0\u00a0\u00a0\u00a0\u00a0\u00a0 Hay una especie de fiebre del consumo y cuando salgo de este marem\u00e1gnum oigo que unas se\u00f1oras, muy alegres, se comunican que en\u00a0 tal o cual tienda han empezado ya las rebajas.<\/strong><\/p>\n<p><strong>\u00a0\u00a0\u00a0\u00a0\u00a0\u00a0\u00a0\u00a0 Las miro y me da por pensar en cada uno de sus tipos, en la forma de sus f\u00edsicos y eso me ocurre porque he le\u00eddo que seg\u00fan la moda de ahora mismo las hay cuadrangulares, de tipo, de botella, de triangulo, de pir\u00e1mide etc.<\/strong><\/p>\n<p><strong>\u00a0\u00a0\u00a0\u00a0\u00a0\u00a0\u00a0\u00a0 No sabemos que inventar. Creo que necesito respirar aire m\u00e1s puro. Buenos d\u00edas quiero decir tardes.<\/strong><\/p>\n<p>&nbsp;<\/p>\n<p>&nbsp;<\/p>\n","protected":false},"excerpt":{"rendered":"<p>\u00a0 \u00a0 \u00a0 \u00a0 \u00a0 \u00a0 \u00a0 \u00a0 \u00a0 \u00a0 \u00a0 \u00bfD\u00f3nde compro? \u00a0\u00a0\u00a0\u00a0\u00a0\u00a0\u00a0 Ayer por la tare-noche la Calle de Col\u00f3n y aleda\u00f1os de Valencia estaban que no cab\u00eda un alfiler y yo transitaba por all\u00ed. Un alfiler m\u00e1s. \u00a0\u00a0\u00a0\u00a0\u00a0\u00a0\u00a0 Fui a buscar libros interesantes. \u00bfCu\u00e1les? Una biograf\u00eda de Antonio P\u00e9rez \u2013 secretario de [&hellip;]<\/p>\n","protected":false},"author":7,"featured_media":0,"comment_status":"open","ping_status":"closed","sticky":false,"template":"","format":"standard","meta":[],"categories":[5],"tags":[],"_links":{"self":[{"href":"https:\/\/blogs.lasprovincias.es\/carlospajuelo\/wp-json\/wp\/v2\/posts\/1785"}],"collection":[{"href":"https:\/\/blogs.lasprovincias.es\/carlospajuelo\/wp-json\/wp\/v2\/posts"}],"about":[{"href":"https:\/\/blogs.lasprovincias.es\/carlospajuelo\/wp-json\/wp\/v2\/types\/post"}],"author":[{"embeddable":true,"href":"https:\/\/blogs.lasprovincias.es\/carlospajuelo\/wp-json\/wp\/v2\/users\/7"}],"replies":[{"embeddable":true,"href":"https:\/\/blogs.lasprovincias.es\/carlospajuelo\/wp-json\/wp\/v2\/comments?post=1785"}],"version-history":[{"count":0,"href":"https:\/\/blogs.lasprovincias.es\/carlospajuelo\/wp-json\/wp\/v2\/posts\/1785\/revisions"}],"wp:attachment":[{"href":"https:\/\/blogs.lasprovincias.es\/carlospajuelo\/wp-json\/wp\/v2\/media?parent=1785"}],"wp:term":[{"taxonomy":"category","embeddable":true,"href":"https:\/\/blogs.lasprovincias.es\/carlospajuelo\/wp-json\/wp\/v2\/categories?post=1785"},{"taxonomy":"post_tag","embeddable":true,"href":"https:\/\/blogs.lasprovincias.es\/carlospajuelo\/wp-json\/wp\/v2\/tags?post=1785"}],"curies":[{"name":"wp","href":"https:\/\/api.w.org\/{rel}","templated":true}]}}