{"id":1788,"date":"2013-01-07T10:02:16","date_gmt":"2013-01-07T10:02:16","guid":{"rendered":"http:\/\/blogs.lasprovincias.es\/carlospajuelo\/?p=1788"},"modified":"2013-01-07T10:02:16","modified_gmt":"2013-01-07T10:02:16","slug":"el-aeropuerto-de-berlin","status":"publish","type":"post","link":"https:\/\/blogs.lasprovincias.es\/carlospajuelo\/2013\/01\/07\/el-aeropuerto-de-berlin\/","title":{"rendered":"El aeropuerto de Berl\u00edn"},"content":{"rendered":"<ul>\n<li><\/li>\n<\/ul>\n<p>El aeropuerto de Berl\u00edn<\/p>\n<p><strong><em>La apertura del aeropuerto internacional de Berl\u00edn-Brandeburgo (BBI), que debi\u00f3 realizarse en junio de 2012 y se aplaz\u00f3 hasta octubre de este a\u00f1o, se retrasar\u00e1 de nuevo ante sus graves deficiencias t\u00e9cnicas<\/em><\/strong>.(fuente: agencia EFE)<\/p>\n<p>Se da el caso que este aeropuerto (hablo, de nuevo, del de Berl\u00edn) deb\u00eda haber estado en el a\u00f1o 2010 en funcionamiento y as\u00ed cerrar el actual que, pr\u00e1cticamente, est\u00e1 en la ciudad.<\/p>\n<p>En todas partes cuecen habas<\/p>\n<p>Me parece que esta noticia, tan alejada de las locales, del discurso del Rey, de su entrevista encorsetada de Hermida, de las vacaciones ampl\u00edsimas de los diputados en Les Corts y de las miserias de los cabros indebidos de dietas por alojamiento de muchos diputados nacionales, esta noticia ,repito- podr\u00eda relacionarse con el aeropuerto de Castell\u00f3n. Yo estoy seguro que con el tiempo ese aeropuerto servir\u00e1 a las estupendas perspectivas de sus costas que ven incrementado el n\u00famero de sus visitantes cada a\u00f1o.<\/p>\n<p>Esta es la obra del \u201chombre afortunado\u201d, del hombre al que siempre le toca, se ve, la loter\u00eda (\u00bfeste a\u00f1o tambi\u00e9n?) y que est\u00e1 ah\u00ed, el aeropuerto, esperando la llegada de aviones con su pasajeros incluidos. \u00bfCu\u00e1ndo? \u00a1Ah! Solo le cielo lo sabe.<\/p>\n<p>Yo creo que dado que la distancia entre el de Berl\u00edn y el de Castell\u00f3n es mucha no hay posibilidad de desviaci\u00f3n de vuelos o de constituirse en alternativo .Una pena. No cabe siquiera la hermandad entre pueblos. \u00a1Est\u00e1n tan\u00a0 lejos!.<\/p>\n<p>Eso no es \u00f3bice que yo ame a Castell\u00f3n y tambi\u00e9n a Berl\u00edn.<\/p>\n<p>Mucho meterse con el \u201cafortunado\u201d y su extra\u00f1a estatua a la norcoreana y poco decir que hay del orden de m\u00e1s de 200 millones de euros gastados en obras sin acabar por falta de dinero y el deterioro avanza y el mantenimiento nulo lo hace avanzar m\u00e1s.<\/p>\n<p>Este ejemplo castellano-alem\u00e1n nos hace m\u00e1s pr\u00f3ximos y m\u00e1s humanos a los alemanes que tambi\u00e9n se equivocan; sin duda aqu\u00ed puede funcionar lo del \u201cmal de muchos consuelo de tontos\u201d se podr\u00eda aplicar en este asunto.<\/p>\n<p>Los Reyes no nos han dejado nada nuevo. Hay partes del mundo d\u00f3nde la violencia machista, por ejemplo en la India, o la terrorista no para y aqu\u00ed a vueltas con la privatizaci\u00f3n de la sanidad en aras de una austeridad al l\u00edmite.<\/p>\n<p>Duele m\u00e1s, claro, la espera larga en urgencias, que la violaci\u00f3n de una mujer en la India y el fatal desenlace del ni\u00f1o muerto bajo las ruedas de una carroza que solo lanzaba caramelos. Son las cosas de la proximidad.<\/p>\n<p>Buenos d\u00edas.<\/p>\n","protected":false},"excerpt":{"rendered":"<p>El aeropuerto de Berl\u00edn La apertura del aeropuerto internacional de Berl\u00edn-Brandeburgo (BBI), que debi\u00f3 realizarse en junio de 2012 y se aplaz\u00f3 hasta octubre de este a\u00f1o, se retrasar\u00e1 de nuevo ante sus graves deficiencias t\u00e9cnicas.(fuente: agencia EFE) Se da el caso que este aeropuerto (hablo, de nuevo, del de Berl\u00edn) deb\u00eda haber estado en [&hellip;]<\/p>\n","protected":false},"author":7,"featured_media":0,"comment_status":"open","ping_status":"closed","sticky":false,"template":"","format":"standard","meta":[],"categories":[5],"tags":[],"_links":{"self":[{"href":"https:\/\/blogs.lasprovincias.es\/carlospajuelo\/wp-json\/wp\/v2\/posts\/1788"}],"collection":[{"href":"https:\/\/blogs.lasprovincias.es\/carlospajuelo\/wp-json\/wp\/v2\/posts"}],"about":[{"href":"https:\/\/blogs.lasprovincias.es\/carlospajuelo\/wp-json\/wp\/v2\/types\/post"}],"author":[{"embeddable":true,"href":"https:\/\/blogs.lasprovincias.es\/carlospajuelo\/wp-json\/wp\/v2\/users\/7"}],"replies":[{"embeddable":true,"href":"https:\/\/blogs.lasprovincias.es\/carlospajuelo\/wp-json\/wp\/v2\/comments?post=1788"}],"version-history":[{"count":0,"href":"https:\/\/blogs.lasprovincias.es\/carlospajuelo\/wp-json\/wp\/v2\/posts\/1788\/revisions"}],"wp:attachment":[{"href":"https:\/\/blogs.lasprovincias.es\/carlospajuelo\/wp-json\/wp\/v2\/media?parent=1788"}],"wp:term":[{"taxonomy":"category","embeddable":true,"href":"https:\/\/blogs.lasprovincias.es\/carlospajuelo\/wp-json\/wp\/v2\/categories?post=1788"},{"taxonomy":"post_tag","embeddable":true,"href":"https:\/\/blogs.lasprovincias.es\/carlospajuelo\/wp-json\/wp\/v2\/tags?post=1788"}],"curies":[{"name":"wp","href":"https:\/\/api.w.org\/{rel}","templated":true}]}}