{"id":1789,"date":"2013-01-08T08:23:50","date_gmt":"2013-01-08T08:23:50","guid":{"rendered":"http:\/\/blogs.lasprovincias.es\/carlospajuelo\/?p=1789"},"modified":"2013-01-08T08:23:50","modified_gmt":"2013-01-08T08:23:50","slug":"limpieza-hospitalaria","status":"publish","type":"post","link":"https:\/\/blogs.lasprovincias.es\/carlospajuelo\/2013\/01\/08\/limpieza-hospitalaria\/","title":{"rendered":"Limpieza hospitalaria"},"content":{"rendered":"<p>Limpieza hospitalaria<\/p>\n<p><em>El Hospital General de Alicante no huele a hospital. Huele a sumidero y a acumulaci\u00f3n de basuras. Impresiona ver las manchas en los suelos. Algunas son recientes, otras son aut\u00e9nticas costras sobre el pavimento, el az\u00facar de los refrescos solidificado. Diversas frases recorren los pasillos del centro como un mantra: &#8220;Esto es una verg\u00fcenza&#8221;, &#8220;esto es un asco&#8221;, &#8220;pero aqu\u00ed qu\u00e9 est\u00e1 pasando&#8221;. Y lo que est\u00e1 ocurriendo en el hospital de referencia de la provincia de casi dos millones de personas es que lleva <a href=\"http:\/\/ccaa.elpais.com\/ccaa\/2013\/01\/04\/valencia\/1357330821_870765.html\" rel=\"external nofollow\">13 d\u00edas sin limpiar<\/a> por huelga debido a reiterados impagos de la Administraci\u00f3n valenciana.(fuente: el pa\u00eds)<\/em><\/p>\n<p>Tanta austeridad puede llegar a generar una infecci\u00f3n que a lo mejor necesita un nombre, Propongo <em>Austeritis.<\/em><\/p>\n<p>Llama la atenci\u00f3n el que de una parte se hable de prevenci\u00f3n como mecanismo que permite tener menos enfermedades, estar m\u00e1s sano y de otra la negligencia propia del abandono.<\/p>\n<p>\u00bfNo existen servicios m\u00ednimos para capear este temporal cr\u00edtico que puede generar m\u00e1s de una enfermedad hospitalaria?<\/p>\n<p>En la noticia se da cuenta tambi\u00e9n del c\u00f3mo se acumula la suciedad bajo las camas y se teme por los enfermos aquejados de asma. Un verg\u00fcenza.<\/p>\n<p>He le\u00eddo hace poco algunas de las condiciones de los barracones destinados a prisioneros jud\u00edos, que luego eran \u201cliquidados\u201d por los nazis y al parecer, las condiciones de hacinamiento no eran \u00f3bice para una cierta disciplina de limpieza. Aqu\u00ed los virus estar\u00e1n de fiesta. Es el botell\u00f3n virotico. Es posible que se pasen la nota entre s\u00ed.<\/p>\n<p>Oye que se acaba de inaugurar \u201cvirolandia\u201d en Alicante \u201c\u00bfla millor tererta del mon?\u201d Si, esa. Que te vengas, que aqu\u00ed hay carnaza.<\/p>\n<p>No entiendo c\u00f3mo le actual conseller de Sanidad ocupado, al parecer, en encontrar mejores y m\u00e1s n\u00edtidos baremos de eficiencia sanitaeconomica no coge el coche \u00a0y se hace llevar hasta all\u00ed y da ejemplo mediante el simple sistema de agarrar por el rabo una fregona y entrar en \u201cfaena\u201d ejemplar. Contraten eso que algunos llaman esquiroles\u2026pero limpien,co\u00f1o.<\/p>\n<p>\u00bfEst\u00e1 para eso el conseller?. Claro que no. Los ejemplos p\u00fablicos son para eso., para dar ejemplo. Hasta podr\u00eda sacar partido fotogr\u00e1fico del asunto. Un r\u00e9dito pol\u00edtico.<\/p>\n<p>\u00bfPor qu\u00e9 no interviene el President y entre sus privilegios repasa si tiene alguno para movilizar a alguien?<\/p>\n<p>Un peligro el Hospital de Alicante. Mam\u00e1 no me lleves all\u00ed. Buenos d\u00edas<\/p>\n","protected":false},"excerpt":{"rendered":"<p>Limpieza hospitalaria El Hospital General de Alicante no huele a hospital. Huele a sumidero y a acumulaci\u00f3n de basuras. Impresiona ver las manchas en los suelos. Algunas son recientes, otras son aut\u00e9nticas costras sobre el pavimento, el az\u00facar de los refrescos solidificado. Diversas frases recorren los pasillos del centro como un mantra: &#8220;Esto es una [&hellip;]<\/p>\n","protected":false},"author":7,"featured_media":0,"comment_status":"open","ping_status":"closed","sticky":false,"template":"","format":"standard","meta":[],"categories":[5],"tags":[],"_links":{"self":[{"href":"https:\/\/blogs.lasprovincias.es\/carlospajuelo\/wp-json\/wp\/v2\/posts\/1789"}],"collection":[{"href":"https:\/\/blogs.lasprovincias.es\/carlospajuelo\/wp-json\/wp\/v2\/posts"}],"about":[{"href":"https:\/\/blogs.lasprovincias.es\/carlospajuelo\/wp-json\/wp\/v2\/types\/post"}],"author":[{"embeddable":true,"href":"https:\/\/blogs.lasprovincias.es\/carlospajuelo\/wp-json\/wp\/v2\/users\/7"}],"replies":[{"embeddable":true,"href":"https:\/\/blogs.lasprovincias.es\/carlospajuelo\/wp-json\/wp\/v2\/comments?post=1789"}],"version-history":[{"count":0,"href":"https:\/\/blogs.lasprovincias.es\/carlospajuelo\/wp-json\/wp\/v2\/posts\/1789\/revisions"}],"wp:attachment":[{"href":"https:\/\/blogs.lasprovincias.es\/carlospajuelo\/wp-json\/wp\/v2\/media?parent=1789"}],"wp:term":[{"taxonomy":"category","embeddable":true,"href":"https:\/\/blogs.lasprovincias.es\/carlospajuelo\/wp-json\/wp\/v2\/categories?post=1789"},{"taxonomy":"post_tag","embeddable":true,"href":"https:\/\/blogs.lasprovincias.es\/carlospajuelo\/wp-json\/wp\/v2\/tags?post=1789"}],"curies":[{"name":"wp","href":"https:\/\/api.w.org\/{rel}","templated":true}]}}