{"id":1790,"date":"2013-01-09T08:42:05","date_gmt":"2013-01-09T08:42:05","guid":{"rendered":"http:\/\/blogs.lasprovincias.es\/carlospajuelo\/?p=1790"},"modified":"2013-01-09T08:42:05","modified_gmt":"2013-01-09T08:42:05","slug":"los-irresponsables-que-paguen-por-ello","status":"publish","type":"post","link":"https:\/\/blogs.lasprovincias.es\/carlospajuelo\/2013\/01\/09\/los-irresponsables-que-paguen-por-ello\/","title":{"rendered":"Los Irresponsables que paguen por ello"},"content":{"rendered":"<p><strong>Los Irresponsables que paguen por ello<\/strong><\/p>\n<p><strong>\u00a0\u00a0\u00a0\u00a0\u00a0\u00a0\u00a0\u00a0\u00a0\u00a0\u00a0 Hoy he seleccionado dos noticias que aparentemente no tienen relaci\u00f3n alguna. Yo especulo con las dos y creo que en el fondo estamos hablando de responsabilidad \u00a0directa y derivada.<\/strong><\/p>\n<p><strong><em>El Departamento de Infancia y Familia de Kansas (EE UU) ha suscitado una gran pol\u00e9mica al reclamar a un donante de esperma que se responsabilice de m\u00e1s de 6.000 d\u00f3lares (unos 4.550 euros) en gastos m\u00e9dicos y una pensi\u00f3n alimenticia para &#8220;su hija&#8221;. William Marotta, de 46 a\u00f1os, accedi\u00f3 en 2009 a donar su esperma a una pareja lesbiana a trav\u00e9s de una p\u00e1gina de anuncios de internet. ( fuente:<\/em><\/strong><strong><em>LEVANTE)<\/em><\/strong><strong><em><\/em><\/strong><\/p>\n<p><strong>\u00a0\u00a0\u00a0\u00a0\u00a0\u00a0\u00a0\u00a0\u00a0\u00a0\u00a0 A aquellos que a\u00fan les quede esperma para dar les recomiendo calma. Usted no se lance a lo primero que caiga. Ah\u00ed tiene el caso de la becaria de Clinton (ya s\u00e9 que usted\u00a0 no est\u00e1 en el despacho oval pero a lo mejor est\u00e1 en otro) o el caso del tenista alem\u00e1n Boris al que tras una felaci\u00f3n le sali\u00f3 un hijo. No tuvieron cuidado y se dejaron llevar por la temperatura del momento. La gente va m\u00e1s all\u00e1 y con la crisis la cosa est\u00e1 que arde. F\u00edjese con la noticia del tipo de Kansas<\/strong><\/p>\n<p><strong>\u00a0\u00a0\u00a0\u00a0\u00a0\u00a0\u00a0\u00a0\u00a0\u00a0\u00a0 La gente est\u00e1 a la que salta. Nada de prestar su esperma con la simple y posible solicitud de: \u00bfTe importar\u00eda prestarme unos espermatozoides de nada, es para una buena obra?<\/strong><\/p>\n<p><strong>Y luego sale un ni\u00f1a en plan preferente. No. Ni\u00e9guese.<\/strong><\/p>\n<p><strong>Luego te salen respondones y te tiran de casa y acabas en una parada de autob\u00fas.<\/strong><\/p>\n<p><strong>\u00a0<\/strong><\/p>\n<p><strong><em>\u00a0\u00a0\u00a0\u00a0\u00a0\u00a0\u00a0\u00a0\u00a0\u00a0\u00a0 <\/em><\/strong><strong><em>Una pareja ha sido detenida por la Polic\u00eda <\/em><\/strong><strong><em>por echar de su domicilio en Nochebuena a los padres de uno de ellos<\/em><\/strong><strong><em>, un matrimonio de ancianos que tuvo que dejar su casa en Altura (Castell\u00f3n) y fue encontrada en una parada de autob\u00fas de Sagunto (Valencia).<\/em><\/strong><strong><em><\/em><\/strong><\/p>\n<p><strong><em>Fuentes policiales y municipales han confirmado a Efe que los dos ancianos fueron hallados por <\/em><\/strong><strong><em>una patrulla de la Polic\u00eda Local sobre las cuatro de la madrugada del d\u00eda de Navidad<\/em><\/strong><strong><em> cobijados en la parada de autob\u00fas de la calle del Pa\u00eds Valenci\u00e0 de Sagunto<\/em><\/strong><em>.(fuente:levante)<\/em><\/p>\n<p>Con lo que uno firma, con lo que uno dice ,con lo que uno hace, con lo que uno se compromete hay que tener cuidado.<\/p>\n<p>A mi me insultan con frecuencia y constancia. Yo no contesto mal nunca y es m\u00e1s pido perd\u00f3n y le deseo al otro lo mejor.<\/p>\n","protected":false},"excerpt":{"rendered":"<p>Los Irresponsables que paguen por ello \u00a0\u00a0\u00a0\u00a0\u00a0\u00a0\u00a0\u00a0\u00a0\u00a0\u00a0 Hoy he seleccionado dos noticias que aparentemente no tienen relaci\u00f3n alguna. Yo especulo con las dos y creo que en el fondo estamos hablando de responsabilidad \u00a0directa y derivada. El Departamento de Infancia y Familia de Kansas (EE UU) ha suscitado una gran pol\u00e9mica al reclamar a un [&hellip;]<\/p>\n","protected":false},"author":7,"featured_media":0,"comment_status":"open","ping_status":"closed","sticky":false,"template":"","format":"standard","meta":[],"categories":[5],"tags":[],"_links":{"self":[{"href":"https:\/\/blogs.lasprovincias.es\/carlospajuelo\/wp-json\/wp\/v2\/posts\/1790"}],"collection":[{"href":"https:\/\/blogs.lasprovincias.es\/carlospajuelo\/wp-json\/wp\/v2\/posts"}],"about":[{"href":"https:\/\/blogs.lasprovincias.es\/carlospajuelo\/wp-json\/wp\/v2\/types\/post"}],"author":[{"embeddable":true,"href":"https:\/\/blogs.lasprovincias.es\/carlospajuelo\/wp-json\/wp\/v2\/users\/7"}],"replies":[{"embeddable":true,"href":"https:\/\/blogs.lasprovincias.es\/carlospajuelo\/wp-json\/wp\/v2\/comments?post=1790"}],"version-history":[{"count":0,"href":"https:\/\/blogs.lasprovincias.es\/carlospajuelo\/wp-json\/wp\/v2\/posts\/1790\/revisions"}],"wp:attachment":[{"href":"https:\/\/blogs.lasprovincias.es\/carlospajuelo\/wp-json\/wp\/v2\/media?parent=1790"}],"wp:term":[{"taxonomy":"category","embeddable":true,"href":"https:\/\/blogs.lasprovincias.es\/carlospajuelo\/wp-json\/wp\/v2\/categories?post=1790"},{"taxonomy":"post_tag","embeddable":true,"href":"https:\/\/blogs.lasprovincias.es\/carlospajuelo\/wp-json\/wp\/v2\/tags?post=1790"}],"curies":[{"name":"wp","href":"https:\/\/api.w.org\/{rel}","templated":true}]}}