{"id":1791,"date":"2013-01-10T06:02:04","date_gmt":"2013-01-10T06:02:04","guid":{"rendered":"http:\/\/blogs.lasprovincias.es\/carlospajuelo\/?p=1791"},"modified":"2013-01-10T06:02:04","modified_gmt":"2013-01-10T06:02:04","slug":"aqui-no-se-va-nadie","status":"publish","type":"post","link":"https:\/\/blogs.lasprovincias.es\/carlospajuelo\/2013\/01\/10\/aqui-no-se-va-nadie\/","title":{"rendered":"Aqu\u00ed no se va nadie"},"content":{"rendered":"<p>Aqu\u00ed no se va nadie<\/p>\n<p><strong><em>\u00a0<\/em><\/strong><\/p>\n<p><strong><em>La portavoz del partido asegura que la formaci\u00f3n democristiana no est\u00e1 condenada por financiaci\u00f3n irregular&#8221;, de manera que no se cumple la premisa para que Duran i Lleida dimita (fuente: p\u00fablico)<\/em><\/strong><\/p>\n<p>&nbsp;<\/p>\n<p>Es evidente que el refranero puede ser la s\u00edntesis de la realidad. \u201cQui\u00e9n se va a Sevilla pierde su silla\u201d \u201cAnde yo caliente r\u00edase la gente\u201d<\/p>\n<p>\u00bfSe ha visto alguna vez que la Ley haya acusado formalmente a una Instituci\u00f3n o a un partido en sentido gen\u00e9rico?<\/p>\n<p>&nbsp;<\/p>\n<p>Estos d\u00edas se ha dicho por parte de Westringe &#8211; extra\u00f1o personaje de ida (en su d\u00eda secretario general de Alianza Popular con Fraga), vuelta y revuelta en torno a tertulias, partidos que lo admiten y que \u201ctertulia\u201d cuando lo invitan- \u00a0el c\u00f3mo, seg\u00fan \u00e9l, en Alianza Popular exist\u00eda un equipo de personas dedicadas a \u201cfabricar\u201d facturas falsas destinadas a los alemanes y as\u00ed cobrar cantidades destinadas a ayudar en cursos de formaci\u00f3n acabando las cantidades en el partido.<\/p>\n<p>\u00bfEso es financiaci\u00f3n ilegal? \u00bfNadie sab\u00eda nada? \u00bfEra un pacto de silencio? \u00bfUn pastel del que todos \u201cmojaban\u201d?<\/p>\n<p><strong>&#8220;<em>Era para dinero por supuestos cursos de formaci\u00f3n&#8221; <\/em><\/strong><strong><em><a title=\"Vestrynge: 'Cuando era secretario general del PP ten\u00edamos un equipo dedicado a falsificar facturas'\" href=\"http:\/\/www.periodistadigital.com\/politica\/partidos-politicos\/2013\/01\/09\/jorge-vestrynge-cuatro-marta-fernandez-calleja-financiacion-ilegal.shtml\" rel=\"external nofollow\">Vestrynge: &#8220;Cuando era secretario general del PP ten\u00edamos un equipo dedicado a falsificar facturas&#8221;<\/a>(fuente: periodista digital)<\/em><\/strong><strong><\/strong><\/p>\n<p>Una risa eso de enga\u00f1ar al personal y decirlo ahora que est\u00e1 prescrito \u00bfNo?<strong><\/strong><\/p>\n<p>Es el \u201ca m\u00ed que me registren\u201d. Me hace gracia al tiempo que me sonroja. O sea que aqu\u00ed no se salva ni Dios\u2026y adem\u00e1s no dimiten. Mejor porque a lo mejor acaban de un Consejo de esos de las grandes empresas.<\/p>\n<p>\u00bfNo ser\u00e1 que hace falta un mecanismo para financiar a los partidos?<\/p>\n<p>Nadie sabe nada.<\/p>\n<p>Es preocupante la falta de conocimiento a la que se alude por parte de un importante n\u00famero de acusados en los diferentes sectores.<\/p>\n<p>Los bancarios, los consejeros, los directores generales, los administradores, los pol\u00edticos dicen que no \u201csab\u00edan\u201d \u201cque no se les informaba\u201d<\/p>\n<p>Creo que hace falta que vuelvan a la escuela. No a la Universidad porque eso es eleitista \u00bfNo? Hay que volver a p\u00e1rvulos.<\/p>\n<p>Repitan conmigo consejeros m\u00edos. La M con la A Ma. Repitan dos veces MAMA. No de mamar, no de mamandurria (dixit Aguirre Esperanza), sino de la mam\u00e1 de casa, de la que te ha tra\u00eddo al mundo.<\/p>\n<p>Nenes a la escuela. Otros pensar\u00e1n que a la c\u00e1rcel y otros que a trabajos forzados.<\/p>\n<p>\u00bfA qu\u00e9 se ha ido a Chile D.Dur\u00e1n? Y yo que s\u00e9. No me han informado, no s\u00e9 nada.<\/p>\n<p>Vuelvo al Mercado Central a ver verduras del campo. Ca\u00f1ete esto no va. El agricultor lo est\u00e1 pasando fatal pero no seamos pesimistas.<\/p>\n<p>Cantemos todos a una, seamos positivos. A las rebajas, al botell\u00f3n \u00a1Vixca!.\u201dVente a Alemania Pepe\u201d es la peli que me voy a alquilar.<\/p>\n<p>Buenos d\u00edas y que Dios reparta suerte.<\/p>\n","protected":false},"excerpt":{"rendered":"<p>Aqu\u00ed no se va nadie \u00a0 La portavoz del partido asegura que la formaci\u00f3n democristiana no est\u00e1 condenada por financiaci\u00f3n irregular&#8221;, de manera que no se cumple la premisa para que Duran i Lleida dimita (fuente: p\u00fablico) &nbsp; Es evidente que el refranero puede ser la s\u00edntesis de la realidad. \u201cQui\u00e9n se va a Sevilla [&hellip;]<\/p>\n","protected":false},"author":7,"featured_media":0,"comment_status":"open","ping_status":"closed","sticky":false,"template":"","format":"standard","meta":[],"categories":[5],"tags":[],"_links":{"self":[{"href":"https:\/\/blogs.lasprovincias.es\/carlospajuelo\/wp-json\/wp\/v2\/posts\/1791"}],"collection":[{"href":"https:\/\/blogs.lasprovincias.es\/carlospajuelo\/wp-json\/wp\/v2\/posts"}],"about":[{"href":"https:\/\/blogs.lasprovincias.es\/carlospajuelo\/wp-json\/wp\/v2\/types\/post"}],"author":[{"embeddable":true,"href":"https:\/\/blogs.lasprovincias.es\/carlospajuelo\/wp-json\/wp\/v2\/users\/7"}],"replies":[{"embeddable":true,"href":"https:\/\/blogs.lasprovincias.es\/carlospajuelo\/wp-json\/wp\/v2\/comments?post=1791"}],"version-history":[{"count":0,"href":"https:\/\/blogs.lasprovincias.es\/carlospajuelo\/wp-json\/wp\/v2\/posts\/1791\/revisions"}],"wp:attachment":[{"href":"https:\/\/blogs.lasprovincias.es\/carlospajuelo\/wp-json\/wp\/v2\/media?parent=1791"}],"wp:term":[{"taxonomy":"category","embeddable":true,"href":"https:\/\/blogs.lasprovincias.es\/carlospajuelo\/wp-json\/wp\/v2\/categories?post=1791"},{"taxonomy":"post_tag","embeddable":true,"href":"https:\/\/blogs.lasprovincias.es\/carlospajuelo\/wp-json\/wp\/v2\/tags?post=1791"}],"curies":[{"name":"wp","href":"https:\/\/api.w.org\/{rel}","templated":true}]}}