{"id":1793,"date":"2013-01-12T07:53:15","date_gmt":"2013-01-12T07:53:15","guid":{"rendered":"http:\/\/blogs.lasprovincias.es\/carlospajuelo\/?p=1793"},"modified":"2013-01-12T07:53:15","modified_gmt":"2013-01-12T07:53:15","slug":"la-muerte-de-mota-ritual-o-moobing","status":"publish","type":"post","link":"https:\/\/blogs.lasprovincias.es\/carlospajuelo\/2013\/01\/12\/la-muerte-de-mota-ritual-o-moobing\/","title":{"rendered":"La muerte de Mota. \u00bfRitual o moobing?"},"content":{"rendered":"<p>La muerte de Mota. \u00bfRitual o moobing?<\/p>\n<p>Estos d\u00edas la muerte, en extra\u00f1as circunstancias del dise\u00f1ador catal\u00e1n M.Mota\u00a0 ha disparado los rumores del suicidio como una posibilidad. La investigaci\u00f3n dar\u00e1 con la soluci\u00f3n de lo inevitable ya. La hermana ha dejado dicho que era el fruto de una persecuci\u00f3n por parte de alguien al que \u00e9l llamaba \u201cel monstruo\u201d.<\/p>\n<p>Esa declaraci\u00f3n unida a la prohibici\u00f3n de asistencia al entierro de personas al mando de Pronovias \u00a0(salvo tres \u00edntimos colaboradores) da que pensar; por otra parte la empresa se ha apresurado a rendir homenaje y sentir dolor oficial por la desaparici\u00f3n de este hombre de 46 a\u00f1os y 23 dedicados a la misma compa\u00f1\u00eda.<\/p>\n<p>Si fuera un suicidio (una de las hip\u00f3tesis) llama la atenci\u00f3n el sistema (se habla de espada) y eso me lleva de inmediato a los suicidios rituales y sobre todo al Jap\u00f3n al suicidio de Mishima \u00a0que ha estado siempre rodeado de mucha especulaci\u00f3n. Fue reconocido como uno de los m\u00e1s importantes estilistas del lenguaje japon\u00e9s de posguerra.<\/p>\n<p>Supongo que esta especulaci\u00f3n m\u00eda es fruto del como en su momento me impresion\u00f3 ese suicidio ritual.<\/p>\n<p>Lo descarto por falta de arraigo aqu\u00ed, supongo, Somos occidentales y mediterr\u00e1neos. A lo mejor era una depresi\u00f3n fruto del moobing. \u00bfCu\u00e1les son lo s\u00edntomas? Leo, copio pego y pienso.<\/p>\n<p><em>La v\u00edctima del mobbing puede ser atacada a trav\u00e9s de medidas organizacionales: puede ver restringidas sus posibilidades de hablar, se le cambia de ubicaci\u00f3n y se le separa de sus compa\u00f1eros, a \u00e9stos se les proh\u00edbe hablar con la v\u00edctima, se juzga su desempe\u00f1o de manera ofensiva, se cuestionan sus decisiones, no se le asignan tareas o incluso las que se le asignan no tienen sentido, est\u00e1n muy por debajo de sus capacidades y son degradantes.<\/em><\/p>\n<p>\u00bfLe pasar\u00eda esto a este se\u00f1or? o \u00bfno ten\u00eda nada que ver con nada de lo anterior y era el fruto de un adi\u00f3s a la vida inarm\u00f3nica en su interior?<\/p>\n<p>Es un hecho que la materializaci\u00f3n del entorno actual conlleva a frustrarse por la carencia de cosas. El aqu\u00ed y ahora cada vez es m\u00e1s dif\u00edcil y el retorno del alma del hombre a la reflexi\u00f3n interna y a la transcendencia se aleja; la b\u00fasqueda de la paz interior es compleja.<\/p>\n<p>Los ejemplos que recibimos o damos a los j\u00f3venes no son precisamente modelos de conducta c\u00edvica y responsable. En materia de moobing se me ocurre pensar en los pol\u00edticos que pese a todo nos hacen moobing a nosotros como electores.<\/p>\n<p>El reciente caso de Dur\u00e1n y Lleida es escandaloso y otros muchos que ofrecen una imagen de \u201ccasta cerrada\u201d al margen de la realidad del pa\u00eds. \u00bfSer\u00e1 que somos tontos o lo parecemos?<\/p>\n<p>F\u00edjense ustedes lo que me pasa a m\u00ed. He devenido en Dur\u00e1n partiendo de la muerte de M.Mota pasando por el moobing.<\/p>\n<p>Es un viaje a ninguna parte. Ya lo s\u00e9,<\/p>\n<p>Sigo al maestro Meneses, recientemente fallecido, en su concepto esencial del periodismo. Ir, ver, anotar, volver y contar. Digo yo que ahora falta editar, que te lo editen , y que alguien lo lea y piense.<\/p>\n<p>Buenos d\u00edas<\/p>\n","protected":false},"excerpt":{"rendered":"<p>La muerte de Mota. \u00bfRitual o moobing? Estos d\u00edas la muerte, en extra\u00f1as circunstancias del dise\u00f1ador catal\u00e1n M.Mota\u00a0 ha disparado los rumores del suicidio como una posibilidad. La investigaci\u00f3n dar\u00e1 con la soluci\u00f3n de lo inevitable ya. La hermana ha dejado dicho que era el fruto de una persecuci\u00f3n por parte de alguien al que [&hellip;]<\/p>\n","protected":false},"author":7,"featured_media":0,"comment_status":"open","ping_status":"closed","sticky":false,"template":"","format":"standard","meta":[],"categories":[5],"tags":[],"_links":{"self":[{"href":"https:\/\/blogs.lasprovincias.es\/carlospajuelo\/wp-json\/wp\/v2\/posts\/1793"}],"collection":[{"href":"https:\/\/blogs.lasprovincias.es\/carlospajuelo\/wp-json\/wp\/v2\/posts"}],"about":[{"href":"https:\/\/blogs.lasprovincias.es\/carlospajuelo\/wp-json\/wp\/v2\/types\/post"}],"author":[{"embeddable":true,"href":"https:\/\/blogs.lasprovincias.es\/carlospajuelo\/wp-json\/wp\/v2\/users\/7"}],"replies":[{"embeddable":true,"href":"https:\/\/blogs.lasprovincias.es\/carlospajuelo\/wp-json\/wp\/v2\/comments?post=1793"}],"version-history":[{"count":0,"href":"https:\/\/blogs.lasprovincias.es\/carlospajuelo\/wp-json\/wp\/v2\/posts\/1793\/revisions"}],"wp:attachment":[{"href":"https:\/\/blogs.lasprovincias.es\/carlospajuelo\/wp-json\/wp\/v2\/media?parent=1793"}],"wp:term":[{"taxonomy":"category","embeddable":true,"href":"https:\/\/blogs.lasprovincias.es\/carlospajuelo\/wp-json\/wp\/v2\/categories?post=1793"},{"taxonomy":"post_tag","embeddable":true,"href":"https:\/\/blogs.lasprovincias.es\/carlospajuelo\/wp-json\/wp\/v2\/tags?post=1793"}],"curies":[{"name":"wp","href":"https:\/\/api.w.org\/{rel}","templated":true}]}}