{"id":1797,"date":"2013-01-15T09:01:18","date_gmt":"2013-01-15T09:01:18","guid":{"rendered":"http:\/\/blogs.lasprovincias.es\/carlospajuelo\/?p=1797"},"modified":"2013-01-15T09:01:18","modified_gmt":"2013-01-15T09:01:18","slug":"la-tormenta-sera-biblica","status":"publish","type":"post","link":"https:\/\/blogs.lasprovincias.es\/carlospajuelo\/2013\/01\/15\/la-tormenta-sera-biblica\/","title":{"rendered":"La tormenta ser\u00e1 b\u00edblica"},"content":{"rendered":"<p>La tormenta ser\u00e1 b\u00edblica<\/p>\n<p>Ha pasado desapercibido por el momento, pero el Sol est\u00e1 agit\u00e1ndose. Cuando el Sol se agita se producen tormentas de diferente escala que afectan a la Tierra y la que se est\u00e1 gestando es un \u201ctorment\u00f3n\u201d y \u00a0en consecuencia aqu\u00ed se va a montar un tinglado que algunos llaman el Argamed\u00f3n apocal\u00edptico.<\/p>\n<p>De momento aqu\u00ed seguimos con el tema de las rebajas y de las corruptelas. \u201cFollar, follar que el mon s\u00b4acaba\u201d dec\u00eda un amigo m\u00edo y otros tambi\u00e9n. Ni caso y mientras en USA se preparan.<\/p>\n<p><em>Estados Unidos ha levantado todas las alarmas. El ciclo solar ha cambiado y, con \u00e9l, la inusual tranquilidad. El Sol entra en uno nuevo del que se espera una gran intensidad, lo que se traduce en mayor actividad magn\u00e9tica, m\u00e1s manchas y erupciones solares. Unos fen\u00f3menos que, aunque no lo parezca, pueden afectar enormente a nuestra actual sociedad plagada de sistemas de navegaci\u00f3n y comunicaciones que podr\u00edan quedar en suspenso.<\/em><\/p>\n<p>USA se ve que se preparan para todo. \u00bfY aqu\u00ed?<\/p>\n<p>Veamos las noticias que visualizo para ustedes.<\/p>\n<p>Oriol Pujol, Mouri\u00f1o, Piqu\u00e9 Shakira y el libro de su padre, bronca entre Rivera y su mujer a cuenta de la ni\u00f1a. Eres varios, Francia y Mali, Aguirre que se \u201ccolocado\u201d en una empresa catalana de \u201ccazatalentos\u201d, Acebes que levanta 1000 euros al d\u00eda porque Rato lo hab\u00eda colocado all\u00ed, El asunto Undargar\u00edan que no cesa .<\/p>\n<p>Yo comprendo que Oriol Pujol est\u00e1 m\u00e1s cerca que el Sol y que Mouri\u00f1o est\u00e1 perdiendo cierta credibilidad, que da \u201cgrima\u201d que Acebes levante una fortuna y que Aguirre se \u201creclamada\u201d por una firma cazatalentos.<\/p>\n<p>Yo sin embargo miro hacia La Moncloa que es mi Sol. Mi br\u00fajula. Me pregunto qu\u00e9 hace el Sr. Presidente. De momento se trae a vivir con \u00e9l a su padre.<\/p>\n<p>Al margen de la consideraci\u00f3n de prudente y \u201crecortador\u201d parece que el Sr, Rajoy es un buen hijo y eso me gusta a mi. El exjuez que es el padre del Sr,.Rajoy es un hombre, dicen, recto ,poco dado a la figuraci\u00f3n y fuente de consejos.<\/p>\n<p>A m\u00ed me genera \u201cun buen rollo\u201d que un hijo se haga cargo del padre sobre todo si este se\u00f1or tiene 93 a\u00f1os.<\/p>\n<p>Otros me dir\u00e1n que eso no tiene importancia y que Zapatero se llev\u00f3 a vivir con \u00e9l a la Moncloa a su suegra y eso, d\u00edgase, tambi\u00e9n tiene m\u00e9rito. Supongo que La Moncloa es grande y ah\u00ed caben todos.<\/p>\n<p>Son medidas, las de llevarse a su padre uno, a tener en cuenta. \u00bfEs el primer paso frente a la tormenta solar? \u00bfEl subterr\u00e1neo que hizo excavar Guerra estar\u00e1 habilitado para guarecerse all\u00ed en el caso de\u2026?<\/p>\n<p>La vida que nos rodea est\u00e1 dominada por la inc\u00f3gnita. De momento yo \u00a0me voy a comprar crema solar m\u00e1xima protecci\u00f3n y un chaleco antirayos \u00bfHabr\u00e1 de eso?. Ahora me voy Carrefour a ver si encuentro algo. Buenos d\u00edas<\/p>\n","protected":false},"excerpt":{"rendered":"<p>La tormenta ser\u00e1 b\u00edblica Ha pasado desapercibido por el momento, pero el Sol est\u00e1 agit\u00e1ndose. Cuando el Sol se agita se producen tormentas de diferente escala que afectan a la Tierra y la que se est\u00e1 gestando es un \u201ctorment\u00f3n\u201d y \u00a0en consecuencia aqu\u00ed se va a montar un tinglado que algunos llaman el Argamed\u00f3n [&hellip;]<\/p>\n","protected":false},"author":7,"featured_media":0,"comment_status":"open","ping_status":"closed","sticky":false,"template":"","format":"standard","meta":[],"categories":[5],"tags":[],"_links":{"self":[{"href":"https:\/\/blogs.lasprovincias.es\/carlospajuelo\/wp-json\/wp\/v2\/posts\/1797"}],"collection":[{"href":"https:\/\/blogs.lasprovincias.es\/carlospajuelo\/wp-json\/wp\/v2\/posts"}],"about":[{"href":"https:\/\/blogs.lasprovincias.es\/carlospajuelo\/wp-json\/wp\/v2\/types\/post"}],"author":[{"embeddable":true,"href":"https:\/\/blogs.lasprovincias.es\/carlospajuelo\/wp-json\/wp\/v2\/users\/7"}],"replies":[{"embeddable":true,"href":"https:\/\/blogs.lasprovincias.es\/carlospajuelo\/wp-json\/wp\/v2\/comments?post=1797"}],"version-history":[{"count":0,"href":"https:\/\/blogs.lasprovincias.es\/carlospajuelo\/wp-json\/wp\/v2\/posts\/1797\/revisions"}],"wp:attachment":[{"href":"https:\/\/blogs.lasprovincias.es\/carlospajuelo\/wp-json\/wp\/v2\/media?parent=1797"}],"wp:term":[{"taxonomy":"category","embeddable":true,"href":"https:\/\/blogs.lasprovincias.es\/carlospajuelo\/wp-json\/wp\/v2\/categories?post=1797"},{"taxonomy":"post_tag","embeddable":true,"href":"https:\/\/blogs.lasprovincias.es\/carlospajuelo\/wp-json\/wp\/v2\/tags?post=1797"}],"curies":[{"name":"wp","href":"https:\/\/api.w.org\/{rel}","templated":true}]}}