{"id":1798,"date":"2013-01-16T07:54:26","date_gmt":"2013-01-16T07:54:26","guid":{"rendered":"http:\/\/blogs.lasprovincias.es\/carlospajuelo\/?p=1798"},"modified":"2013-01-16T07:54:26","modified_gmt":"2013-01-16T07:54:26","slug":"un-gps-rebelde-y-escapista","status":"publish","type":"post","link":"https:\/\/blogs.lasprovincias.es\/carlospajuelo\/2013\/01\/16\/un-gps-rebelde-y-escapista\/","title":{"rendered":"Un GPS rebelde y escapista"},"content":{"rendered":"<p>&nbsp;<\/p>\n<p><strong>Un GPS rebelde y escapista<\/strong><\/p>\n<p><em>Sabine Moreau, una mujer belga de 67 a\u00f1os, ten\u00eda que conducir apenas 150 kil\u00f3metros para llegar desde su domicilio, en el pueblo de Hainault Erquelinnes, hasta la estaci\u00f3n del Norte, en Bruselas, donde llegaba un amigo al que deb\u00eda recoger. Sin embargo, un fallo en el GPS y la sorprendente falta de atenci\u00f3n de la conductora termin\u00f3 convirtiendo el recorrido en un viaje a trav\u00e9s de la Europa continental que concluy\u00f3 en Zagreb (Croacia) casi dos d\u00edas y 1.450 kil\u00f3metros despu\u00e9s(fuente: el mundo)<\/em><\/p>\n<p><strong>La noticia \u201cpegada arriba\u201d es un poco larga y lo siento. Uno que me lee dir\u00eda: \u201cOiga porque no copia m\u00e1s y as\u00ed se ahorra usted el escribir su columna diaria en el digital\u201d, Is possible. <\/strong><\/p>\n<p><strong>Sin embargo servidor gusta de esto de escribir y lo hace todos los d\u00edas como disciplina anti anquilosamiento neuronal. Dicho lo cual paso al desarrollo mismo de la noticia. <\/strong><\/p>\n<p><strong>Esta columna debe ser ligera e incluso festiva. Ya est\u00e1 bien de la modorra de la crisis, de la prevaricaci\u00f3n etc.<\/strong><\/p>\n<p><strong>No es cierto el chiste que en los a\u00f1os 65 corr\u00eda por Francia (hay una cierta rivalidad franco belga y algunos dicen que la misma que hab\u00eda cuando \u00e9ramos m\u00e1s j\u00f3venes entre Catalonia y Valencia en la \u00a0rivalidad valenciano catalana. M\u00e1s y Homs estar\u00edan con pantal\u00f3n corto en la escuela). <\/strong><\/p>\n<p><strong>Se dec\u00eda en el chiste que la compa\u00f1\u00eda a\u00e9rea nacional a la saz\u00f3n en B\u00e9lgica, tuvo que suspender en sus vuelos internacionales las pel\u00edculas porque en el descanso los pasajeros sal\u00edan a fumar,<\/strong><\/p>\n<p><strong>Son peque\u00f1as batallas nacionalistas y de hecho en la misma B\u00e9lgica, el Norte y el Sur, los franc\u00f3fonos y los flamencos, no terminan de verse bien los unos a los otros de tal suerte que en Amberes puedes intentar hablar en franc\u00e9s y prefieren hacerlo en ingl\u00e9s. Cosas<\/strong><\/p>\n<p><strong>A mi me han llegado a decir de los flamencos, en esa estaci\u00f3n del Norte de Bruselas, \u201cSon otra gente\u201d.<\/strong><\/p>\n<p><strong>\u00bfHabla usted o no de la noticia? \u00a1Ah, s\u00ed! Perdone me disperso y soy un poco evanescente, arb\u00f3reo incluso al irme por las ramas. Pero hay tantas ramas en un \u00e1rbol<\/strong><\/p>\n<p><strong>Qu\u00e9 digo yo, si ese GPS ser\u00eda nacionalista y la mujer quer\u00eda escapar, inconscientemente, de su entorno. Escapar, esa es la cuesti\u00f3n.<\/strong><\/p>\n<p><strong>\u00bfPor qu\u00e9 quiere uno escapar? \u00bfHuye de su marido y pone pies en polvorosa con la excusa, por ejemplo, de \u201cVoy a recoger a Hans que llega a Bruselas Nord esta ma\u00f1ana? \u00bfEra reo culpable de haber machacado a su esposo o a su t\u00eda-si fuera soltera- con infames comidas recalentadas al ba\u00f1o mar\u00eda? \u00bfDesear\u00eda con la excusa del error del GPS largarse de casa perdiendo de vista a su hijo que, recalcitrante, lleva 50 a\u00f1os en su casa y no se despega ni con disolvente? \u00bfQuerr\u00eda correr su \u00faltima juerga en plan \u201cEl \u00faltimo tango en Par\u00eds?<\/strong><\/p>\n<p><strong>Est\u00e1 claro que yo podr\u00eda seguir haciendo preguntas \u201cad infinitum\u201d pero para qu\u00e9. Sobre todo a\u00a0 m\u00ed que me importa.<\/strong><\/p>\n<p><strong>Lo que yo quiero es saber lo del GPS, mayormente porque tengo uno ah\u00ed, hace 4 a\u00f1os, en el comedor de mi santa casa y me da miedo usarlo por si se equivoca y he tratado de d\u00e1rselo a un hijo m\u00edo y el t\u00edo se niega y no me da razones. Se ve que tampoco se f\u00eda.<\/strong><\/p>\n<p><strong>La confianza hoy es escasa. Iba a ir al Banco y como no tengo GPS bueno no s\u00e9 a qu\u00e9 Banco ir. Cuesti\u00f3n de confianza. Llamar\u00e9 a Undargar\u00edn. Buenos d\u00edas<\/strong><\/p>\n","protected":false},"excerpt":{"rendered":"<p>&nbsp; Un GPS rebelde y escapista Sabine Moreau, una mujer belga de 67 a\u00f1os, ten\u00eda que conducir apenas 150 kil\u00f3metros para llegar desde su domicilio, en el pueblo de Hainault Erquelinnes, hasta la estaci\u00f3n del Norte, en Bruselas, donde llegaba un amigo al que deb\u00eda recoger. Sin embargo, un fallo en el GPS y la [&hellip;]<\/p>\n","protected":false},"author":7,"featured_media":0,"comment_status":"open","ping_status":"closed","sticky":false,"template":"","format":"standard","meta":[],"categories":[5],"tags":[],"_links":{"self":[{"href":"https:\/\/blogs.lasprovincias.es\/carlospajuelo\/wp-json\/wp\/v2\/posts\/1798"}],"collection":[{"href":"https:\/\/blogs.lasprovincias.es\/carlospajuelo\/wp-json\/wp\/v2\/posts"}],"about":[{"href":"https:\/\/blogs.lasprovincias.es\/carlospajuelo\/wp-json\/wp\/v2\/types\/post"}],"author":[{"embeddable":true,"href":"https:\/\/blogs.lasprovincias.es\/carlospajuelo\/wp-json\/wp\/v2\/users\/7"}],"replies":[{"embeddable":true,"href":"https:\/\/blogs.lasprovincias.es\/carlospajuelo\/wp-json\/wp\/v2\/comments?post=1798"}],"version-history":[{"count":0,"href":"https:\/\/blogs.lasprovincias.es\/carlospajuelo\/wp-json\/wp\/v2\/posts\/1798\/revisions"}],"wp:attachment":[{"href":"https:\/\/blogs.lasprovincias.es\/carlospajuelo\/wp-json\/wp\/v2\/media?parent=1798"}],"wp:term":[{"taxonomy":"category","embeddable":true,"href":"https:\/\/blogs.lasprovincias.es\/carlospajuelo\/wp-json\/wp\/v2\/categories?post=1798"},{"taxonomy":"post_tag","embeddable":true,"href":"https:\/\/blogs.lasprovincias.es\/carlospajuelo\/wp-json\/wp\/v2\/tags?post=1798"}],"curies":[{"name":"wp","href":"https:\/\/api.w.org\/{rel}","templated":true}]}}