{"id":1800,"date":"2013-01-18T09:04:09","date_gmt":"2013-01-18T09:04:09","guid":{"rendered":"http:\/\/blogs.lasprovincias.es\/carlospajuelo\/?p=1800"},"modified":"2013-01-18T09:04:09","modified_gmt":"2013-01-18T09:04:09","slug":"he-decidido-indultarme","status":"publish","type":"post","link":"https:\/\/blogs.lasprovincias.es\/carlospajuelo\/2013\/01\/18\/he-decidido-indultarme\/","title":{"rendered":"He decidido indultarme"},"content":{"rendered":"<ul>\n<li style=\"text-align: left;\"><strong>He decidido indultarme<\/strong><\/li>\n<li>\u00a0Estoy seguro que he cometido m\u00faltiples faltas para con los dem\u00e1s y para m\u00ed mismo y que seg\u00fan algunos, esas faltas pueden\u00a0 considerarse delitos.<\/li>\n<li>Para estos casos personales los\u00a0cat\u00f3licos tienen a mano el confesionario<\/li>\n<li>Se sabe que la regla que mide cambia seg\u00fan quien mida y que regla se use y por eso, a lo mejor, la Regla\u00a0que nos damos p\u00fablicamente es la Ley que\u00a0 \u00a0\u00a0\u00a0\u00a0 es aconfesional\u2026creo.<\/li>\n<li>Luego vienen los vericuetos que\u00a0la propia Ley contempla, Uno de ellos, por ejemplo, es el \u00a0recurso y otro, a lo mejor tambi\u00e9n, es el\u00a0 indulto.<\/li>\n<li>Un vericueto que se lo reserva el Poder.<\/li>\n<li>El indulto afecta a una persona concreta, la amnist\u00eda afecta a una pluralidad.<\/li>\n<li><\/li>\n<li>El indulto supone el perd\u00f3n de\u00a0\u00a0la pena, mientras que la amnist\u00eda supone el perd\u00f3n del delito.<\/li>\n<li>El muerto por el kamikaze ya no\u00a0tiene soluci\u00f3n y la sensaci\u00f3n de injustica sembrada en la familia por el\u00a0 indulto florece en indignaci\u00f3n, sorpresa y protesta. In\u00fatil la protesta.<\/li>\n<li>En una especie de examen personal,\u00a0como ya he citado. He decidido perdonarme y adem\u00e1s y por si acaso amnistiarme.<\/li>\n<li>No hay posibilidad de vuelta atr\u00e1s, de poner en marcha recurso alguno.<\/li>\n<li>Leamos lo que dice el abogado de la v\u00edctima del llamado kamikaze cuando le preguntan acerca del hecho de\u00a0si ha habido influencia para obtener el indulto el que un hijo del actual\u00a0\u00a0ministro de Justicia trabaje en el mismo bufete que ha llevado la defensa\u00a0del kamikaze.<\/li>\n<\/ul>\n<ul>\n<li><\/li>\n<li><strong><em>Preguntado sobre si esa situaci\u00f3n puede haber influido en el indulto, el abogado no ha querido relacionarlo, aunque ha calificado de <strong>&#8220;bastante sorprendente&#8221; que se haya actuado &#8220;de manera tan r\u00e1pida&#8221;<\/strong> con una pena de trece a\u00f1os y con los informes en contra de la Audiencia provincial, la Fiscal\u00eda y las v\u00edctimas.<\/em><\/strong><\/li>\n<li><strong><em>&#8220;El indulto sorprende, pero tambi\u00e9n la regulaci\u00f3n&#8221;<\/em><\/strong><strong><em> de esa figura contemplada en una ley muy antigua, &#8220;una potestad de los reyes absolutistas&#8221; que el Gobierno da &#8220;como una gracia y a quien quiere, sin motivarla&#8221; y contra la que no cabe recurso &#8220;lamentablemente&#8221;, ha indicado a EFE el abogado.(fuente: el mundo)<\/em><\/strong><\/li>\n<\/ul>\n<ul>\n<li>El indulto no extingue la <a title=\"Responsabilidad civil\" href=\"http:\/\/es.wikipedia.org\/wiki\/Responsabilidad_civil\" rel=\"external nofollow\">responsabilidad civil<\/a> derivada del delito, la\u00a0amnist\u00eda si lo hace.<\/li>\n<li>El acto administrativo de\u00a0indultar se ha consumado. Al kamikaze a lo mejor no le importan los\u00a0matices. Quiere y ha obtenido la calle. Es el \u201ca mi plim yo duermo en\u00a0Pikolin\u201d en versi\u00f3n antigua o es el \u201ca mi me la suda\u201d de hoy.<\/li>\n<li>Creo que ahora estaremos ante\u00a0una posible cascada de peticiones.<\/li>\n<li>Me viene a la memoria la noticia de esa joven que compr\u00f3 con una tarjeta que no era suya del orden\u00a0de 200 euros y para la que piden, tras cinco a\u00f1os aproximadamente en dar respuesta la Justicia, una pena de c\u00e1rcel<\/li>\n<li>Los estrictos seguidores de la Ley dir\u00e1n eso. \u201cEs la Ley\u201d<\/li>\n<li>Adem\u00e1s de indultarme yo mismo pido para esa joven el indulto.<\/li>\n<li>Me voy a reisentarme porque ha bajado\u00a0el fr\u00edo aqu\u00ed en Valencia y hace menos aire. No sin antes hacer menci\u00f3n a \u00a0\u00a0\u00a0\u00a0 los \u201cyayo flautas\u201d que ayer se manifestaron a, las puertas de la Ciudad de la Justicia diciendo que no est\u00e1n anestesiados. Buenos d\u00edas.<\/li>\n<\/ul>\n","protected":false},"excerpt":{"rendered":"<p>He decidido indultarme \u00a0Estoy seguro que he cometido m\u00faltiples faltas para con los dem\u00e1s y para m\u00ed mismo y que seg\u00fan algunos, esas faltas pueden\u00a0 considerarse delitos. Para estos casos personales los\u00a0cat\u00f3licos tienen a mano el confesionario Se sabe que la regla que mide cambia seg\u00fan quien mida y que regla se use y por [&hellip;]<\/p>\n","protected":false},"author":7,"featured_media":0,"comment_status":"open","ping_status":"closed","sticky":false,"template":"","format":"standard","meta":[],"categories":[5],"tags":[],"_links":{"self":[{"href":"https:\/\/blogs.lasprovincias.es\/carlospajuelo\/wp-json\/wp\/v2\/posts\/1800"}],"collection":[{"href":"https:\/\/blogs.lasprovincias.es\/carlospajuelo\/wp-json\/wp\/v2\/posts"}],"about":[{"href":"https:\/\/blogs.lasprovincias.es\/carlospajuelo\/wp-json\/wp\/v2\/types\/post"}],"author":[{"embeddable":true,"href":"https:\/\/blogs.lasprovincias.es\/carlospajuelo\/wp-json\/wp\/v2\/users\/7"}],"replies":[{"embeddable":true,"href":"https:\/\/blogs.lasprovincias.es\/carlospajuelo\/wp-json\/wp\/v2\/comments?post=1800"}],"version-history":[{"count":0,"href":"https:\/\/blogs.lasprovincias.es\/carlospajuelo\/wp-json\/wp\/v2\/posts\/1800\/revisions"}],"wp:attachment":[{"href":"https:\/\/blogs.lasprovincias.es\/carlospajuelo\/wp-json\/wp\/v2\/media?parent=1800"}],"wp:term":[{"taxonomy":"category","embeddable":true,"href":"https:\/\/blogs.lasprovincias.es\/carlospajuelo\/wp-json\/wp\/v2\/categories?post=1800"},{"taxonomy":"post_tag","embeddable":true,"href":"https:\/\/blogs.lasprovincias.es\/carlospajuelo\/wp-json\/wp\/v2\/tags?post=1800"}],"curies":[{"name":"wp","href":"https:\/\/api.w.org\/{rel}","templated":true}]}}