{"id":1801,"date":"2013-01-19T09:08:23","date_gmt":"2013-01-19T09:08:23","guid":{"rendered":"http:\/\/blogs.lasprovincias.es\/carlospajuelo\/?p=1801"},"modified":"2013-01-19T09:08:23","modified_gmt":"2013-01-19T09:08:23","slug":"mamonitis","status":"publish","type":"post","link":"https:\/\/blogs.lasprovincias.es\/carlospajuelo\/2013\/01\/19\/mamonitis\/","title":{"rendered":"Mamonitis"},"content":{"rendered":"<p>Mamonitis<\/p>\n<p>Se sabe que el sufijo \u201citis\u201d significa inflamaci\u00f3n de una parte. De ah\u00ed \u201camigdalitis\u201d o \u201cartritis\u201d etc. Es un t\u00e9rmino b\u00e1sicamente m\u00e9dico pero no exclusivamente.<\/p>\n<p>Hay tratamientos para curar, casi siempre, las itis.<\/p>\n<p>Para el que \u201cmamonea\u201d la itis que sufre se cura cortando de ra\u00edz la daci\u00f3n de sobres. Incluso devolvi\u00e9ndolos. El problema es a quien se le devuelve. Muchas de esas cantidades llegan de empresarios de todo tipo que buscan el favor del partido y son an\u00f3nimas en general\u2026salvo para el tesorero por lo que dicen \u201cque lo tiene todo apuntado en papeles\u201d que guarda y supongo que a buen recaudo.<\/p>\n<p>2o a\u00f1os no son nada dice el tango\u2026pero siendo tesorero de una organizaci\u00f3n pol\u00edtica son muchos para que ahora la gente diga que no recuerda y que incluso nieguen el haberse conocido.<\/p>\n<p>Quienes tenemos una cierta itis somos los ciudadanos. Podr\u00edamos llegar a tener \u201corquitis\u201d dado el constante goteo, diario, de casos de corrupci\u00f3n y eso sin comerlo ni beberlo\u2026ni mamarlo.<\/p>\n<p>El concepto \u00a0lo aplico a la vista del caso B\u00e1rcenas y su revuelo medi\u00e1tico y pol\u00edtico. Reproduzco del diario El Mundo unos comentarios hechos por el que fue secretario general \u00a0Westringe. Supongo que ahora sus declaraciones le a\u00f1adir\u00e1n un poco m\u00e1s de ira a quienes no pueden con \u00e9l ahora y antes. Es un caso curioso de travestismo( antes se llamaba cambiar de chaqueta) pol\u00edtico el de este se\u00f1or.<\/p>\n<p><strong><em>Por eso&#8221;, contin\u00faa, &#8220;cuando Cospedal le dice, ech\u00e1ndole valor al tema, que esto se tiene que acabar, est\u00e1 la famosa contestaci\u00f3n: &#8216;Aqu\u00ed hay muchos mamones y pocos cojones&#8217;. Realmente era \u00e9l el due\u00f1o del partido&#8221;.<\/em><\/strong><\/p>\n<p><strong><em>Adem\u00e1s, al hilo del &#8216;caso Pallerols&#8217;, ha afirmado: &#8220;<\/em><\/strong><strong><em>Cuando era secretario general del PP ten\u00edamos un equipo dedicado a falsificar facturas<\/em><\/strong><strong><em>&#8220;.<\/em><\/strong><\/p>\n<p><strong>Al nutritivo acto de mamar, ejercido con autoridad y necesidad de los beb\u00e9s, se unen, en edad mucho m\u00e1s adulta, sujetos que hacen de esa pr\u00e1ctica un \u201cmodus vivendi\u201d. Cuando se da noticia del hecho entran en indignaci\u00f3n y se rasgan las vestiduras.<\/strong><\/p>\n<p><strong>Los tribunales est\u00e1n ah\u00ed. Son un poco lentos. Parece ser que el indulto al \u201ckamikaze\u201d llega porque el juicio se ha demorado, dicen, del orden de ocho a\u00f1os. Mucho tiempo sin duda.<\/strong><\/p>\n<p><strong>A lo mejor lo de las tasas judiciales ayuda a evitar la ola de querellas. Es una posibilidad sobre la que especulo<\/strong><\/p>\n<p><strong>Felipe Gonz\u00e1lez, otrora presidente del Gobierno, muy prudente, aconseja tener paciencia y esperar, Est\u00e1 bien eso de esperar porque esperando surgen nuevas noticias, esc\u00e1ndalos en algunos casos que a lo mejor ayudan a secar el contenido de la que hoy me ocupa.<\/strong><\/p>\n<p><strong>Dejo escrito esto para reflexi\u00f3n general y para a\u00f1adir le\u00f1a al fuego de muchas tertulias. La ciclo g\u00e9nesis de la que nos hablan los meteor\u00f3logos para este fin de semana con esos vientos y fr\u00edo da para quedarse en casa, Yo lo har\u00eda pero me tengo que ir porque se me ha acabado la leche y voy a por un pack de \u201centera\u201d. Seguir\u00e9 informando. Buenos d\u00edas.<\/strong><\/p>\n","protected":false},"excerpt":{"rendered":"<p>Mamonitis Se sabe que el sufijo \u201citis\u201d significa inflamaci\u00f3n de una parte. De ah\u00ed \u201camigdalitis\u201d o \u201cartritis\u201d etc. Es un t\u00e9rmino b\u00e1sicamente m\u00e9dico pero no exclusivamente. Hay tratamientos para curar, casi siempre, las itis. Para el que \u201cmamonea\u201d la itis que sufre se cura cortando de ra\u00edz la daci\u00f3n de sobres. Incluso devolvi\u00e9ndolos. El problema [&hellip;]<\/p>\n","protected":false},"author":7,"featured_media":0,"comment_status":"open","ping_status":"closed","sticky":false,"template":"","format":"standard","meta":[],"categories":[5],"tags":[],"_links":{"self":[{"href":"https:\/\/blogs.lasprovincias.es\/carlospajuelo\/wp-json\/wp\/v2\/posts\/1801"}],"collection":[{"href":"https:\/\/blogs.lasprovincias.es\/carlospajuelo\/wp-json\/wp\/v2\/posts"}],"about":[{"href":"https:\/\/blogs.lasprovincias.es\/carlospajuelo\/wp-json\/wp\/v2\/types\/post"}],"author":[{"embeddable":true,"href":"https:\/\/blogs.lasprovincias.es\/carlospajuelo\/wp-json\/wp\/v2\/users\/7"}],"replies":[{"embeddable":true,"href":"https:\/\/blogs.lasprovincias.es\/carlospajuelo\/wp-json\/wp\/v2\/comments?post=1801"}],"version-history":[{"count":0,"href":"https:\/\/blogs.lasprovincias.es\/carlospajuelo\/wp-json\/wp\/v2\/posts\/1801\/revisions"}],"wp:attachment":[{"href":"https:\/\/blogs.lasprovincias.es\/carlospajuelo\/wp-json\/wp\/v2\/media?parent=1801"}],"wp:term":[{"taxonomy":"category","embeddable":true,"href":"https:\/\/blogs.lasprovincias.es\/carlospajuelo\/wp-json\/wp\/v2\/categories?post=1801"},{"taxonomy":"post_tag","embeddable":true,"href":"https:\/\/blogs.lasprovincias.es\/carlospajuelo\/wp-json\/wp\/v2\/tags?post=1801"}],"curies":[{"name":"wp","href":"https:\/\/api.w.org\/{rel}","templated":true}]}}