{"id":1803,"date":"2013-01-21T08:46:01","date_gmt":"2013-01-21T08:46:01","guid":{"rendered":"http:\/\/blogs.lasprovincias.es\/carlospajuelo\/?p=1803"},"modified":"2013-01-21T08:46:01","modified_gmt":"2013-01-21T08:46:01","slug":"el-descanso","status":"publish","type":"post","link":"https:\/\/blogs.lasprovincias.es\/carlospajuelo\/2013\/01\/21\/el-descanso\/","title":{"rendered":"El descanso"},"content":{"rendered":"<p><strong>El descanso<\/strong><\/p>\n<p>Hablar de descanso cuando hay tanta crisis en el mercado de trabajo puede sonar a desprop\u00f3sito o a una falta de conocimiento de lo que pasa o es m\u00e1s, hasta una burla para algunos.<\/p>\n<p>Pero descansar hay que descansar. Lo dec\u00edan el otro d\u00eda unas empleadas de un Centro Comercial valenciano \u00a0cuando gritaban \u201cNo somos m\u00e1quinas\u201d refiri\u00e9ndose al nuevo horario permitido a ciertas \u00e1reas para la apertura de su tiendas los domingos y fiestas de guardar ( ahora ser\u00e1n menos de guardar, digo yo)<\/p>\n<p>No todos los descansos son a la medida y en personas como las que refleja la noticia que \u201cpego\u201d.<\/p>\n<p>&nbsp;<\/p>\n<p><strong><em>Esta semana, hemos sabido que <a href=\"http:\/\/www.elmundo.es\/elmundo\/2013\/01\/18\/cultura\/1358499481.html\" rel=\"external nofollow\">Leonardo Di Caprio<\/a> y <a href=\"http:\/\/www.elmundo.es\/elmundo\/2013\/01\/18\/gentes\/1358525409.html\" rel=\"external nofollow\">Kylie Minogue<\/a> han decidido tomarse un respiro y aparcar sus carreras por un tiempo. La lista de actores, m\u00fasicos, deportistas y personajes p\u00fablicos de diversa \u00edndole que en alg\u00fan momento han optado por hacer un par\u00f3n en sus trayectorias para recargar las pilas.<\/em><\/strong><\/p>\n<p>\u00bfQui\u00e9n de nosotros no se tomar\u00eda un a\u00f1o sab\u00e1tico con la condici\u00f3n de que te guarden el puesto, el salario etc.?<\/p>\n<p>\u00bfQu\u00e9 es un a\u00f1o sab\u00e1tico?<\/p>\n<p><strong>Un a\u00f1o sab\u00e1tico es el per\u00edodo de tiempo en el que una persona decide dedicarlo completamente a intereses personales, dejando a un lado sus responsabilidades laborales y\/o acad\u00e9micas.<\/strong><\/p>\n<p><strong>La palabra <a title=\"Hebrea\" href=\"http:\/\/es.wikipedia.org\/wiki\/Hebrea\" rel=\"external nofollow\">hebrea<\/a> <em>\u0161habbat<\/em> (\u05e9\u05b7\u05c1\u05d1\u05b8\u05bc\u05ea) significa &#8220;el [d\u00eda] de descanso&#8221; y se refiere al cese o descanso de trabajo.Su origen se remonta a siglos atr\u00e1s, cuando los <a title=\"Hebreos\" href=\"http:\/\/es.wikipedia.org\/wiki\/Hebreos\" rel=\"external nofollow\">hebreos<\/a> se tomaban el s\u00e9ptimo a\u00f1o de la cosecha para el descanso. <\/strong><\/p>\n<p>Resulta dif\u00edcil ahora plantearnos este descanso y cuando digo ahora quiz\u00e1s deber\u00eda decir en nuestra cultura. El no estar operativos genera un sentido de culpa en muchos casos.<\/p>\n<p>\u00bfQu\u00e9 hacer?<\/p>\n<p>Quiz\u00e1s lo que convendr\u00eda ser\u00eda establecer mecanismos diarios de recuperaci\u00f3n. No es para nada malo incorporar a nuestra \u201cdieta diaria\u201d de acciones destinadas al placer, a buscar la satisfacci\u00f3n; eso que \u00a0muchos llaman \u201ceso me llena o eso me realiza\u201d.<\/p>\n<p>Leer, escuchar m\u00fasica, realizar trabajos manuales, pasear, son actividades que sirven para recargar las pilas, para sentirse mejor. No necesita usted un \u201ccoach\u201d (esos entrenadores que se han puesto de moda entre algunas personas que se lo pueden permitir y que, quiz\u00e1s, no dispongan de iniciativa y les falte, en todo caso, una cierta disciplina)<\/p>\n<p>&nbsp;<\/p>\n<p><strong>Actualmente, en ciertas instituciones acad\u00e9micas, el a\u00f1o sab\u00e1tico es el per\u00edodo de tiempo que los profesores dedican al estudio, a la investigaci\u00f3n o la realizaci\u00f3n de actividades que conlleven la superaci\u00f3n acad\u00e9mica. Usualmente se recibe sueldo durante el mismo y tambi\u00e9n es cierto que existen legislaciones que proh\u00edben o no contemplan esta pr\u00e1ctica.<\/strong><\/p>\n<p>No es frecuente que la Instituci\u00f3n est\u00e9 por la labor e incluso el profesor, teniendo derecho a ello, no se atreva a plantearlo. El miedo se ha instalado en esta sociedad.<\/p>\n<p>En mi caso, s\u00ed puede servir de ejemplo, el escribir es una actividad que me recarga las pilas. Pruebe usted. In\u00edciese con un diario por ejemplo y a\u00f1\u00e1dale comentarios. Ahora yo mismo estoy corrigiendo el borrador de mi \u00faltima novela (por editar) \u201cEl crimen de la Calle Salvador\u201d. Da mucho juego y te obliga a investigar, a hacer trabajo de campo etc.<\/p>\n<p>Perdonen me tengo que ir. Tengo pendiente la visita a un forense. Buenos d\u00edas.<\/p>\n","protected":false},"excerpt":{"rendered":"<p>El descanso Hablar de descanso cuando hay tanta crisis en el mercado de trabajo puede sonar a desprop\u00f3sito o a una falta de conocimiento de lo que pasa o es m\u00e1s, hasta una burla para algunos. Pero descansar hay que descansar. Lo dec\u00edan el otro d\u00eda unas empleadas de un Centro Comercial valenciano \u00a0cuando gritaban [&hellip;]<\/p>\n","protected":false},"author":7,"featured_media":0,"comment_status":"open","ping_status":"closed","sticky":false,"template":"","format":"standard","meta":[],"categories":[5],"tags":[],"_links":{"self":[{"href":"https:\/\/blogs.lasprovincias.es\/carlospajuelo\/wp-json\/wp\/v2\/posts\/1803"}],"collection":[{"href":"https:\/\/blogs.lasprovincias.es\/carlospajuelo\/wp-json\/wp\/v2\/posts"}],"about":[{"href":"https:\/\/blogs.lasprovincias.es\/carlospajuelo\/wp-json\/wp\/v2\/types\/post"}],"author":[{"embeddable":true,"href":"https:\/\/blogs.lasprovincias.es\/carlospajuelo\/wp-json\/wp\/v2\/users\/7"}],"replies":[{"embeddable":true,"href":"https:\/\/blogs.lasprovincias.es\/carlospajuelo\/wp-json\/wp\/v2\/comments?post=1803"}],"version-history":[{"count":0,"href":"https:\/\/blogs.lasprovincias.es\/carlospajuelo\/wp-json\/wp\/v2\/posts\/1803\/revisions"}],"wp:attachment":[{"href":"https:\/\/blogs.lasprovincias.es\/carlospajuelo\/wp-json\/wp\/v2\/media?parent=1803"}],"wp:term":[{"taxonomy":"category","embeddable":true,"href":"https:\/\/blogs.lasprovincias.es\/carlospajuelo\/wp-json\/wp\/v2\/categories?post=1803"},{"taxonomy":"post_tag","embeddable":true,"href":"https:\/\/blogs.lasprovincias.es\/carlospajuelo\/wp-json\/wp\/v2\/tags?post=1803"}],"curies":[{"name":"wp","href":"https:\/\/api.w.org\/{rel}","templated":true}]}}