{"id":1806,"date":"2013-01-23T07:47:59","date_gmt":"2013-01-23T07:47:59","guid":{"rendered":"http:\/\/blogs.lasprovincias.es\/carlospajuelo\/?p=1806"},"modified":"2013-01-23T07:47:59","modified_gmt":"2013-01-23T07:47:59","slug":"la-quita-en-las-preferentes","status":"publish","type":"post","link":"https:\/\/blogs.lasprovincias.es\/carlospajuelo\/2013\/01\/23\/la-quita-en-las-preferentes\/","title":{"rendered":"La quita en las preferentes"},"content":{"rendered":"<p><strong>La quita en las preferentes<\/strong><\/p>\n<p>Anoche en un programa de la SER o\u00ed a un ex director de una oficina catalana de Bankia el c\u00f3mo se refer\u00eda a una intervenci\u00f3n suya en una Junta de Accionistas pidiendo perd\u00f3n a sus clientes por haberles vendido un producto- las llamadas preferentes- de dudosa rentabilidad y de dif\u00edcil rescate, como se ha demostrado si uno hace caso a las noticias relacionadas con este asunto. Logr\u00f3 aplausos, abucheos y dem\u00e1s manifestaciones de los asistentes. Ahora ya no est\u00e1 en esa entidad.<\/p>\n<p>Se habla de 65000 afectados y esa cifra hay que multiplicarla por 3 o 4 , si estamos hablando de familias con esos miembros como m\u00ednimo.<\/p>\n<p>Hay entidades que han resuelto y otras que est\u00e1n a lo que se diga gubernamentalmente. Un rasero diferente para cada caso o para cada entidad. Se dice que Nova Caixa est\u00e1 resolviendo y de hecho en el mismo programa un afectado daba cuenta del como a sus padres se les ha devuelto el dinero \u00edntegramente.<\/p>\n<p>\u00bfEs la quita una soluci\u00f3n justa aunque venga de la mano de un decreto? \u00bfEst\u00e1 bien perder el 50 % de lo invertido? \u00bfEs adecuado que te digan que pierdes la mitad de lo que diste y que el 50 % restante te lo quieran dar en acciones del Banco que a lo peor ni est\u00e1 en Bolsa\u2019<\/p>\n<p>\u00bfPor qu\u00e9 no se aplica lo que se hizo con la intervenida Caja de Castilla La Mancha que devolvieron todo a quienes hab\u00edan sido \u201cseducidos\u201d por el asunto de las preferentes\u2019?<\/p>\n<p>\u00bfA qu\u00e9 presiones obedece este rasero diferente?<\/p>\n<p>Sin duda con este y otros asuntos, la seguridad jur\u00eddica queda en el aire y la desconfianza en las instituciones se debilita.<\/p>\n<p>Al parecer con esto de la crisis surgen, como siempre, sujetos que aprovechan la situaci\u00f3n y alegando supuestas p\u00e9rdidas, por ejemplo, tratan de bajar el salario pactado con sus empleados a \u00a0la mitad.<\/p>\n<p>La aureola de una Espa\u00f1a en la que todav\u00eda planea el estigma del bandolero, del aprovechado, del \u201ca m\u00ed que me registren\u201d va a ser dif\u00edcil de cambiar. Las medidas duras se hacen esperar. Las medidas ejemplares vendr\u00edan a ser una especie de \u201cquita\u201d para quienes han hecho de la pr\u00e1ctica del enga\u00f1o un mecanismo de engorde de las cuentas de resultados.<\/p>\n<p>Ya se sabe, pagando menos al personal, evadiendo al ogro de Hacienda, muchos creen que as\u00ed se gana m\u00e1s y pocos ven que ese camino es el camino de la desaparici\u00f3n sistem\u00e1tica.<\/p>\n<p>Las llamadas PYMES o sea los peque\u00f1os empresarios se debaten como pececillos a los que les falta aire y quedan en manos de tiburones cuyo \u00fanico objetivo es merendarse todo lo que huele a ganancia. Es el \u201cave que vuela a la cazuela\u201d.<\/p>\n<p>No a la quita y si \u201cal trullo\u201d (c\u00e1rcel) de los estafadores que sistem\u00e1ticamente reciben inyecciones de capital. La adicci\u00f3n a que me ayuden crea mono cuando se acaba la ayuda y entonces surgen inventos, A lo mejor eso de las preferentes no es o era m\u00e1s que un invento para calmar el mono.\u00a0 Vaya usted a decirle a una familia que sus ahorros yo no est\u00e1n. Hay que tener estomago \u00bfNo ?.Buenos d\u00edas.<\/p>\n","protected":false},"excerpt":{"rendered":"<p>La quita en las preferentes Anoche en un programa de la SER o\u00ed a un ex director de una oficina catalana de Bankia el c\u00f3mo se refer\u00eda a una intervenci\u00f3n suya en una Junta de Accionistas pidiendo perd\u00f3n a sus clientes por haberles vendido un producto- las llamadas preferentes- de dudosa rentabilidad y de dif\u00edcil [&hellip;]<\/p>\n","protected":false},"author":7,"featured_media":0,"comment_status":"open","ping_status":"closed","sticky":false,"template":"","format":"standard","meta":[],"categories":[5],"tags":[],"_links":{"self":[{"href":"https:\/\/blogs.lasprovincias.es\/carlospajuelo\/wp-json\/wp\/v2\/posts\/1806"}],"collection":[{"href":"https:\/\/blogs.lasprovincias.es\/carlospajuelo\/wp-json\/wp\/v2\/posts"}],"about":[{"href":"https:\/\/blogs.lasprovincias.es\/carlospajuelo\/wp-json\/wp\/v2\/types\/post"}],"author":[{"embeddable":true,"href":"https:\/\/blogs.lasprovincias.es\/carlospajuelo\/wp-json\/wp\/v2\/users\/7"}],"replies":[{"embeddable":true,"href":"https:\/\/blogs.lasprovincias.es\/carlospajuelo\/wp-json\/wp\/v2\/comments?post=1806"}],"version-history":[{"count":0,"href":"https:\/\/blogs.lasprovincias.es\/carlospajuelo\/wp-json\/wp\/v2\/posts\/1806\/revisions"}],"wp:attachment":[{"href":"https:\/\/blogs.lasprovincias.es\/carlospajuelo\/wp-json\/wp\/v2\/media?parent=1806"}],"wp:term":[{"taxonomy":"category","embeddable":true,"href":"https:\/\/blogs.lasprovincias.es\/carlospajuelo\/wp-json\/wp\/v2\/categories?post=1806"},{"taxonomy":"post_tag","embeddable":true,"href":"https:\/\/blogs.lasprovincias.es\/carlospajuelo\/wp-json\/wp\/v2\/tags?post=1806"}],"curies":[{"name":"wp","href":"https:\/\/api.w.org\/{rel}","templated":true}]}}