{"id":3120,"date":"2017-08-19T07:06:07","date_gmt":"2017-08-19T07:06:07","guid":{"rendered":"http:\/\/blogs.lasprovincias.es\/carlospajuelo\/?p=3120"},"modified":"2017-09-27T05:56:40","modified_gmt":"2017-09-27T05:56:40","slug":"el-155-papel-y-digital-creo-que-el-sangriento-atentado-no-entierra-el-intento-de-secesion-catalana","status":"publish","type":"post","link":"https:\/\/blogs.lasprovincias.es\/carlospajuelo\/2017\/08\/19\/el-155-papel-y-digital-creo-que-el-sangriento-atentado-no-entierra-el-intento-de-secesion-catalana\/","title":{"rendered":"El 155.Papel y digital.Creo que el sangriento atentado no entierra el intento de secesi\u00f3n catalana"},"content":{"rendered":"<p><strong>El 155<\/strong><\/p>\n<p><strong>Papel y digital<\/strong><\/p>\n<p><strong>Creo que el sangriento atentado no entierra el intento de secesi\u00f3n catalana<\/strong><\/p>\n<p><strong>\u00a0\u00a0\u00a0\u00a0\u00a0\u00a0\u00a0\u00a0 La Constituci\u00f3n espa\u00f1ola actual (es la que hay, pese a los permanentes gritos de los llamados, por ellos mismos, constituyentes) dispone de un arma secreta: el articulo n\u00famero 155.<\/strong><\/p>\n<p><strong>\u00a0\u00a0\u00a0\u00a0\u00a0\u00a0\u00a0\u00a0 Puede usarse si se dan las condiciones que la pongan en marcha; tiene la ventaja de que es un misil democr\u00e1tico de varias cabezas que puede servir para desarbolar o frenar a quienes se han dado a la segregaci\u00f3n y han hecho de ella un icono que no sabemos, todav\u00eda, que oculta a la vida diaria de Nuria &#8211; es el nombre de la madrina de uno de mis hijos. &#8211;<\/strong><\/p>\n<p><strong>\u00a0\u00a0\u00a0\u00a0\u00a0\u00a0\u00a0\u00a0 Sobre la mesa del Sr. Rajoy dicen que est\u00e1 un informe que, en su d\u00eda, hace m\u00e1s de seis meses, elabor\u00f3 el ministro de Justica el Sr. Catal\u00e1 en torno a las posibles aplicaciones del 155. No est\u00e1 en un caj\u00f3n, como dec\u00edan que hac\u00eda Franco esperando que el tiempo enfriara el asunto- <\/strong><\/p>\n<p><strong>\u00a0\u00a0\u00a0\u00a0\u00a0\u00a0\u00a0\u00a0 El 155 puede aplicarse cuando <\/strong><em>&#8211;\u00a0<strong>&#8230;la comunidad no cumple &#8220;las obligaciones\u00a0<\/strong>que la Constituci\u00f3n u otras leyes le impongan&#8221;.<\/em><\/p>\n<p><em>&#8211; En el caso en el que act\u00fae &#8220;<strong>de forma que atente gravemente el inter\u00e9s general<\/strong>\u00a0de Espa\u00f1a&#8230;&#8221;<\/em><\/p>\n<p>Si llega a pasar que el t\u00e1ndem \u00a0Puigdemont &#8211; Junqueras no atiende el requerimiento gubernamental, \u00a0el Senado debe aplicarlo, por mayor\u00eda absoluta. No hay experiencia y se desconoce la proyecci\u00f3n y su alcance.<\/p>\n<p>\u00bf&#8221;Fabricar\u00e1&#8221; m\u00e1s independentistas? \u00bfPlegar\u00e1n las velas del barco sin rumbo? \u00bfDimitir\u00e1n o se har\u00e1n el harakiri p\u00fablicamente cre\u00e1ndose entonces m\u00e1rtires?<\/p>\n<p>. Nos gusta darnos ca\u00f1a y nuestra inclinaci\u00f3n a ser masokas es hist\u00f3ricamente reconocida por los m\u00e1s versados historiadores.<\/p>\n<p>Para aligerar el texto doy un giro columnista y me paso a la vida misma. Veo con horror creciente como el tatuaje ha abandonado al pirata, al anta\u00f1o marino que ten\u00eda una novia en cada puerto, pesad\u00edsimo, por cierto, al presidiario y ahora florece hasta en las nalgas m\u00e1s circunspectas y en los brazos m\u00e1s airosos.<\/p>\n<p>Cuando pase la moda vendr\u00e1 el tratar de quitarse el tatuaje, la cara de ella, la flor etc. y aparecer\u00e1 el l\u00e1ser. Eso duele y es caro. Masokas, que sois unos masokas.<\/p>\n<p>\u00bfSe tatuar\u00e1n la faz de Junqueras o de Puigdemont? Menos bromas, oiga. Ya. Ojo al 155.<\/p>\n","protected":false},"excerpt":{"rendered":"<p>El 155 Papel y digital Creo que el sangriento atentado no entierra el intento de secesi\u00f3n catalana \u00a0\u00a0\u00a0\u00a0\u00a0\u00a0\u00a0\u00a0 La Constituci\u00f3n espa\u00f1ola actual (es la que hay, pese a los permanentes gritos de los llamados, por ellos mismos, constituyentes) dispone de un arma secreta: el articulo n\u00famero 155. \u00a0\u00a0\u00a0\u00a0\u00a0\u00a0\u00a0\u00a0 Puede usarse si se dan las condiciones [&hellip;]<\/p>\n","protected":false},"author":7,"featured_media":0,"comment_status":"open","ping_status":"open","sticky":false,"template":"","format":"standard","meta":[],"categories":[1],"tags":[],"_links":{"self":[{"href":"https:\/\/blogs.lasprovincias.es\/carlospajuelo\/wp-json\/wp\/v2\/posts\/3120"}],"collection":[{"href":"https:\/\/blogs.lasprovincias.es\/carlospajuelo\/wp-json\/wp\/v2\/posts"}],"about":[{"href":"https:\/\/blogs.lasprovincias.es\/carlospajuelo\/wp-json\/wp\/v2\/types\/post"}],"author":[{"embeddable":true,"href":"https:\/\/blogs.lasprovincias.es\/carlospajuelo\/wp-json\/wp\/v2\/users\/7"}],"replies":[{"embeddable":true,"href":"https:\/\/blogs.lasprovincias.es\/carlospajuelo\/wp-json\/wp\/v2\/comments?post=3120"}],"version-history":[{"count":1,"href":"https:\/\/blogs.lasprovincias.es\/carlospajuelo\/wp-json\/wp\/v2\/posts\/3120\/revisions"}],"predecessor-version":[{"id":3121,"href":"https:\/\/blogs.lasprovincias.es\/carlospajuelo\/wp-json\/wp\/v2\/posts\/3120\/revisions\/3121"}],"wp:attachment":[{"href":"https:\/\/blogs.lasprovincias.es\/carlospajuelo\/wp-json\/wp\/v2\/media?parent=3120"}],"wp:term":[{"taxonomy":"category","embeddable":true,"href":"https:\/\/blogs.lasprovincias.es\/carlospajuelo\/wp-json\/wp\/v2\/categories?post=3120"},{"taxonomy":"post_tag","embeddable":true,"href":"https:\/\/blogs.lasprovincias.es\/carlospajuelo\/wp-json\/wp\/v2\/tags?post=3120"}],"curies":[{"name":"wp","href":"https:\/\/api.w.org\/{rel}","templated":true}]}}