{"id":3142,"date":"2017-09-10T10:40:33","date_gmt":"2017-09-10T10:40:33","guid":{"rendered":"http:\/\/blogs.lasprovincias.es\/carlospajuelo\/?p=3142"},"modified":"2017-09-27T05:56:20","modified_gmt":"2017-09-27T05:56:20","slug":"3142","status":"publish","type":"post","link":"https:\/\/blogs.lasprovincias.es\/carlospajuelo\/2017\/09\/10\/3142\/","title":{"rendered":"Ya tengo la clave. Lo m\u00edo es gen\u00e9tico"},"content":{"rendered":"<p><strong>Ya tengo la clave. Lo m\u00edo es gen\u00e9tico<\/strong><\/p>\n<p><strong>\u00a0\u00a0\u00a0\u00a0\u00a0\u00a0\u00a0\u00a0\u00a0\u00a0\u00a0\u00a0\u00a0\u00a0\u00a0 Est\u00e1 claro. El oto\u00f1o se aproxima y de repente la noche pasada buscabas la colcha porque con la sabanita no te bastaba.<\/strong><\/p>\n<p><strong>\u00a0\u00a0\u00a0\u00a0\u00a0\u00a0\u00a0\u00a0\u00a0\u00a0\u00a0\u00a0\u00a0\u00a0\u00a0 Las ca\u00eddas bruscas de temperatura te sorprenden y hay gente que piensa que haciendo ejercicio la cosa se le va a pasar. No digo que no, pero tampoco que si, por lo que no digo nada. \u00a0 \u00a1Los que no lo saben deben conocer ahora que existe el llamado \u201cveranillo de San Miguel\u201d y deben saberlo para ahorrase los comentarios de ascensor del estilo \u201cUff! Que calor\u201d o \u201cYa se sabe esto es del cambio clim\u00e1tico\u201d y o\u00edrte la respuesta del listo que sube o baja contigo dici\u00e9ndote: \u201cPues el agujero de ozono se est\u00e1 cerrando\u201d y cuando ibas a contestar suena el pitido y es que has llegado al 5\u00ba o a la planta baja, depende de si subes o bajas, y no te da tiempo a pegar la hebra. Otro d\u00eda ser\u00e1.<\/strong><\/p>\n<p><strong>\u00a0\u00a0\u00a0\u00a0\u00a0\u00a0\u00a0\u00a0\u00a0\u00a0\u00a0\u00a0\u00a0\u00a0\u00a0 Hay asuntos que no comprendes y debes abandonarte. La Naturaleza es uno de ellos. Los independistas es otro y el hacer o no ejercicio otro.<\/strong><\/p>\n<p><strong>\u00a0\u00a0\u00a0\u00a0\u00a0\u00a0\u00a0\u00a0\u00a0\u00a0\u00a0\u00a0\u00a0\u00a0\u00a0 Yo soy de letras y por eso me interesa la ciencia ya que lo de la filosof\u00eda es un asunto fallido, se ve.<\/strong><\/p>\n<p><strong>\u00a0\u00a0\u00a0\u00a0\u00a0\u00a0\u00a0\u00a0\u00a0\u00a0\u00a0\u00a0\u00a0\u00a0\u00a0 En el caso que me ocupa, luego se ver\u00e1, la ciencia me da la respuesta. Avanzo, que se dice, que hay personas que se inclinan m\u00e1s que otras al ejercicio. De momento yo veo mucha gente mirando como otros hacen ejercicio y no s\u00e9 si esa observaci\u00f3n es el principio que puso en marcha a la profesora holandesa Schutte a investigar. Sobre si hay algo gen\u00e9tico en eso de hacer ejercicio. Yo creo que es una moda pasajera.<\/strong><\/p>\n<p><strong>\u00a0\u00a0\u00a0\u00a0\u00a0\u00a0\u00a0\u00a0\u00a0\u00a0\u00a0\u00a0\u00a0\u00a0\u00a0 Puede que eso sea como lo de la manzana de Newton y la gravedad.<\/strong><\/p>\n<p><strong>\u00a0\u00a0\u00a0\u00a0\u00a0\u00a0\u00a0\u00a0\u00a0\u00a0\u00a0\u00a0\u00a0\u00a0\u00a0 Me limito a la ciencia y parece ser que hay tipos, quiz\u00e1s yo sea uno de ellos, que est\u00e9n en esa lista; una lista de los que gen\u00e9ticamente no est\u00e1n predispuestos al ejercicio.<\/strong><\/p>\n<p><strong>\u00a0\u00a0\u00a0\u00a0\u00a0\u00a0\u00a0\u00a0\u00a0\u00a0\u00a0\u00a0\u00a0\u00a0\u00a0 No lo digo yo, solo es que lo siento, como cuando los p\u00e1jaros vuelan porque han percibido antes que los humanos que la Naturaleza se est\u00e1 rebelando, con alg\u00fan se\u00edsmo, aunque el temblor nos parezca, seg\u00fan los aparatos, de baja intensidad. Si. Siento que no tengo ilusi\u00f3n por hacer ejercicio, entre otras cosas.<\/strong><\/p>\n<p><strong>\u00a0\u00a0\u00a0\u00a0\u00a0\u00a0\u00a0\u00a0\u00a0\u00a0\u00a0\u00a0\u00a0\u00a0\u00a0 Existe en Holanda, en la Universidad de Vu \u00c1msterdam, seg\u00fan la noticia, que no todo va a ser en USA, digo yo, una investigadora llamada Schutte, que ha notado que hay grandes diferencias entre los que hacen ejercicio y los que no.<\/strong><\/p>\n<p><strong>\u00a0\u00a0\u00a0\u00a0\u00a0\u00a0\u00a0\u00a0\u00a0\u00a0\u00a0\u00a0\u00a0\u00a0\u00a0 Con permiso de Do\u00f1a Schutte \u00a0\u00a0\u00a0yo pienso como usted; que es evidente que hay diferencias, por ejemplo: uno suda y el otro no, uno est\u00e1 a reventar de fatiga y el otros no y adem\u00e1s se toma una ca\u00f1a mientras ve saltar o correr al otro y cosas as\u00ed y para terminar que el que toma la ca\u00f1a y lee la noticia piensa \u201cco\u00f1o y para eso Schutte se ha pasado a\u00f1os estudiando con su tesis incluida.<\/strong><\/p>\n<p><strong>\u00a0\u00a0\u00a0\u00a0\u00a0\u00a0\u00a0\u00a0\u00a0\u00a0\u00a0\u00a0\u00a0\u00a0\u00a0 \u00a0Debe haber algo m\u00e1s ah\u00ed. Y es que pasa que como cuando vas al m\u00e9dico te ve gordo y que hueles a puro reci\u00e9n apagado y te dice: est\u00e1 gordo y fumas, debes dejarlo. \u00a0<\/strong><\/p>\n<p><strong>\u00a0\u00a0\u00a0\u00a0\u00a0\u00a0\u00a0\u00a0\u00a0\u00a0\u00a0\u00a0\u00a0\u00a0\u00a0 Y piensas y para eso el t\u00edo se ha pasado siete a\u00f1os y la residencia. No est\u00e1 bien que yo diga esto. Pido perd\u00f3n a los galenos que le mundo son.<\/strong><\/p>\n<p><strong>\u00a0\u00a0\u00a0\u00a0\u00a0\u00a0\u00a0\u00a0\u00a0\u00a0\u00a0\u00a0\u00a0\u00a0\u00a0 Acabo de mirar el n\u00famero de palabras escritas y son m\u00e1s de 650. Total, para no decir nada. Bueno no es cierto del todo. Tres cosas claras.<\/strong><\/p>\n<p><strong>1.-Que hay cosas que no entiendo<\/strong><\/p>\n<p><strong>2.-Que la gen\u00e9tica marca mucho en eso del ejercicio<\/strong><\/p>\n<p><strong>3, Que el oto\u00f1o est\u00e1 cerca<\/strong><\/p>\n<p><strong>\u00a0\u00a0\u00a0\u00a0\u00a0\u00a0\u00a0\u00a0\u00a0\u00a0\u00a0\u00a0\u00a0\u00a0\u00a0 Tambi\u00e9n es obvio que con esto \u00faltimo sobran 500 palabras\u2026pero es que a m\u00ed me gusta escribir y debe ser gen\u00e9tico porque ya mi abuelo, mi padre y dem\u00e1s llevaban un diario y publicaban en alg\u00fan diario p\u00fablico cosas. Mi abuela y mi madre eran m\u00e1s de hablar. Pura gen\u00e9tica Schutte.<\/strong><\/p>\n","protected":false},"excerpt":{"rendered":"<p>Ya tengo la clave. Lo m\u00edo es gen\u00e9tico \u00a0\u00a0\u00a0\u00a0\u00a0\u00a0\u00a0\u00a0\u00a0\u00a0\u00a0\u00a0\u00a0\u00a0\u00a0 Est\u00e1 claro. El oto\u00f1o se aproxima y de repente la noche pasada buscabas la colcha porque con la sabanita no te bastaba. \u00a0\u00a0\u00a0\u00a0\u00a0\u00a0\u00a0\u00a0\u00a0\u00a0\u00a0\u00a0\u00a0\u00a0\u00a0 Las ca\u00eddas bruscas de temperatura te sorprenden y hay gente que piensa que haciendo ejercicio la cosa se le va a pasar. No [&hellip;]<\/p>\n","protected":false},"author":7,"featured_media":0,"comment_status":"open","ping_status":"open","sticky":false,"template":"","format":"standard","meta":[],"categories":[1],"tags":[],"_links":{"self":[{"href":"https:\/\/blogs.lasprovincias.es\/carlospajuelo\/wp-json\/wp\/v2\/posts\/3142"}],"collection":[{"href":"https:\/\/blogs.lasprovincias.es\/carlospajuelo\/wp-json\/wp\/v2\/posts"}],"about":[{"href":"https:\/\/blogs.lasprovincias.es\/carlospajuelo\/wp-json\/wp\/v2\/types\/post"}],"author":[{"embeddable":true,"href":"https:\/\/blogs.lasprovincias.es\/carlospajuelo\/wp-json\/wp\/v2\/users\/7"}],"replies":[{"embeddable":true,"href":"https:\/\/blogs.lasprovincias.es\/carlospajuelo\/wp-json\/wp\/v2\/comments?post=3142"}],"version-history":[{"count":2,"href":"https:\/\/blogs.lasprovincias.es\/carlospajuelo\/wp-json\/wp\/v2\/posts\/3142\/revisions"}],"predecessor-version":[{"id":3145,"href":"https:\/\/blogs.lasprovincias.es\/carlospajuelo\/wp-json\/wp\/v2\/posts\/3142\/revisions\/3145"}],"wp:attachment":[{"href":"https:\/\/blogs.lasprovincias.es\/carlospajuelo\/wp-json\/wp\/v2\/media?parent=3142"}],"wp:term":[{"taxonomy":"category","embeddable":true,"href":"https:\/\/blogs.lasprovincias.es\/carlospajuelo\/wp-json\/wp\/v2\/categories?post=3142"},{"taxonomy":"post_tag","embeddable":true,"href":"https:\/\/blogs.lasprovincias.es\/carlospajuelo\/wp-json\/wp\/v2\/tags?post=3142"}],"curies":[{"name":"wp","href":"https:\/\/api.w.org\/{rel}","templated":true}]}}