{"id":3159,"date":"2017-09-30T05:01:52","date_gmt":"2017-09-30T05:01:52","guid":{"rendered":"http:\/\/blogs.lasprovincias.es\/carlospajuelo\/?p=3159"},"modified":"2017-09-30T05:01:52","modified_gmt":"2017-09-30T05:01:52","slug":"mi-calle","status":"publish","type":"post","link":"https:\/\/blogs.lasprovincias.es\/carlospajuelo\/2017\/09\/30\/mi-calle\/","title":{"rendered":"MI CALLE"},"content":{"rendered":"<p>MI CALLE<\/p>\n<p><strong>\u00a0\u00a0\u00a0\u00a0\u00a0\u00a0\u00a0\u00a0 Gusto yo de dar a las calles un n\u00famero, en plan Am\u00e9rica.\u00a0\u00a0\u00a0\u00a0Decir, por ejemplo: \u201cYo vivo en la calle 42 o 54\u201d le da un toque moderno, al tiempo que an\u00f3nimo.<\/strong><\/p>\n<p><strong>\u00a0\u00a0\u00a0\u00a0\u00a0\u00a0\u00a0\u00a0 \u00a0Eso no crea ning\u00fan problema de memoria hist\u00f3rica y adem\u00e1s ejercitas la tabla num\u00e9rica. Yo s\u00e9 que no somos iguales a los yanquis.<\/strong><\/p>\n<p><strong>\u00a0\u00a0\u00a0\u00a0\u00a0\u00a0\u00a0\u00a0 \u00a0Gracias a eso en su d\u00eda, el ultraconservador, con un toque de liberal, de Manuel Fraga, pudo decir \u201cLa calle es m\u00eda\u201d coincidiendo con alteraciones del orden p\u00fablico en Espa\u00f1a.<\/strong><\/p>\n<p><strong>\u00a0\u00a0\u00a0\u00a0\u00a0\u00a0\u00a0\u00a0 Estaba, por cierto, en Venezuela.<\/strong><\/p>\n<p><strong>\u00a0\u00a0\u00a0\u00a0\u00a0\u00a0\u00a0\u00a0 Con este asunto de reivindicarlo todo, la memoria hist\u00f3rica se hace un l\u00edo y los alcaldes, con la ayuda sin igual de los concejales de su cuerda, se han hecho eco de aquellas prof\u00e9ticas palabras de Fraga.<\/strong><\/p>\n<p><strong>\u00a0\u00a0\u00a0\u00a0\u00a0\u00a0\u00a0\u00a0 Han tomado la calle no solo para hacernos participes de una noticia circulatoria y dejarnos claro que no tenemos derecho a aparcar en el asfalto y al tiempo llenarnos de biciclos las aceras. Si no que ahora han atentado contra la identidad.<\/strong><\/p>\n<p><strong>\u00a0\u00a0\u00a0\u00a0\u00a0\u00a0\u00a0\u00a0 No me refiero a la identidad de g\u00e9nero tan de moda en estos tiempos de indecisi\u00f3n y lujuria, no.<\/strong><\/p>\n<p><strong>\u00a0\u00a0\u00a0\u00a0\u00a0\u00a0\u00a0\u00a0 Hablo de la identificaci\u00f3n de la calle de uno, donde uno ha nacido, ha vivido, se ha enamorado y se ha dejado la piel (frase muy del gusto de los que toman posesi\u00f3n de algo) pagando letras sin fin para adquirir un trozo de suelo con paredes.<\/strong><\/p>\n<p><strong>\u00a0\u00a0\u00a0\u00a0\u00a0\u00a0\u00a0\u00a0 Lo que anteayer se llamaba Avda. del Oeste, un ejemplo, luego Bar\u00f3n de C\u00e1rcer y ahora de nuevo Avda. del Oeste, genera ciertas dificultades cuando tiras mano de tarjeta, de partida de nacimiento o te vas a casar con el empadronamiento de equivalencia que dicen que har\u00e1n.<\/strong><\/p>\n<p><strong>\u00a0\u00a0\u00a0\u00a0\u00a0\u00a0\u00a0\u00a0 Los h\u00e9roes nacionales de la pasada guerra civil ser\u00e1n liquidados en honor de los otros h\u00e9roes, digo yo.<\/strong><\/p>\n<p><strong>\u00a0\u00a0\u00a0\u00a0\u00a0\u00a0\u00a0\u00a0 Incluso se pasar\u00e1n por la piedra de la historia sujetos que pertenecen a un pasado com\u00fan y pensar\u00e1n que hacen lo correcto, no ocurra que en el partido alguien piense que han sido excesivamente condescendientes.<\/strong><\/p>\n<p><strong>\u00a0\u00a0\u00a0\u00a0\u00a0\u00a0\u00a0\u00a0 Imagino que el grupo municipal, que es el due\u00f1o ahora de las calles, habr\u00e1 tenido la idea de decirse. De aqu\u00ed para adelante que no quede uno.<\/strong><\/p>\n<p><strong>\u00a0\u00a0\u00a0\u00a0\u00a0\u00a0\u00a0\u00a0 He perdido parte de mi identidad. Exijo un refer\u00e9ndum.<\/strong><\/p>\n","protected":false},"excerpt":{"rendered":"<p>MI CALLE \u00a0\u00a0\u00a0\u00a0\u00a0\u00a0\u00a0\u00a0 Gusto yo de dar a las calles un n\u00famero, en plan Am\u00e9rica.\u00a0\u00a0\u00a0\u00a0Decir, por ejemplo: \u201cYo vivo en la calle 42 o 54\u201d le da un toque moderno, al tiempo que an\u00f3nimo. \u00a0\u00a0\u00a0\u00a0\u00a0\u00a0\u00a0\u00a0 \u00a0Eso no crea ning\u00fan problema de memoria hist\u00f3rica y adem\u00e1s ejercitas la tabla num\u00e9rica. Yo s\u00e9 que no somos iguales [&hellip;]<\/p>\n","protected":false},"author":7,"featured_media":0,"comment_status":"open","ping_status":"open","sticky":false,"template":"","format":"standard","meta":[],"categories":[1],"tags":[],"_links":{"self":[{"href":"https:\/\/blogs.lasprovincias.es\/carlospajuelo\/wp-json\/wp\/v2\/posts\/3159"}],"collection":[{"href":"https:\/\/blogs.lasprovincias.es\/carlospajuelo\/wp-json\/wp\/v2\/posts"}],"about":[{"href":"https:\/\/blogs.lasprovincias.es\/carlospajuelo\/wp-json\/wp\/v2\/types\/post"}],"author":[{"embeddable":true,"href":"https:\/\/blogs.lasprovincias.es\/carlospajuelo\/wp-json\/wp\/v2\/users\/7"}],"replies":[{"embeddable":true,"href":"https:\/\/blogs.lasprovincias.es\/carlospajuelo\/wp-json\/wp\/v2\/comments?post=3159"}],"version-history":[{"count":1,"href":"https:\/\/blogs.lasprovincias.es\/carlospajuelo\/wp-json\/wp\/v2\/posts\/3159\/revisions"}],"predecessor-version":[{"id":3160,"href":"https:\/\/blogs.lasprovincias.es\/carlospajuelo\/wp-json\/wp\/v2\/posts\/3159\/revisions\/3160"}],"wp:attachment":[{"href":"https:\/\/blogs.lasprovincias.es\/carlospajuelo\/wp-json\/wp\/v2\/media?parent=3159"}],"wp:term":[{"taxonomy":"category","embeddable":true,"href":"https:\/\/blogs.lasprovincias.es\/carlospajuelo\/wp-json\/wp\/v2\/categories?post=3159"},{"taxonomy":"post_tag","embeddable":true,"href":"https:\/\/blogs.lasprovincias.es\/carlospajuelo\/wp-json\/wp\/v2\/tags?post=3159"}],"curies":[{"name":"wp","href":"https:\/\/api.w.org\/{rel}","templated":true}]}}