{"id":34,"date":"2010-03-12T07:23:25","date_gmt":"2010-03-12T06:23:25","guid":{"rendered":"http:\/\/firmas.lasprovincias.es\/carlospajuelodearcos\/?p=34"},"modified":"2010-03-12T07:23:25","modified_gmt":"2010-03-12T06:23:25","slug":"de-sillas-y-mesas","status":"publish","type":"post","link":"https:\/\/blogs.lasprovincias.es\/carlospajuelo\/2010\/03\/12\/de-sillas-y-mesas\/","title":{"rendered":"De Sillas y Mesas"},"content":{"rendered":"<div>\n<div><a href=\"http:\/\/ad.es.doubleclick.net\/click;h=v8\/395b\/0\/0\/%2a\/z;44306;0-0;0;43094155;28009-980\/28;0\/0\/0;;~sscs=%3f\" target=\"_blank\" rel=\"external nofollow\"><img src=\"\/\/s0.2mdn.net\/viewad\/817-grey.gif\" border=\"0\" alt=\"Click here to find out more!\" \/><\/a><\/div>\n<\/div>\n<p><!-- art --><\/p>\n<div>\n<div>\n<h3>LA CHISPA<\/h3>\n<h1><a href=\"\/v\/20100312\/valencia\/mesas-sillas-20100312.html\" target=\"_self\">DE MESAS Y SILLAS<\/a><\/h1>\n<h2><!-- dummyText [Subt\u00edtul--><\/h2>\n<div>12.03.10 &#8211; 01:20 &#8211;<\/p>\n<div>CARLOS PAJUELO DE ARCOS |<\/div>\n<\/div>\n<div>\n<ul>\n<li>\n<div><a href=\"void(0)\"><\/a><\/div>\n<\/li>\n<\/ul>\n<div>\n<h5><label><br \/>\n\u00a0<\/label><\/h5>\n<form enctype=\"application\/x-www-form-urlencoded\" method=\"get\">\n<div>\n<div>\n<p><label><br \/>\n<\/label><\/p>\n<p>La mesa y la silla son dos objetos-concepto ancestrales a los que el hombre ha llegado, supongo, tras la incomodidad de sentarse en el suelo y comer sobre el mismo y tras largas meditaciones de avances tecnosociol\u00f3gicos llega a colocar esas mesas y esas sillas al borde, o cerca, para ver mejor, el mar del Saler y la Malvarrosa.<\/p>\n<\/div>\n<\/div>\n<\/form>\n<\/div>\n<\/div>\n<\/div>\n<div>\n<div>\n<div>\n<div>\n<div>\n<div>Y ah\u00ed est\u00e1n tan ligeras, tan espectaculares, esperando que las posaderas de miles de valencianos, entre ellos yo, podamos ver el azul suave en su movimiento rizado de blanco por arriba con un fondo de palmeras met\u00e1licas llamadas gr\u00faas que se adivinan quietas en domingo. Descanso fruct\u00edfero del ajetreo.<\/div>\n<div>Los paseos mar\u00edtimos est\u00e1n tambi\u00e9n ah\u00ed como fruto de la conquista civilizadora en constante avance contra los par\u00e1sitos- como es el caso del reci\u00e9n descubierto por el cient\u00edfico de Cullera el Sr. Palomares.<\/div>\n<div>Es microsc\u00f3pico y est\u00e1 ah\u00ed en las dunas, el nematodo en cuesti\u00f3n est\u00e1 ah\u00ed, en su h\u00e1bitat, a lo suyo. \u00bfY nosotros? Tambi\u00e9n estamos ah\u00ed desde hace d\u00e9cadas. Estamos a lo nuestro; mirar, jugar, sentarse, comer una paella, tomarse una sangr\u00eda como hacen en paz los andaluces y estamos en eso cuando llega una cosa llamada Demarcaci\u00f3n que nos se\u00f1ala con el dedo acusador del abuso, es el dedo \u00edndice, y dice: \u00abhasta aqu\u00ed hemos llegado humanos del Mediterr\u00e1neo levantino\u00bb o sea nosotros.<\/div>\n<div>La tierra es del viento ZP dixit. Las mesas y las sillas nuestras. Demarcaci\u00f3n de Costas dixit tambi\u00e9n. \u00a1Que les den, digo yo! Al parecer en la partici\u00f3n de la India de la que result\u00f3 luego la propia India y Pakist\u00e1n, un dedo como el que digo, parti\u00f3 en un mapa la tierra aquella y a\u00fan siguen d\u00e1ndose de leches. Gentes que hab\u00edan compartido la mesa y la casa fueron separadas por la delgada l\u00ednea roja de un dedo demarcatorio.<\/div>\n<div>No hay que buscarles tres pies al gato de que si nos tiene man\u00eda, de que si este partido en el Gobierno nos ahoga. Nada. Est\u00e1 claro. Un d\u00eda el tipo de Madrid o destinado aqu\u00ed no encontr\u00f3 mesa porque estaba todo lleno y ahora desaloja. \u00a1Desalojen! \u00bfEs eso se\u00f1ora? Son demasiado felices. \u00a1Buenos d\u00edas!.<\/div>\n<\/div>\n<\/div>\n<\/div>\n<\/div>\n<\/div>\n<\/div>\n","protected":false},"excerpt":{"rendered":"<p>La envidia de alguien empuja el desea de Costas para quitarnos las sillas y las mesas<\/p>\n","protected":false},"author":7,"featured_media":0,"comment_status":"open","ping_status":"closed","sticky":false,"template":"","format":"standard","meta":[],"categories":[2],"tags":[],"_links":{"self":[{"href":"https:\/\/blogs.lasprovincias.es\/carlospajuelo\/wp-json\/wp\/v2\/posts\/34"}],"collection":[{"href":"https:\/\/blogs.lasprovincias.es\/carlospajuelo\/wp-json\/wp\/v2\/posts"}],"about":[{"href":"https:\/\/blogs.lasprovincias.es\/carlospajuelo\/wp-json\/wp\/v2\/types\/post"}],"author":[{"embeddable":true,"href":"https:\/\/blogs.lasprovincias.es\/carlospajuelo\/wp-json\/wp\/v2\/users\/7"}],"replies":[{"embeddable":true,"href":"https:\/\/blogs.lasprovincias.es\/carlospajuelo\/wp-json\/wp\/v2\/comments?post=34"}],"version-history":[{"count":0,"href":"https:\/\/blogs.lasprovincias.es\/carlospajuelo\/wp-json\/wp\/v2\/posts\/34\/revisions"}],"wp:attachment":[{"href":"https:\/\/blogs.lasprovincias.es\/carlospajuelo\/wp-json\/wp\/v2\/media?parent=34"}],"wp:term":[{"taxonomy":"category","embeddable":true,"href":"https:\/\/blogs.lasprovincias.es\/carlospajuelo\/wp-json\/wp\/v2\/categories?post=34"},{"taxonomy":"post_tag","embeddable":true,"href":"https:\/\/blogs.lasprovincias.es\/carlospajuelo\/wp-json\/wp\/v2\/tags?post=34"}],"curies":[{"name":"wp","href":"https:\/\/api.w.org\/{rel}","templated":true}]}}