{"id":38,"date":"2010-03-13T11:13:37","date_gmt":"2010-03-13T10:13:37","guid":{"rendered":"http:\/\/firmas.lasprovincias.es\/carlospajuelodearcos\/?p=38"},"modified":"2010-03-13T11:13:37","modified_gmt":"2010-03-13T10:13:37","slug":"preguntas-de-hoy-4","status":"publish","type":"post","link":"https:\/\/blogs.lasprovincias.es\/carlospajuelo\/2010\/03\/13\/preguntas-de-hoy-4\/","title":{"rendered":"preguntas de hoy"},"content":{"rendered":"<p>\u00bfSer\u00e1 cierto que los buenos escritores,Delibes, ser\u00e1n siempre recordados? \u00bfHa le\u00eddo usted &#8220;El Hereje&#8221;?. No. empiece ahora, por favor. Si. Vu\u00e9lvalo a leer, por favor.<\/p>\n<p>Antes yo era un maestro del tarot( es cierto) y ahora me descubro ante Ricardo Peralta que ha brindado por la lluv\u00eda que ha tra\u00eddo el Gobierno seg\u00fan \u00e9l.\u00a0Nada de procesiones contra la sequ\u00eda. Hay\u00a0 que ir a la Plaza de Tetu\u00e1n. \u00bfNo merece un mejor trato de Zapatero este se\u00f1or?<\/p>\n<p>\u00bfEs cierto que la Se\u00f1ora de la Vega est\u00e1 amortizada?. La realidad es que la veo muy fatigada en sus comparecencias. En todo caso, pol\u00edtica al margen , la deseo que descanse y mejore.<\/p>\n","protected":false},"excerpt":{"rendered":"<p>Delibes, Peralta y de la Vega en minititulares<\/p>\n","protected":false},"author":7,"featured_media":0,"comment_status":"open","ping_status":"closed","sticky":false,"template":"","format":"standard","meta":[],"categories":[2],"tags":[],"_links":{"self":[{"href":"https:\/\/blogs.lasprovincias.es\/carlospajuelo\/wp-json\/wp\/v2\/posts\/38"}],"collection":[{"href":"https:\/\/blogs.lasprovincias.es\/carlospajuelo\/wp-json\/wp\/v2\/posts"}],"about":[{"href":"https:\/\/blogs.lasprovincias.es\/carlospajuelo\/wp-json\/wp\/v2\/types\/post"}],"author":[{"embeddable":true,"href":"https:\/\/blogs.lasprovincias.es\/carlospajuelo\/wp-json\/wp\/v2\/users\/7"}],"replies":[{"embeddable":true,"href":"https:\/\/blogs.lasprovincias.es\/carlospajuelo\/wp-json\/wp\/v2\/comments?post=38"}],"version-history":[{"count":0,"href":"https:\/\/blogs.lasprovincias.es\/carlospajuelo\/wp-json\/wp\/v2\/posts\/38\/revisions"}],"wp:attachment":[{"href":"https:\/\/blogs.lasprovincias.es\/carlospajuelo\/wp-json\/wp\/v2\/media?parent=38"}],"wp:term":[{"taxonomy":"category","embeddable":true,"href":"https:\/\/blogs.lasprovincias.es\/carlospajuelo\/wp-json\/wp\/v2\/categories?post=38"},{"taxonomy":"post_tag","embeddable":true,"href":"https:\/\/blogs.lasprovincias.es\/carlospajuelo\/wp-json\/wp\/v2\/tags?post=38"}],"curies":[{"name":"wp","href":"https:\/\/api.w.org\/{rel}","templated":true}]}}