{"id":4148,"date":"2019-07-22T15:24:24","date_gmt":"2019-07-22T15:24:24","guid":{"rendered":"https:\/\/blogs.lasprovincias.es\/carlospajuelo\/?p=4148"},"modified":"2019-07-22T15:24:24","modified_gmt":"2019-07-22T15:24:24","slug":"una-moda-que-va-a-mas-el-tatuaje","status":"publish","type":"post","link":"https:\/\/blogs.lasprovincias.es\/carlospajuelo\/2019\/07\/22\/una-moda-que-va-a-mas-el-tatuaje\/","title":{"rendered":"UNA MODA QUE VA A MAS: EL TATUAJE"},"content":{"rendered":"<p><strong>UNA MODA QUE VA A M\u00c1S: EL TATUAJE<\/strong><\/p>\n<p><strong>Son las 7 de la ma\u00f1ana, el calor aprieta y espero un autob\u00fas que vaya a la playa, en la parada hay un par de personas que por su aspecto no parece que vayan hasta el final junto al mar; nos miramos un momento y cada uno vuelve a su m\u00f3vil que ya forma parte de la mano de uno y de la oreja de uno tambi\u00e9n y al parecer de otros por lo que se cuenta en materia de espionaje.<\/strong><\/p>\n<p><strong>No hay demasiado tr\u00e1fico y el panel se\u00f1ala que faltan 12 minutos para que llegue el esperado y c\u00f3modo autob\u00fas.<\/strong><\/p>\n<p><strong>De repente se oye en la Avda. una sirena y todos dejamos el m\u00f3vil y nos asomamos a mirar, es un coche de la Polic\u00eda Nacional que con sus luces encendidas en el techo, la sirena ululando y una luz blanca en el frontis, pasa a toda velocidad ante nosotros, lo seguimos con la mirada y descubrimos que delante de la parada, a unos 200 metros, una peque\u00f1a aglomeraci\u00f3n de gente se arremolina y el coche policial est\u00e1 detenido; nos miramos con ojos de curiosidad y nadie dice nada, apenas una levantada de cejas y seguimos mirando el m\u00f3vil, aunque en el fondo a todos nos gustar\u00eda saber qu\u00e9 pasa.<\/strong><\/p>\n<p><strong>Llega el bus y al subir, una bocanada de aire fresco te golpea la cara y sientes un ligero estremecimiento y piensas si no estar\u00e1 Grezzi despilfarrando, quiz\u00e1s una vez m\u00e1s, recursos, sobre todo ahora que en el Ayuntamiento parece que hay una Concejal\u00eda destinada al clima, al cambio clim\u00e1tico.<\/strong><\/p>\n<p><strong>El autob\u00fas se ve obligado a parar como consecuencia de la peque\u00f1a aglomeraci\u00f3n y a unas se\u00f1ales de la autoridad; unos que suben aprovechando la parada, comentan que un tipo hab\u00eda efectuado tocamientos a dos mujeres en el interior de una discoteca pr\u00f3xima y se hab\u00eda producido un altercado; por lo visto era un tipo violento y se lo han llevado.<\/strong><\/p>\n<p><strong>Mientras oigo esto no dejo de pensar si los periodistas somos y los medios m\u00e1s, ligeramente<\/strong> <strong>culpables con tanta repetici\u00f3n y se produce un efecto de contagio.<\/strong><\/p>\n<p><strong>No \u00b4se, pero hay demasiados casos de tocamientos. \u00bfAntes era igual y denunciaban menos las mujeres?<\/strong><\/p>\n<p><strong>Los que hab\u00edan subido luc\u00edan algunos tatuajes en brazos y piernas, ellas tambi\u00e9n y yo , aprovechando el tono general de la conversaci\u00f3n, les pregunt\u00e9, con todo cuidado, que cual era la raz\u00f3n de esos tatuajes y antes de que me contestaran, ligeramente asombrados por la pregunta, les inform\u00e9 que en el pasado reciente solo los legionarios , los marinos y los presos se tatuaban, aunque lo cierto es que esto de tatuarse lleva en el mundo m\u00e1s de 5000 a\u00f1os y fue, recientemente, en el siglo XIX cuando de los viajes colonizadores a la Polinesia se import\u00f3 la moda a Inglaterra\u2026lo cierto es que escuchaban con inter\u00e9s y el autob\u00fas segu\u00eda su r\u00e1pida carrera.<\/strong><\/p>\n<p><strong>Llegaron a explicarme que sus tatuajes correspond\u00edan a conceptos, recuerdos y promesas,<\/strong><\/p>\n<p><strong>Yo no quise recordarles, como ya cont\u00e9 en una novela m\u00eda. \u201cAsesinar a un jesuita\u201d ,el c\u00f3mo las maras, en El Salvador ,se tatuaban para significar a cu\u00e1l pertenec\u00edan, como es caso de la Salvatrucha y se bajaron al tiempo de decirnos adi\u00f3s muy amablemente. Son cosas del verano.<\/strong><\/p>\n<p><strong>Una que me lee antes de enviar la columna al diario, me se\u00f1ala si era necesario hablar de mi novela y s\u00ed eso no era un acto de vanidad in\u00fatil. Si, pero soy humano y ning\u00fan defecto me es ajeno.<\/strong><\/p>\n<p><strong>No quiero hablar de la investidura, ni del posible Gobierno ni de los Ministerios podemizados o por podemizar. Soy un simple ciudadano de a pie. Les saludo afectuosamente y cuidado con la ola de calor.<\/strong><\/p>\n","protected":false},"excerpt":{"rendered":"<p>UNA MODA QUE VA A M\u00c1S: EL TATUAJE Son las 7 de la ma\u00f1ana, el calor aprieta y espero un autob\u00fas que vaya a la playa, en la parada hay un par de personas que por su aspecto no parece que vayan hasta el final junto al mar; nos miramos un momento y cada uno [&hellip;]<\/p>\n","protected":false},"author":7,"featured_media":0,"comment_status":"closed","ping_status":"closed","sticky":false,"template":"","format":"standard","meta":[],"categories":[1],"tags":[],"_links":{"self":[{"href":"https:\/\/blogs.lasprovincias.es\/carlospajuelo\/wp-json\/wp\/v2\/posts\/4148"}],"collection":[{"href":"https:\/\/blogs.lasprovincias.es\/carlospajuelo\/wp-json\/wp\/v2\/posts"}],"about":[{"href":"https:\/\/blogs.lasprovincias.es\/carlospajuelo\/wp-json\/wp\/v2\/types\/post"}],"author":[{"embeddable":true,"href":"https:\/\/blogs.lasprovincias.es\/carlospajuelo\/wp-json\/wp\/v2\/users\/7"}],"replies":[{"embeddable":true,"href":"https:\/\/blogs.lasprovincias.es\/carlospajuelo\/wp-json\/wp\/v2\/comments?post=4148"}],"version-history":[{"count":1,"href":"https:\/\/blogs.lasprovincias.es\/carlospajuelo\/wp-json\/wp\/v2\/posts\/4148\/revisions"}],"predecessor-version":[{"id":4149,"href":"https:\/\/blogs.lasprovincias.es\/carlospajuelo\/wp-json\/wp\/v2\/posts\/4148\/revisions\/4149"}],"wp:attachment":[{"href":"https:\/\/blogs.lasprovincias.es\/carlospajuelo\/wp-json\/wp\/v2\/media?parent=4148"}],"wp:term":[{"taxonomy":"category","embeddable":true,"href":"https:\/\/blogs.lasprovincias.es\/carlospajuelo\/wp-json\/wp\/v2\/categories?post=4148"},{"taxonomy":"post_tag","embeddable":true,"href":"https:\/\/blogs.lasprovincias.es\/carlospajuelo\/wp-json\/wp\/v2\/tags?post=4148"}],"curies":[{"name":"wp","href":"https:\/\/api.w.org\/{rel}","templated":true}]}}