{"id":4156,"date":"2019-07-30T10:32:24","date_gmt":"2019-07-30T10:32:24","guid":{"rendered":"https:\/\/blogs.lasprovincias.es\/carlospajuelo\/?p=4156"},"modified":"2019-07-30T10:32:24","modified_gmt":"2019-07-30T10:32:24","slug":"violencia-morbosa","status":"publish","type":"post","link":"https:\/\/blogs.lasprovincias.es\/carlospajuelo\/2019\/07\/30\/violencia-morbosa\/","title":{"rendered":"VIOLENCIA MORBOSA"},"content":{"rendered":"<table class=\"W_6D6F H_6D6F p_R bo_BA\">\n<tbody>\n<tr class=\"W_6D6F\">\n<td class=\"V_GM H_6D6F\">\n<div class=\"I_8ahxV P_2aKOEx o_h\">\n<div class=\"o_A d_3zJDR H_3zJDR\">\n<div id=\"htmlEditWrap\">\n<div id=\"editorHtml\" class=\"I_4SSH b_n d_3zJDR H_3zJDR ir_0 M_0 Y_6DEy W_6D6F jw_n\">\n<div class=\"yahoo_quoted\">\n<div style=\"color: #26282a; font-family: 'Helvetica Neue', Helvetica, Arial, sans-serif; font-size: 13px;\">\n<div>\n<div dir=\"ltr\">\u00a0<strong>VIOLENCIA MORBOSA<\/strong><\/div>\n<div dir=\"ltr\"><strong>En t\u00e9rminos generales se dir\u00eda que la violencia, presentada en cualquiera de sus formas, parece atraer a los humanos de forma casi imperativa y supongo que los psiquiatras podr\u00edan dar explicaciones diferentes, en funci\u00f3n de la escuela a la que honran mediante sus praxis.<\/strong><\/div>\n<div dir=\"ltr\"><strong>El morbo de la atracci\u00f3n por ver, observar, mirar, cotillear en un accidente, en una reyerta, es un hecho cotidiano que no necesita explicaci\u00f3n cient\u00edfica, salvo para los estudiosos del comportamiento que, por cierto, produce un riesgo a\u00f1adido por lentificaci\u00f3n del tr\u00e1fico y distracci\u00f3n de quienes miran,.<\/strong><\/div>\n<div dir=\"ltr\"><strong>Observo que cada d\u00eda la violencia, en forma de noticia, me llega m\u00e1s a menudo, de forma insistente y tambi\u00e9n observo como los medios, esencialmente los audiovisuales, se recrean en el detalle, en la b\u00fasqueda de la declaraci\u00f3n m\u00e1s tenebrosa de testigos o familiares.<\/strong><\/div>\n<div dir=\"ltr\"><strong>Convendr\u00eda sugerir a quienes est\u00e1n en situaci\u00f3n de doctorandos que traten de establecer los contenidos de los telediarios- que se supone que son neutrales y formativos. Comparar los de hoy con los de hace m\u00e1s de 15 a\u00f1os o m\u00e1s. Y ya que est\u00e1n investigando, que ampliaran y examinaran los contenidos de las series y las pel\u00edculas.<\/strong><\/div>\n<div dir=\"ltr\"><strong>La cuesti\u00f3n es: \u00bfVivimos en un mundo m\u00e1s violento hoy que hace un par de d\u00e9cadas? \u00bfMuere m\u00e1s gente de forma violenta ahora que hace 20 a\u00f1os en Espa\u00f1a y en Europa, por ejemplo?<\/strong><\/div>\n<div dir=\"ltr\"><strong>\u00bfExisten varios tipos de violencia adem\u00e1s de la \u201cviolencia de g\u00e9nero\u201d que ocupa porcentualmente, creo, m\u00e1s espacio que la muerte de dos obreros, o los muertos en accidente o los suicidios?<\/strong><\/div>\n<div dir=\"ltr\"><strong>\u00bfA qu\u00e9 viene esto?<\/strong><\/div>\n<div dir=\"ltr\"><strong>Viene a que los medios de informaci\u00f3n-esencialmente los audiovisuales- cargan las tintas de la repetici\u00f3n en los llamados casos de \u201cviolencia de g\u00e9nero\u201d.<\/strong><\/div>\n<div dir=\"ltr\"><strong>Quiz\u00e1s es que se obtiene mayor audiencia con esta exposici\u00f3n prolongada de la miseria humana.<\/strong><\/div>\n<div dir=\"ltr\"><strong>Cuando lo planteo en alguna de mis tertulias siempre surge la escuela, la educaci\u00f3n como culpable. Yo oigo y pongo sobre la mesa el concepto de familia y que proyectar la educaci\u00f3n como pivote est\u00e1 bien \u2026pero sin olvidar que de casa se debe venir con el ejemplo puesto, con los valores de respeto e igualdad asumidos.<\/strong><\/div>\n<div dir=\"ltr\"><strong>Rompo una lanza en nombre de profesores, de los antiguos maestros y en nombre de quienes nos hemos dedicado un tiempo a ese ejercicio \u2013 al margen del nivel de la ense\u00f1anza- para reivindicar su trabajo y para recordar que nos hemos dedicado a formar en las habilidades necesarias y que son las familias las que han de constituirse en aliados imprescindibles en la construcci\u00f3n de esos valores sociales para alejarnos de esa violencia desatada.<\/strong><\/div>\n<div dir=\"ltr\"><strong>Como siempre una llamada a la justicia y a la necesidad de estudiar m\u00e1s fondo las causas de este o aquel accidente, asesinato etc.<\/strong><\/div>\n<div dir=\"ltr\"><strong>Acabo de enterarme de que en Albacete se produce a diario, con la recogida del ajo o de la patata, una violencia no citada, o poco publicitada, con los temporeros que se alojan en naves sin las m\u00e1s m\u00ednimas condiciones de higiene, con falta de agua, de luz, de servicios etc. y no solo es en Albacete. <\/strong><\/div>\n<div dir=\"ltr\"><strong>\u00bfD\u00f3nde est\u00e1n los medios, donde las inspecciones de trabajo etc.? <\/strong><\/div>\n<div dir=\"ltr\"><strong>A lo mejor la culpa es de los profesores. \u00bfNo? &#8211;<\/strong><\/div>\n<div dir=\"ltr\"><strong>La tensi\u00f3n que se acumula ah\u00ed es como una tormenta en ciernes.<\/strong><\/div>\n<div dir=\"ltr\"><strong>No pasa nada\u2026como estamos en verano y tenemos una investidura pendiente y hace calor y es tiempo de vacaciones, incluso para el presidente del Gobierno en funciones, que, como dice la Sra. Calvo, se puede ir porque como no es candidato todav\u00eda\u2026 pues eso. <\/strong><\/div>\n<div dir=\"ltr\"><strong>\u00bfNo es violencia el que nos tomen por tontos cada d\u00eda? Creo que me he pasado de l\u00edneas. Es mucho texto, pero\u2026<\/strong><\/div>\n<\/div>\n<\/div>\n<\/div>\n<\/div>\n<\/div>\n<\/div>\n<p><noscript><strong>&amp;amp;amp;lt;input type=&#8221;hidden&#8221; name=&#8221;noJS&#8221; value=&#8221;1&#8243;\/&amp;amp;amp;gt;<\/strong><\/noscript><\/div>\n<\/td>\n<\/tr>\n<tr class=\"W_6D6F\">\n<td class=\"V_GM\">\n<div class=\"D_B H_74JI I_4SSH i_74JI P_1Eu6qC z_2wc7QY\">\n<div class=\"H_Z1qtKB1\"><strong><button class=\"D_X A_6EqO u_e69 H_6TFj i_6Fd5 s_7iGr o_h P_3gJOe t_C G_e V_M C4_Z2aVTcY b4_2fAfSG send-button M_3gIMd\" tabindex=\"230\" title=\"Enviar mensaje\" name=\"action\" type=\"submit\" value=\"sendMessage\">Enviar<\/button><button class=\"D_X A_6EqO u_e69 H_6TFj i_6Fd5 s_7iGr o_h P_3gJOe t_C G_e V_M C4_Z2aVTcY b4_2fAfSG M_3gIMd\" tabindex=\"230\" title=\"Guardar como borrador\" name=\"action\" type=\"submit\" value=\"saveMessage\">Guardar<\/button><a class=\"compose-toolbar-cancel u_e69 P_3gJOe s_73HH t_C M_3gIMd V_M C4_Z2aVTcY\" tabindex=\"230\" title=\"Cancelar redacci\u00f3n\" href=\"https:\/\/mail.yahoo.com\/b\/folders\/1?.src=ym&amp;reason=unsupported_browser\" target=\"_self\" rel=\"noreferrer\">Cancelar<\/a><\/strong><\/div>\n<\/div>\n<\/td>\n<\/tr>\n<\/tbody>\n<\/table>\n","protected":false},"excerpt":{"rendered":"<p>\u00a0VIOLENCIA MORBOSA En t\u00e9rminos generales se dir\u00eda que la violencia, presentada en cualquiera de sus formas, parece atraer a los humanos de forma casi imperativa y supongo que los psiquiatras podr\u00edan dar explicaciones diferentes, en funci\u00f3n de la escuela a la que honran mediante sus praxis. El morbo de la atracci\u00f3n por ver, observar, mirar, [&hellip;]<\/p>\n","protected":false},"author":7,"featured_media":0,"comment_status":"closed","ping_status":"closed","sticky":false,"template":"","format":"standard","meta":[],"categories":[1],"tags":[],"_links":{"self":[{"href":"https:\/\/blogs.lasprovincias.es\/carlospajuelo\/wp-json\/wp\/v2\/posts\/4156"}],"collection":[{"href":"https:\/\/blogs.lasprovincias.es\/carlospajuelo\/wp-json\/wp\/v2\/posts"}],"about":[{"href":"https:\/\/blogs.lasprovincias.es\/carlospajuelo\/wp-json\/wp\/v2\/types\/post"}],"author":[{"embeddable":true,"href":"https:\/\/blogs.lasprovincias.es\/carlospajuelo\/wp-json\/wp\/v2\/users\/7"}],"replies":[{"embeddable":true,"href":"https:\/\/blogs.lasprovincias.es\/carlospajuelo\/wp-json\/wp\/v2\/comments?post=4156"}],"version-history":[{"count":1,"href":"https:\/\/blogs.lasprovincias.es\/carlospajuelo\/wp-json\/wp\/v2\/posts\/4156\/revisions"}],"predecessor-version":[{"id":4157,"href":"https:\/\/blogs.lasprovincias.es\/carlospajuelo\/wp-json\/wp\/v2\/posts\/4156\/revisions\/4157"}],"wp:attachment":[{"href":"https:\/\/blogs.lasprovincias.es\/carlospajuelo\/wp-json\/wp\/v2\/media?parent=4156"}],"wp:term":[{"taxonomy":"category","embeddable":true,"href":"https:\/\/blogs.lasprovincias.es\/carlospajuelo\/wp-json\/wp\/v2\/categories?post=4156"},{"taxonomy":"post_tag","embeddable":true,"href":"https:\/\/blogs.lasprovincias.es\/carlospajuelo\/wp-json\/wp\/v2\/tags?post=4156"}],"curies":[{"name":"wp","href":"https:\/\/api.w.org\/{rel}","templated":true}]}}