{"id":4165,"date":"2019-08-08T05:41:00","date_gmt":"2019-08-08T05:41:00","guid":{"rendered":"https:\/\/blogs.lasprovincias.es\/carlospajuelo\/?p=4165"},"modified":"2019-08-08T05:41:00","modified_gmt":"2019-08-08T05:41:00","slug":"elvira-y-juanjo","status":"publish","type":"post","link":"https:\/\/blogs.lasprovincias.es\/carlospajuelo\/2019\/08\/08\/elvira-y-juanjo\/","title":{"rendered":"ELVIRA Y JUANJO"},"content":{"rendered":"<h1>ELVIRA Y JUANJO<\/h1>\n<p>Estoy esperando que me den hora para que me hagan \u201cun algo\u201d en lo que llaman \u201clumbalgia mec\u00e1nica\u201d o sea la contractura que tengo encima. La tengo en el centro geom\u00e9trico, -entre la cintura y el ri\u00f1\u00f3n derecho, qu\u00e9 dir\u00eda Mat\u00edas Prats el padre, locutor de enormes partidos de futbol que eran una clase de geometr\u00eda en forma de futbol, de cuando la radio era la reina.<\/p>\n<p>\u00a1Qu\u00e9dese usted en casa! \u00bfQuedarme en casa? No.<\/p>\n<p>\u00a1Pues no le doler\u00e1 tanto!<\/p>\n<p>Si se\u00f1ora, me duele, pero dicen que hay que combatir el dolor y yo he visto a los \u201cmarines\u201d haciendo caso omiso del dolor, el calor y el barro.<\/p>\n<p>\u00bfVoy a ser menos que un marine? Creo que s\u00ed, pero que quiere usted.<\/p>\n<p>Estimamos, apreciamos, queremos a esta pareja de Elvira y Juanjo y claro nosotros \u2026no nos pongamos sentimentales etc. (mi mujer me dice que sobra el etc. No s\u00e9. Yo creo que no, porque el etc. incluye otras apreciaciones y sentimientos que dejo a la imaginaci\u00f3n del lector)<\/p>\n<p>Mientras espero a eso de que me den hora para la \u201clumbalgia mec\u00e1nica\u201d de los huevos, con perd\u00f3n, tengo que hacer \u201cun algo\u201d y hasta que llegue la cita , y est\u00e1 tardando, nos vamos, mi mujer y yo, a ver a Juanjo y Elvira.- (obs\u00e9rvese que aqu\u00ed cambio el orden en aras de la igualdad de g\u00e9nero, lo que me parece una solemne tonter\u00eda, pero es posible que mis amigos lo tengan esto como un acto de justicia casi distributiva-;digo que vamos a verlos porque hace alg\u00fan tiempo que habitan en una residencia en Paterna por razones que no vienen al caso.<\/p>\n<p>Los valterrianos \u2013 que son los que est\u00e1n en Valterna (aqu\u00ed obvio el nombre de la residencia porque no quiero que el director me diga que hago publicidad gratuita. Yo lo que quiero es contar lo que he visto y sentido. Es dar testimonio y tengo el privilegio de hacerlo en el diario)<\/p>\n<p>&nbsp;<\/p>\n<p>Digo \u201cvalterrianos\u201d porque como todo \u201cpersonal\u201d que se precie tienen derecho a un patron\u00edmico geopersonal, de la misma forma que yo me llamo valenciano u otros vallisoletanos)<\/p>\n<p>Tienen nuestros amigos unas horas de visita. Al llegar la sorpresa surge y es que o\u00edmos un viol\u00edn y un piano.<\/p>\n<p>Muy extra\u00f1o. No creo que Juan haya contratado a una orquesta- (evito lo de decir \u201cbanda\u201d porque, desde la investidura fallida, el concepto \u201cbanda\u201d ha quedado marcado por la estulticia y el enga\u00f1o) para darnos la bienvenida.<\/p>\n<p>No era la m\u00fasica para nosotros, porque cuando entramos a la zona del aire libre esta estaba adornada con gallardetes que se mov\u00edan con la muy c\u00e1lida brisa del bochorno reinante y el espacio estaba ocupado con docenas de personas mayores( \u00a1Uff! digo mayores, pero algunos ten\u00eda menos a\u00f1os que nosotros) con un porcentaje muy alto de ellos en sillas de ruedas y a su alrededor j\u00f3venes vestidas de azul, casi el\u00e9ctrico, que iban y ven\u00edan llevando vasos de limonada, sorbetes de granadina y otros refrescos con un \u201cadorno\u201d de fruta a trocitos en el borde de la copa, como si uno se fuera a tomar un margarita.<\/p>\n<p>\u00bfQu\u00e9 se celebraba all\u00ed? Los \u201cvalterrianos\u201d parec\u00edan contentos.<\/p>\n<p>Nos recibieron nuestros amigos y me presentaron al Director que era un joven muy atareado que andaba a diestro y siniestro ( esto de siniestro, que se dice siempre para completar la frase no me gusta nada) y all\u00ed, aprovechando mi condici\u00f3n, nada secreta de periodista, le pregunt\u00e9 a Jes\u00fas,-ese es su nombre- que a que ven\u00eda aquello, refiri\u00e9ndome a la m\u00fasica que sal\u00eda, bell\u00edsima, de un violinista y una pianista tocando piezas bailables extra\u00eddas de la memoria musical de hace 50 a\u00f1os y que sonaban igual de bien que cuando \u00e9ramos j\u00f3venes.<\/p>\n<p>Me explic\u00f3 que lo hac\u00edan cada dos meses o tres y que el objetivo era alegrar la vida intelectual de los residentes que, aunque muchos no pod\u00edan bailar por su estado f\u00edsico, estaba seguro de que serv\u00eda para llevar sus recuerdos a otro tiempo mejor y era cierto, porque muchos de aquellos seres segu\u00edan el ritmo de la m\u00fasica mediante diversos procedimientos, como era el caso de una se\u00f1ora que golpeaba con la palma de su mano el cuerpo de una peque\u00f1a mu\u00f1eca de trapo, o aquella hija visitante que llevaba el ritmo del bailable acompasando la silla de ruedas al acorde que surg\u00eda del aire como un milagro sonoro.<\/p>\n<p>El violinista, que ejerc\u00eda de m\u00fasico y animador expresaba con entusiasmo la idea de bailar y era obvio que no resultaba f\u00e1cil para muchos, por no decir imposible; pero h\u00e9teme aqu\u00ed que de repente surge un hombre mayor, con su pelo cano semialborotado , que da ,solo, uno pasos de baile al ritmo de \u201cla vida en rosa\u201d y pronto una joven de las de azul el\u00e9ctrico lo acompa\u00f1a, lo coge y siguen bordando pasos sobre el suelo.<\/p>\n<p>Yo me acordaba de Edhit Piaff, la francesa de voz de rasgu\u00f1o que se sentir\u00eda orgullosa de ver como el existencialismo cobraba vida de nuevo en aquellos pasos del hombre mayor y solo y ahora con la joven de azul.<\/p>\n<p>\u00c9l es mayor, pero es un Fred Astaire. Pregunto y me dicen que era notario y yo admiro como compulsa su propia vida en esos pasos que son de todo menos cansinos y creo que Jes\u00fas, el director, tiene raz\u00f3n cuando, al final, dice que veladas como esa sirven para contribuir a cambiar el talante y alegrar un poco la vida de los residentes. Cierto.<\/p>\n<p>Nos vamos con el alma ligeramente encogida. Yo pienso en mi y en otros con su edad a cuestas y ruego que todos tengamos la oportunidad de seguir oyendo m\u00fasica y que nos acompa\u00f1e la marcha <a href=\"https:\/\/int.search.tb.ask.com\/search\/GGmain.jhtml?enableSearch=true&amp;rdrct=no&amp;st=sb&amp;p2=%5EY6%5Expu033%5ELMES%5Ees&amp;ptb=3CBD6D60-9DB1-4F10-8869-2468995E18E6&amp;n=783aac44&amp;si=adwords-7408a3a60b12778889f3d2a3509ca1a8&amp;tpr=sc&amp;searchfor=Marcha+radetzky&amp;ots=1565242142572&amp;ots=1565242148985&amp;ots=1565242156929\" rel=\"external nofollow\"><strong><em>\u00a0radetzk<\/em><\/strong><strong><em>y<\/em><\/strong><\/a> como cada A\u00f1o Nuevo en el cierre del concierto de Viena dando las palmas de despedida rigurosa. Por cierto, todas las entradas de ese concierto est\u00e1n ya vendidas para el del 2020.<\/p>\n<p>Por un momento se me hab\u00eda olvidado el mordisco de mi dolor. Hay otros dolores.<\/p>\n","protected":false},"excerpt":{"rendered":"<p>ELVIRA Y JUANJO Estoy esperando que me den hora para que me hagan \u201cun algo\u201d en lo que llaman \u201clumbalgia mec\u00e1nica\u201d o sea la contractura que tengo encima. La tengo en el centro geom\u00e9trico, -entre la cintura y el ri\u00f1\u00f3n derecho, qu\u00e9 dir\u00eda Mat\u00edas Prats el padre, locutor de enormes partidos de futbol que eran [&hellip;]<\/p>\n","protected":false},"author":7,"featured_media":0,"comment_status":"closed","ping_status":"closed","sticky":false,"template":"","format":"standard","meta":[],"categories":[1],"tags":[],"_links":{"self":[{"href":"https:\/\/blogs.lasprovincias.es\/carlospajuelo\/wp-json\/wp\/v2\/posts\/4165"}],"collection":[{"href":"https:\/\/blogs.lasprovincias.es\/carlospajuelo\/wp-json\/wp\/v2\/posts"}],"about":[{"href":"https:\/\/blogs.lasprovincias.es\/carlospajuelo\/wp-json\/wp\/v2\/types\/post"}],"author":[{"embeddable":true,"href":"https:\/\/blogs.lasprovincias.es\/carlospajuelo\/wp-json\/wp\/v2\/users\/7"}],"replies":[{"embeddable":true,"href":"https:\/\/blogs.lasprovincias.es\/carlospajuelo\/wp-json\/wp\/v2\/comments?post=4165"}],"version-history":[{"count":1,"href":"https:\/\/blogs.lasprovincias.es\/carlospajuelo\/wp-json\/wp\/v2\/posts\/4165\/revisions"}],"predecessor-version":[{"id":4166,"href":"https:\/\/blogs.lasprovincias.es\/carlospajuelo\/wp-json\/wp\/v2\/posts\/4165\/revisions\/4166"}],"wp:attachment":[{"href":"https:\/\/blogs.lasprovincias.es\/carlospajuelo\/wp-json\/wp\/v2\/media?parent=4165"}],"wp:term":[{"taxonomy":"category","embeddable":true,"href":"https:\/\/blogs.lasprovincias.es\/carlospajuelo\/wp-json\/wp\/v2\/categories?post=4165"},{"taxonomy":"post_tag","embeddable":true,"href":"https:\/\/blogs.lasprovincias.es\/carlospajuelo\/wp-json\/wp\/v2\/tags?post=4165"}],"curies":[{"name":"wp","href":"https:\/\/api.w.org\/{rel}","templated":true}]}}