{"id":4170,"date":"2019-08-13T17:20:51","date_gmt":"2019-08-13T17:20:51","guid":{"rendered":"https:\/\/blogs.lasprovincias.es\/carlospajuelo\/?p=4170"},"modified":"2019-08-13T17:20:51","modified_gmt":"2019-08-13T17:20:51","slug":"renuncio-al-g7-y-a-tokio","status":"publish","type":"post","link":"https:\/\/blogs.lasprovincias.es\/carlospajuelo\/2019\/08\/13\/renuncio-al-g7-y-a-tokio\/","title":{"rendered":"RENUNCIO AL G7 Y A TOKIO"},"content":{"rendered":"<div dir=\"ltr\"><strong>RENUNCIO AL G7 Y A TOKIO<\/strong><\/div>\n<div dir=\"ltr\"><strong>Antes de entrar en materia acerca del G7 a celebrar este fin de mes en Ir\u00fan renuncio a ir (para lo que las polic\u00edas estatales francesa, la nacional espa\u00f1ola y la vasca han desplegado o van a desplegar m\u00e1s de 1000 agentes- por cierto, algunos podr\u00edan darse una vuelta por una Barcelona que dicen que es muy insegura) y tambi\u00e9n renuncio a ir a las pr\u00f3ximas Olimpiadas de Tokio. No estoy en forma y adem\u00e1s nadie me ha invitado.<\/strong><\/div>\n<div dir=\"ltr\"><strong>\u00a0 Pero no renuncio a la obligaci\u00f3n de dar las gracias a quienes me han hecho llegar el deseo de mejor\u00eda para mi persistente contractura; hay que reconocer que tengo menos fans que Justin Bieber y que no soy nada influencer, pero oiga, algo es algo. As\u00ed que muchas gracias.<\/strong><\/div>\n<div dir=\"ltr\"><strong>Avanzo que no voy a estar en Ir\u00fan y porque ya va el Sr. S\u00e1nchez, como invitado sin voto, al que supongo le dar\u00e1n instrucciones sobre lo que conviene hacer y en cuanto a Tokio no solo es que la contractura me lo impide, es que no soy atleta y apenas s\u00e9 jugar a los bolos, aunque deseo lo mejor a nuestros compatriotas que van a m\u00e1s en esto del deporte ol\u00edmpico. Lo digo con tiempo para animar.<\/strong><\/div>\n<div dir=\"ltr\"><strong>Solo a\u00f1adir\u00e9 que entro en crisis emocional cuando leo las cifras pagadas por unos y otros por ese mercado de gladiadores del balompi\u00e9.<\/strong><\/div>\n<div dir=\"ltr\"><strong>Ahora al releer lo anterior me doy cuenta de que mi malogrado, ya desaparecido, maestro y amigo-pese a la diferencia de edad- Vicent Ventura ten\u00eda raz\u00f3n cuando hablaba de mi tendencia a la dispersi\u00f3n\u2026pero ya es tarde.<\/strong><\/div>\n<div dir=\"ltr\"><strong>Digo que la molestia continua y he tomado medidas que sintetizo a efectos de aconsejar. <\/strong><\/div>\n<div dir=\"ltr\"><strong>De momento he adquirido 2 admin\u00edculos a manera de bastones con manejo desde la empu\u00f1adura que me permiten coger, sin agacharme, papeles, alg\u00fan aparatito que se me cae \u2013 no soy un manitas precisamente- y hasta un puro hoy, que en un descuido por una cabezada post Meridian, se hab\u00eda deslizado de entre mis d\u00e9biles dedos y he sido r\u00e1pido porque estaba encendido.<\/strong><\/div>\n<div dir=\"ltr\">Para quienes sean m\u00e1s j\u00f3venes es interesante recordar que antes, muy antes, exist\u00edan personajes llamados \u201ccolilleros\u201d de entre los c<strong>uales hab\u00eda una \u00e9lite que se hab\u00eda fabricado un bast\u00f3n con una punta en el extremo final y que permit\u00eda hacerse con colillas con la mayor dignidad y recato posible; era un prototipo que anunciaba el progreso actual. <\/strong><\/div>\n<div dir=\"ltr\"><strong>Tengo otro ejemplar en el coche y ahora, antes de escribir esta columna, estaba practicando y he llegado a cierto virtuosismo como es el caso de rascarme un pie con la mayor tranquilidad sin menoscabo de mi columna. <\/strong><\/div>\n<div dir=\"ltr\"><strong>A la vista de los acontecimientos y de la cronolog\u00eda reflejada en el DNI, uno debe saber renunciar a ciertas cosas que siempre hab\u00eda tenido como pendientes. El Nobel por ejemplo o el ser hijo adoptivo de alg\u00fan lugar, sin despreciar a mis padres biol\u00f3gicos.<\/strong><\/div>\n<div dir=\"ltr\"><strong>Pese a que mi amigo Jos\u00e9 Luis ha organizado un potencial Camino de Santiago por la \u201cv\u00eda portuguesa\u201d yo desde aqu\u00ed he renunciado, con dolor, a esa invitaci\u00f3n generosa y ha llegado el momento de la confesi\u00f3n al dar noticia de que tengo una medalla de la Traves\u00eda del Puerto de Valencia a nado\u2026solo que el entonces presidente me la otorg\u00f3 como informador, aunque yo iba en una barca de seguimiento de los esforzados nadadores y nadadoras (tanta monta)<\/strong><\/div>\n<div dir=\"ltr\"><strong>Estoy en v\u00edas de recuperaci\u00f3n, creo.<\/strong><\/div>\n<div dir=\"ltr\"><strong>Me van a \u201ctirar el rayo\u201d a la zona (empleo este concepto porque muchos que ven\u00edan a Valencia para alguna sesi\u00f3n de radiograf\u00edas informaban a sus vecinos que ven\u00edan \u201ccon la xiqueta\u201d a que \u201cle tiraran el rayo\u201d normalmente ven\u00edan las madres\u2026ahora, si pueden, van todos) y me han dado ya alg\u00fan masaje. Pilar, la fisio, lo ha hecho a conciencia y todav\u00eda me duele donde pon\u00eda la mano. \u00bfSer\u00e1 igual eso que llaman masaje tailand\u00e9s y que se anuncia?<\/strong><\/div>\n<div dir=\"ltr\"><strong>Peor estar\u00e1n los guardias civiles de elite las 12 horas de turno cuidando al Sr. presidente del Gobierno y a su familia en Do\u00f1ana. Cuando llegue el oto\u00f1o propondr\u00e9 una recaudaci\u00f3n para comprarle un reloj y as\u00ed no llega tarde a su cita con el Rey que est\u00e1 en Mallorca. Todos pensando. \u00bfEn qu\u00e9 pensar\u00e1n<\/strong><\/div>\n","protected":false},"excerpt":{"rendered":"<p>RENUNCIO AL G7 Y A TOKIO Antes de entrar en materia acerca del G7 a celebrar este fin de mes en Ir\u00fan renuncio a ir (para lo que las polic\u00edas estatales francesa, la nacional espa\u00f1ola y la vasca han desplegado o van a desplegar m\u00e1s de 1000 agentes- por cierto, algunos podr\u00edan darse una vuelta [&hellip;]<\/p>\n","protected":false},"author":7,"featured_media":0,"comment_status":"closed","ping_status":"closed","sticky":false,"template":"","format":"standard","meta":[],"categories":[1],"tags":[],"_links":{"self":[{"href":"https:\/\/blogs.lasprovincias.es\/carlospajuelo\/wp-json\/wp\/v2\/posts\/4170"}],"collection":[{"href":"https:\/\/blogs.lasprovincias.es\/carlospajuelo\/wp-json\/wp\/v2\/posts"}],"about":[{"href":"https:\/\/blogs.lasprovincias.es\/carlospajuelo\/wp-json\/wp\/v2\/types\/post"}],"author":[{"embeddable":true,"href":"https:\/\/blogs.lasprovincias.es\/carlospajuelo\/wp-json\/wp\/v2\/users\/7"}],"replies":[{"embeddable":true,"href":"https:\/\/blogs.lasprovincias.es\/carlospajuelo\/wp-json\/wp\/v2\/comments?post=4170"}],"version-history":[{"count":1,"href":"https:\/\/blogs.lasprovincias.es\/carlospajuelo\/wp-json\/wp\/v2\/posts\/4170\/revisions"}],"predecessor-version":[{"id":4171,"href":"https:\/\/blogs.lasprovincias.es\/carlospajuelo\/wp-json\/wp\/v2\/posts\/4170\/revisions\/4171"}],"wp:attachment":[{"href":"https:\/\/blogs.lasprovincias.es\/carlospajuelo\/wp-json\/wp\/v2\/media?parent=4170"}],"wp:term":[{"taxonomy":"category","embeddable":true,"href":"https:\/\/blogs.lasprovincias.es\/carlospajuelo\/wp-json\/wp\/v2\/categories?post=4170"},{"taxonomy":"post_tag","embeddable":true,"href":"https:\/\/blogs.lasprovincias.es\/carlospajuelo\/wp-json\/wp\/v2\/tags?post=4170"}],"curies":[{"name":"wp","href":"https:\/\/api.w.org\/{rel}","templated":true}]}}