{"id":4173,"date":"2019-08-17T04:37:49","date_gmt":"2019-08-17T04:37:49","guid":{"rendered":"https:\/\/blogs.lasprovincias.es\/carlospajuelo\/?p=4173"},"modified":"2019-08-17T04:37:49","modified_gmt":"2019-08-17T04:37:49","slug":"el-record","status":"publish","type":"post","link":"https:\/\/blogs.lasprovincias.es\/carlospajuelo\/2019\/08\/17\/el-record\/","title":{"rendered":"EL R\u00c9CORD"},"content":{"rendered":"<h1>EL R\u00c8CORD<\/h1>\n<p>En estos d\u00edas en el que media Espa\u00f1a se declara en fiestas parronales o de otro tipo, algunas gentes se dedican a romper r\u00e9cords y a estar presentes en ese libro Guinness que relata las m\u00e1s extra\u00f1as circunstancias por las que una persona o varias realizan todo tipo de experiencias para ser los primeros.<\/p>\n<p>\u00bfPor qu\u00e9 har\u00e1n esto? \u00bfQuieren destacar en algo que luego ser\u00e1 comentado durante a\u00f1os?<\/p>\n<p>De la querida Galicia, un grupo ha repetido su r\u00e9cord de preparar m\u00e1s pulpo que nadie a la brasa y as\u00ed no perder el galard\u00f3n; en otro lugar del mundo un sujeto se lanza desde m\u00e1s de 28 metros a una balsita de 30 cm de profundidad, otro se mete en un recipiente que contiene hielo y dura m\u00e1s horas que nadie dentro. Y no se constipa el t\u00edo.<\/p>\n<p>Antes en Valencia se pod\u00edan ver r\u00e9cords como ver cuantos individuos cab\u00edan en una de las antiguas cabinas telef\u00f3nicas o cuantos pod\u00edan ir en una vespa. Eran m\u00e1s inocentes esas pruebas y es que el personal exig\u00eda poco<\/p>\n<p>En materia de r\u00e9cords locales, creo que sobrepasamos a algunos nacionales y extranjeros. Nosotros, los valencianos, no estamos excesivamente retrasados.<\/p>\n<p>Por ejemplo, algunos r\u00e9cords que me vienen a la memoria, N\u00famero de playas cerradas este a\u00f1o por detecci\u00f3n de restos de aguas fecales hasta hoy, aunque he le\u00eddo que la cosa sigue. Podr\u00eda suceder que ahora se est\u00e9n controlando m\u00e1s o que la inspecci\u00f3n de los vertidos haya ca\u00eddo en picado y alguien diera la voz de alarma y de repente una multitud de inspectores no paran de investigar.<\/p>\n<p>Por cierto, me pregunto si yo me he estado ba\u00f1ando rodeado de detritus invisibles al ojo humano y por eso ahora me encuentro m\u00e1s flojito que antes; pero si es cierto que \u201clo que no mata engorda\u201d, mi sobrepeso es producto de la dejadez sanitaria de los responsables de la cosa salut\u00edfera. Una duda que ni Hamlet despeja.<\/p>\n<p>Otro asunto de r\u00e9cord es el de los asesores en general. Hay una especie de concurso a ver qui\u00e9n tiene m\u00e1s en los diversos escalones de la pol\u00edtica de la Comunidad y eso si que deber\u00eda ser objeto de presentarse al Guinness. Ganamos seguro. Hay m\u00e1s r\u00e9cords. Piensen<\/p>\n","protected":false},"excerpt":{"rendered":"<p>EL R\u00c8CORD En estos d\u00edas en el que media Espa\u00f1a se declara en fiestas parronales o de otro tipo, algunas gentes se dedican a romper r\u00e9cords y a estar presentes en ese libro Guinness que relata las m\u00e1s extra\u00f1as circunstancias por las que una persona o varias realizan todo tipo de experiencias para ser los [&hellip;]<\/p>\n","protected":false},"author":7,"featured_media":0,"comment_status":"closed","ping_status":"closed","sticky":false,"template":"","format":"standard","meta":[],"categories":[1],"tags":[],"_links":{"self":[{"href":"https:\/\/blogs.lasprovincias.es\/carlospajuelo\/wp-json\/wp\/v2\/posts\/4173"}],"collection":[{"href":"https:\/\/blogs.lasprovincias.es\/carlospajuelo\/wp-json\/wp\/v2\/posts"}],"about":[{"href":"https:\/\/blogs.lasprovincias.es\/carlospajuelo\/wp-json\/wp\/v2\/types\/post"}],"author":[{"embeddable":true,"href":"https:\/\/blogs.lasprovincias.es\/carlospajuelo\/wp-json\/wp\/v2\/users\/7"}],"replies":[{"embeddable":true,"href":"https:\/\/blogs.lasprovincias.es\/carlospajuelo\/wp-json\/wp\/v2\/comments?post=4173"}],"version-history":[{"count":2,"href":"https:\/\/blogs.lasprovincias.es\/carlospajuelo\/wp-json\/wp\/v2\/posts\/4173\/revisions"}],"predecessor-version":[{"id":4175,"href":"https:\/\/blogs.lasprovincias.es\/carlospajuelo\/wp-json\/wp\/v2\/posts\/4173\/revisions\/4175"}],"wp:attachment":[{"href":"https:\/\/blogs.lasprovincias.es\/carlospajuelo\/wp-json\/wp\/v2\/media?parent=4173"}],"wp:term":[{"taxonomy":"category","embeddable":true,"href":"https:\/\/blogs.lasprovincias.es\/carlospajuelo\/wp-json\/wp\/v2\/categories?post=4173"},{"taxonomy":"post_tag","embeddable":true,"href":"https:\/\/blogs.lasprovincias.es\/carlospajuelo\/wp-json\/wp\/v2\/tags?post=4173"}],"curies":[{"name":"wp","href":"https:\/\/api.w.org\/{rel}","templated":true}]}}