{"id":4176,"date":"2019-08-19T06:06:34","date_gmt":"2019-08-19T06:06:34","guid":{"rendered":"https:\/\/blogs.lasprovincias.es\/carlospajuelo\/?p=4176"},"modified":"2019-08-19T06:06:34","modified_gmt":"2019-08-19T06:06:34","slug":"martinaadolfo-y-jose-maria","status":"publish","type":"post","link":"https:\/\/blogs.lasprovincias.es\/carlospajuelo\/2019\/08\/19\/martinaadolfo-y-jose-maria\/","title":{"rendered":"MARTINA,ADOLFO Y JOS\u00c9 MAR\u00cdA"},"content":{"rendered":"<div dir=\"ltr\">MARTINA, ADOLFO Y JOS\u00c9 MAR\u00cdA<\/div>\n<div dir=\"ltr\">Una escena de la vida misma<\/div>\n<div dir=\"ltr\">Yo ya s\u00e9 que el asunto entre USA y China est\u00e1 trayendo cola econ\u00f3mica y las bolsas sacan los colores al que m\u00e1s\u00a0 tiene que perder, un color que cambia, como el arco iris cuando llueve, seg\u00fan vaya la tabla del llamado IBEX. No es mi caso.<\/div>\n<div dir=\"ltr\">Despu\u00e9s viene el BREXIT que parece que pondr\u00e1 en solfa muchos negocios , aunque siempre nos quedar\u00e1 el INSERSO, si es que quedan\u00a0 viejos- llamados ahora, por ser m\u00e1s modernos tercera edad- para hacernos viajar\u2026y luego est\u00e1 el calor que dicen que este a\u00f1o es m\u00e1s fuerte que otros a\u00f1os.<\/div>\n<div dir=\"ltr\">Yo creo que siempre ha hecho calor en verano, pero ya se sabe que las estad\u00edsticas son una materia maleable e interpretable. Ah\u00ed est\u00e1 el CIS una mezcla estad\u00edstica en crisis, por poner un ejemplo.<\/div>\n<div dir=\"ltr\">\u00bfEntonces?<\/div>\n<div dir=\"ltr\">No. Nada, que hoy me dedico a lo m\u00e1s inmediato y como se\u00f1alaba siempre el maestro de `periodistas Kapusicinski me quiero dedicar a lo inmediato, al menos hoy; se\u00f1alaba el maestro que el periodista debe &#8220;estar, ver, o\u00edr compartir y pensar&#8221;. Y eso he hecho.<\/div>\n<div dir=\"ltr\">Estaba yo en posici\u00f3n c\u00f3moda en la orilla de la playa, rodeado de unas 5.000 personas o m\u00e1s &#8211; como en un crucero de esos que te llevan a trav\u00e9s del mismo mar que ten\u00eda enfrente y que te llevan a machamartillo para ver ruinas, rom\u00e1nico, g\u00f3tico si est\u00e1 a mano etc.- cuando Martina, la abuela de uno de los personajes de titular, o\u00eda como su nieto le dec\u00eda:&#8221;abuel\u00ed&#8221; me voy con los pap\u00e1s a ver unas monta\u00f1as muy altas, cerca de Francia.<\/div>\n<div dir=\"ltr\">\u00bfLos Pirineos?<\/div>\n<div dir=\"ltr\">Si, contest\u00f3 Adolfito, al que yo llamo Adolfo para que no se le quede el nombre as\u00ed para toda la vida, aunque el tipo tenga barba cana y pelos en salva sea la parte-<\/div>\n<div dir=\"ltr\">! Que bien, sigui\u00f3 Martina! Te escribir\u00e9 una carta.<\/div>\n<div dir=\"ltr\">\u00bfUna carta?- \u00bfQu\u00e9 es eso? Y entonces se inici\u00f3 una larga conversaci\u00f3n salpicada de preguntas y respuestas en las que se adivinaba que &#8220;la abueli&#8221; disfrutaba.<\/div>\n<div dir=\"ltr\">Yo estaba ah\u00ed, ve\u00eda la cara de ilusi\u00f3n de Martina explicando, los ojos de Adolfo brillaban de inter\u00e9s y no prestaba atenci\u00f3n al siempre presente mando de algo que suele llevar en su mano (alg\u00fan d\u00eda se sabr\u00e1 que los dedos de los j\u00f3venes han incrementado su longitud y fortaleza y creer\u00e1n que las lechugas salen del aparato apretando un bot\u00f3n).<\/div>\n<div dir=\"ltr\">Yo compart\u00eda la explicaci\u00f3n de lo que es un sello, donde se compra y que significa la palabra franquear (espero que no me llamen fascista por escribir esta palabra; no me importa porque como no tengo calle alguna a mi nombre no me la pueden cambiar) y como hay que ir a un sitio que llaman Correos y all\u00ed dejar la carta y entonces esa carta llegar\u00e1 pronto-creo-a manos de su destinatario.<\/div>\n<div dir=\"ltr\">Era un milagro todo el proceso y entonces llamo a mi amigo Jos\u00e9 Mar\u00eda y se lo cuento y h\u00e9teme aqu\u00ed que a \u00e9l le ha pasado lo mismo con una nieta suya ya a punto de entrar en la Universidad y esto me hace pensar que estamos castrando a nuestros hijos y nietos dejando atr\u00e1s costumbres como escribir, o\u00edr a sus abuelos, etc.-<\/div>\n<div dir=\"ltr\">Por cierto hay muchas formas de castrar y se va imponiendo una respuesta.<\/div>\n<div dir=\"ltr\">Familias, colegios, medios de comunicaci\u00f3n deber\u00edamos esforzarnos m\u00e1s en recuperar algunas tradiciones. Escribir y leer es una de ellas. ! Que cada uno piense en la que conviene. l Es la lectura en voz alta por la noche mientras los ni\u00f1os se duermen, por ejemplo. No todos tienen la suerte de tener &#8220;una abueli&#8221; capaz de explicar lo\u00a0 que es una carta.<\/div>\n<div dir=\"ltr\">Por cierto he acompa\u00f1ado a Martina a tirar la carta y ahora espero la reacci\u00f3n de Adolfo.<\/div>\n<div dir=\"ltr\">En ese juego m\u00edo de atender a las ideas que se me cruzan, cuando oigo o escribo una palabra, la de &#8220;castrar&#8221; me ha llevado ,de repente a Farinelli, el Castrato que cantaba tras las cortinas de la habitaci\u00f3n real de Felipe V hasta que se dorm\u00eda y es el momento de recomendarles que lean el librito\u00a0 \u00a0 de Andre\u00e9 Corbiau que se llama &#8220;\u2022Farinelli . El Castrato&#8221; del que se hizo una pel\u00edcula de gran inter\u00e9s. Solo un dato por si no quieren comprar el libro, no lo encuentran etc.: en el siglo XVIII en Italia, N\u00e1poles, eran miles los ni\u00f1os que eran castrados buscando una voz angelical y de paso, supongo intentar sacar\u00a0 familia de la semimiseria.<\/div>\n<div dir=\"ltr\">Pensaba que un periodista no solo cuenta agresiones, conflictos, violencias de g\u00e9nero.<\/div>\n<div dir=\"ltr\">Por otra parte tampoco esto no es\u00a0 como un pulpito de los antiguos donde se demonizan las tecnolog\u00edas. Es una historia<\/div>\n<div dir=\"ltr\">peque\u00f1a que he tenido el privilegio de conocer. Hasta ma\u00f1ana o pasado. ! Qui\u00e9n sabe!<\/div>\n","protected":false},"excerpt":{"rendered":"<p>MARTINA, ADOLFO Y JOS\u00c9 MAR\u00cdA Una escena de la vida misma Yo ya s\u00e9 que el asunto entre USA y China est\u00e1 trayendo cola econ\u00f3mica y las bolsas sacan los colores al que m\u00e1s\u00a0 tiene que perder, un color que cambia, como el arco iris cuando llueve, seg\u00fan vaya la tabla del llamado IBEX. No [&hellip;]<\/p>\n","protected":false},"author":7,"featured_media":0,"comment_status":"closed","ping_status":"closed","sticky":false,"template":"","format":"standard","meta":[],"categories":[1],"tags":[],"_links":{"self":[{"href":"https:\/\/blogs.lasprovincias.es\/carlospajuelo\/wp-json\/wp\/v2\/posts\/4176"}],"collection":[{"href":"https:\/\/blogs.lasprovincias.es\/carlospajuelo\/wp-json\/wp\/v2\/posts"}],"about":[{"href":"https:\/\/blogs.lasprovincias.es\/carlospajuelo\/wp-json\/wp\/v2\/types\/post"}],"author":[{"embeddable":true,"href":"https:\/\/blogs.lasprovincias.es\/carlospajuelo\/wp-json\/wp\/v2\/users\/7"}],"replies":[{"embeddable":true,"href":"https:\/\/blogs.lasprovincias.es\/carlospajuelo\/wp-json\/wp\/v2\/comments?post=4176"}],"version-history":[{"count":2,"href":"https:\/\/blogs.lasprovincias.es\/carlospajuelo\/wp-json\/wp\/v2\/posts\/4176\/revisions"}],"predecessor-version":[{"id":4178,"href":"https:\/\/blogs.lasprovincias.es\/carlospajuelo\/wp-json\/wp\/v2\/posts\/4176\/revisions\/4178"}],"wp:attachment":[{"href":"https:\/\/blogs.lasprovincias.es\/carlospajuelo\/wp-json\/wp\/v2\/media?parent=4176"}],"wp:term":[{"taxonomy":"category","embeddable":true,"href":"https:\/\/blogs.lasprovincias.es\/carlospajuelo\/wp-json\/wp\/v2\/categories?post=4176"},{"taxonomy":"post_tag","embeddable":true,"href":"https:\/\/blogs.lasprovincias.es\/carlospajuelo\/wp-json\/wp\/v2\/tags?post=4176"}],"curies":[{"name":"wp","href":"https:\/\/api.w.org\/{rel}","templated":true}]}}