{"id":4180,"date":"2019-08-23T13:43:32","date_gmt":"2019-08-23T13:43:32","guid":{"rendered":"https:\/\/blogs.lasprovincias.es\/carlospajuelo\/?p=4180"},"modified":"2019-08-23T13:43:32","modified_gmt":"2019-08-23T13:43:32","slug":"sueno-en-las-marismillas","status":"publish","type":"post","link":"https:\/\/blogs.lasprovincias.es\/carlospajuelo\/2019\/08\/23\/sueno-en-las-marismillas\/","title":{"rendered":"SUE\u00d1O EN LAS MARISMILLAS"},"content":{"rendered":"<p>&nbsp;<\/p>\n<p>SUE\u00d1O EN LAS MARISMILLAS<\/p>\n<p>Si yo fuera Presidente confieso que me habr\u00eda dado una vuelta, con estancia incluida, por ese palacio. Una oportunidad de pisar, lavarse , usar el mismo inodoro y \u201cpapear\u201d a cuerpo de Rey en el Palacio que ha sido usado como residencia temporal- vacacional por los respectivos\u00a0<a href=\"https:\/\/es.wikipedia.org\/wiki\/Presidente_del_Gobierno_de_Espa%C3%B1a\" rel=\"external nofollow\">presidentes del gobierno espa\u00f1ol<\/a>,\u00a0<a href=\"https:\/\/es.wikipedia.org\/wiki\/Felipe_Gonz%C3%A1lez\" rel=\"external nofollow\">Felipe Gonz\u00e1lez<\/a>,\u00a0<a href=\"https:\/\/es.wikipedia.org\/wiki\/Jos%C3%A9_Mar%C3%ADa_Aznar\" rel=\"external nofollow\">Jos\u00e9 Mar\u00eda Aznar<\/a>,\u00a0<a href=\"https:\/\/es.wikipedia.org\/wiki\/Jos%C3%A9_Luis_Rodr%C3%ADguez_Zapatero\" rel=\"external nofollow\">Jos\u00e9 Luis Rodr\u00edguez Zapatero<\/a>,\u00a0<a href=\"https:\/\/es.wikipedia.org\/wiki\/Mariano_Rajoy\" rel=\"external nofollow\">Mariano Rajoy<\/a>\u00a0y\u00a0<a href=\"https:\/\/es.wikipedia.org\/wiki\/Pedro_S%C3%A1nchez\" rel=\"external nofollow\">Pedro S\u00e1nchez<\/a>\u00a0como residencia vacacional. Tambi\u00e9n ha sido residencia temporal de invitados pol\u00edticos extranjeros como\u00a0<a href=\"https:\/\/es.wikipedia.org\/wiki\/Tony_Blair\" rel=\"external nofollow\">Tony Blair<\/a>,\u00a0<a href=\"https:\/\/es.wikipedia.org\/wiki\/Helmut_Kohl\" rel=\"external nofollow\">Helmut Kohl<\/a>,\u00a0<a href=\"https:\/\/es.wikipedia.org\/wiki\/Angela_Merkel\" rel=\"external nofollow\">Angela Merkel<\/a>\u00a0y el rey\u00a0<a href=\"https:\/\/es.wikipedia.org\/wiki\/Balduino_de_B%C3%A9lgica\" rel=\"external nofollow\">Balduino de B\u00e9lgica<\/a>\u00a0con su esposa\u00a0<a href=\"https:\/\/es.wikipedia.org\/wiki\/Fabiola_Mora_y_Arag%C3%B3n\" rel=\"external nofollow\">Fabiola<\/a>,\u00a0as\u00ed como de otros personajes pol\u00edticos y de representantes de las casas reales europeas.<sup><a href=\"https:\/\/es.wikipedia.org\/wiki\/Palacio_de_las_Marismillas#cite_note-4\" rel=\"external nofollow\">.<\/a><\/sup><\/p>\n<p><sup>\u00a0<\/sup>Privilegio que cuesta m\u00e1s de 500 mil euros anuales, pero ya se sabe que \u201cper la mar va qui paga\u201d. Esto no es de ahora mismo y por tanto no hay que tirar a matar al pendiente de investidura, no. Ya lo investir\u00e1n y si el destino le da la espalda que \u201cme quiten lo bailao\u201d,<\/p>\n<p><strong><em>El disfrute del Coto de Do\u00f1a Ana se remonta al reinado de\u00a0<a href=\"https:\/\/es.wikipedia.org\/wiki\/Alfonso_XI_de_Castilla\" rel=\"external nofollow\">Alfonso XI de Castilla<\/a><\/em><\/strong><strong><em>, cuando convirti\u00f3 estas tierras, propiedad de los\u00a0<a href=\"https:\/\/es.wikipedia.org\/wiki\/Ducado_de_Medina_Sidonia\" rel=\"external nofollow\">duques de Medina Sidonia<\/a><\/em><\/strong><strong><em>, en uno de sus cazaderos preferidos <\/em><\/strong><\/p>\n<p><strong>Pero mi columna para este digital no juega el rol de la prensa rosa y no trata del goce \u00edntimo de la pareja y, supongo sus hijas, y alg\u00fan invitado \u2013 que digo yo que ya que est\u00e1s te haces traer a alguien de la familia, mayormente de la mujer o a alg\u00fan allegado \u00bfNo? Somos humanos y S\u00e1nchez m\u00e1s, dicen.<\/strong><\/p>\n<p><strong>Veamos. \u00bfSi no es por eso porque habla usted del Palacio y de un sue\u00f1o en \u00e9l?<\/strong><\/p>\n<p><strong>Me ha dado a mi por pensar, por inventar, que pese a que los colchones deben ser \u201cfirst class\u201d para nuestro \u201cno investido presidente, alguna cosa le quita el sue\u00f1o o se le aparece en sue\u00f1os; entonces imagino que sue\u00f1a con que su asesor Iv\u00e1n o su Vicepresidenta que le llaman y le hablan del Open y \u00e9l, en pleno sue\u00f1o, cree que se trata de un torneo de tenis de precalentamiento entre presidentes por el asunto del G7 en Biarritz. No. No era eso. <\/strong><\/p>\n<p><strong>Le aclaran que es por la cosa de los inmigrantes que est\u00e1n all\u00ed, frente a Italia y que hay un l\u00edo con ese barco que no tiene licencia para pescar hombres. \u00bfQu\u00e9 hacen?<\/strong><\/p>\n<p><strong>Y se despierta con una leche de mayor calado y despreciando las normales caranto\u00f1as y arrumacos que una primera dama \u201cin pectore\u201d debe dar al figura, se va al despacho en bat\u00edn de verano, color rojo deste\u00f1ido, y llama a \u201ctodo Dios\u201d o sea a Redondo y a Calvo y a Robles Do\u00f1a Margarita, al efecto Ministra de Defensa, al tiempo que piensa. \u201cEstos me han jodido el d\u00eda; se van a enterar\u201d.<\/strong><\/p>\n<p><strong>A mi Salvini me la suda- el lenguaje popular es tambi\u00e9n patrimonio de los Jefes de Estado, cuando est\u00e1n en estado de cabreo post madrugada.<\/strong><\/p>\n<p><strong>\u00a1Vamos! \u00a1a por ellos! \u2013 piensa en el \u201ca por ellos\u201d cl\u00e1sico de los partidos transcendentales de la Roja, de la Selecci\u00f3n. Se entusiasma,<\/strong><\/p>\n<p><strong>Para no hacer el sue\u00f1o m\u00e1s largo y para que, de paso, no les entre sue\u00f1o a los lectores, el asunto es que la nave supernueva AUDAZ navega hacia Lampedusa o por all\u00ed cerca, con un mill\u00f3n de pavos del ala de coste + dietas y 62 tripulantes a ver qu\u00e9 pasa. La Armada cumple \u00f3rdenes<\/strong><\/p>\n<p><strong>\u00bfQu\u00e9 har\u00e1n all\u00ed? Ni idea. El fiscal de turno italiano se ha adelantado en la jugada y los tripulantes del \u201cOpen Arms\u201d, inmigrantes y barco est\u00e1n bajo la Ley italiana. <\/strong><\/p>\n<p><strong>\u00bfEntonces? Ya se ver\u00e1.<\/strong><\/p>\n<p><strong>Los voceros de turno ya est\u00e1n elaborando teor\u00edas de la conspiraci\u00f3n y no me extra\u00f1a que se diga que los inmigrantes son \u201ccarne\u201d de Vox y que Echenique hable de coalici\u00f3n e injusticia afirmando de paso que Arag\u00f3n no es una nacionalidad hist\u00f3rica. Un fen\u00f3meno este argentino venido a m\u00e1s por la v\u00eda de la jota.<\/strong><\/p>\n<p><strong>Los chulos de Madrid exclamar\u00e1n: \u201cNos ha jodido Mayo con tanta flor\u201d<\/strong><\/p>\n<p><strong>S\u00e1nchez se ha ido de Las Marismillas, de momento, y se ha asegurado que todav\u00eda pod\u00eda reunirse en La Moncloa. Dicen que ha \u201cFalconeado\u201d. Oye, normal. No se van a ir andando por la noche en plan furtivos, o en coche, o en tren como todo el mundo.<\/strong><\/p>\n<p><strong>Vale. Pero que me dicen ustedes del Boeing monstruo que se ha tra\u00eddo al helic\u00f3ptero del Sr. Trump, el potencial comprador de Groenlandia. Recuerdo las cr\u00edticas del presidente americano al vino franc\u00e9s y me pregunto que vino le servir\u00e1n en Biarritz. Como es muy suyo, dicen, a lo mejor se ha tra\u00eddo su reserva, uno del Valle de Napa\u2026aunque uno de Rueda- es que mi abuela era de all\u00ed- tampoco es manco y est\u00e1 m\u00e1s cerca.<\/strong><\/p>\n<p><strong>Todo esto da el cante y yo creo que las 917 palabras de la columna me han dejado satisfecho. Seguir\u00e9 informando de o\u00eddas, como todos, claro est\u00e1. Bon jour<\/strong><\/p>\n","protected":false},"excerpt":{"rendered":"<p>&nbsp; SUE\u00d1O EN LAS MARISMILLAS Si yo fuera Presidente confieso que me habr\u00eda dado una vuelta, con estancia incluida, por ese palacio. Una oportunidad de pisar, lavarse , usar el mismo inodoro y \u201cpapear\u201d a cuerpo de Rey en el Palacio que ha sido usado como residencia temporal- vacacional por los respectivos\u00a0presidentes del gobierno espa\u00f1ol,\u00a0Felipe [&hellip;]<\/p>\n","protected":false},"author":7,"featured_media":0,"comment_status":"closed","ping_status":"closed","sticky":false,"template":"","format":"standard","meta":[],"categories":[1],"tags":[],"_links":{"self":[{"href":"https:\/\/blogs.lasprovincias.es\/carlospajuelo\/wp-json\/wp\/v2\/posts\/4180"}],"collection":[{"href":"https:\/\/blogs.lasprovincias.es\/carlospajuelo\/wp-json\/wp\/v2\/posts"}],"about":[{"href":"https:\/\/blogs.lasprovincias.es\/carlospajuelo\/wp-json\/wp\/v2\/types\/post"}],"author":[{"embeddable":true,"href":"https:\/\/blogs.lasprovincias.es\/carlospajuelo\/wp-json\/wp\/v2\/users\/7"}],"replies":[{"embeddable":true,"href":"https:\/\/blogs.lasprovincias.es\/carlospajuelo\/wp-json\/wp\/v2\/comments?post=4180"}],"version-history":[{"count":1,"href":"https:\/\/blogs.lasprovincias.es\/carlospajuelo\/wp-json\/wp\/v2\/posts\/4180\/revisions"}],"predecessor-version":[{"id":4181,"href":"https:\/\/blogs.lasprovincias.es\/carlospajuelo\/wp-json\/wp\/v2\/posts\/4180\/revisions\/4181"}],"wp:attachment":[{"href":"https:\/\/blogs.lasprovincias.es\/carlospajuelo\/wp-json\/wp\/v2\/media?parent=4180"}],"wp:term":[{"taxonomy":"category","embeddable":true,"href":"https:\/\/blogs.lasprovincias.es\/carlospajuelo\/wp-json\/wp\/v2\/categories?post=4180"},{"taxonomy":"post_tag","embeddable":true,"href":"https:\/\/blogs.lasprovincias.es\/carlospajuelo\/wp-json\/wp\/v2\/tags?post=4180"}],"curies":[{"name":"wp","href":"https:\/\/api.w.org\/{rel}","templated":true}]}}