{"id":4185,"date":"2019-08-27T18:04:29","date_gmt":"2019-08-27T18:04:29","guid":{"rendered":"https:\/\/blogs.lasprovincias.es\/carlospajuelo\/?p=4185"},"modified":"2019-08-27T18:04:29","modified_gmt":"2019-08-27T18:04:29","slug":"gentes-que-necesitancon-urgenciavolver-a-la-esculea","status":"publish","type":"post","link":"https:\/\/blogs.lasprovincias.es\/carlospajuelo\/2019\/08\/27\/gentes-que-necesitancon-urgenciavolver-a-la-esculea\/","title":{"rendered":"GENTES QUE NECESITAN,CON URGENCIA,VOLVER A LA ESCULEA"},"content":{"rendered":"<p><strong><\/strong><\/p>\n<p>GENTES QUE NECESITAN, CON URGENCIA, VOLVER A LA ESCUELA.<\/p>\n<p>Pese a que el miembro del secretariado de la ANC (Asamblea nacional catalana), el miserable Jes\u00fas i Prades, escribe (no sirve el que lo haya borrado de inmediato del twiter, porque al escribir lo que sigue evidencia la mala fe y hasta dir\u00eda el odio que suscitamos los espa\u00f1oles en algunos miembros de la esplendida sociedad catalana).El miserable escribi\u00f3: &#8220;CONTAMINANDO EL ECOSISTEMA. ESPERO QUE NINGUNA ESPECIE MARINA HAYA SUFRIDO.&#8221;<\/p>\n<p>SIN COMENTARIOS.<\/p>\n<p>Una sociedad que no se merece a estos individuos que no se merece a estos sujetos -, escribo y digo miserable porque no quiero dejarme arrastrar por la indignaci\u00f3n, que puede poner en mi boca y en esta columna lo que realmente pienso del que una vez enterado del accidente en la Manga del mar Menor que ha costado la vida del comandante, el piloto, D .Francisco Marin (Presente como dec\u00edamos algunos cuando nos pasaban lista en el colegio o en el Ejercito), un piloto embajador de todos nosotros pintando la bandera en el cielo.<\/p>\n<p>Ahora algunos dir\u00e1n que soy un fascista por escribir y decir esto. Me da igual. S\u00e9 que no soy.<\/p>\n<p>El miserable debe volver a ser reeducado. Se puede ser independentista, republicano, antimilitarista, anti sistema y ante lo que sea, pero burlarse de la muerte de un semejante, de su familia, de sus hijos es sembrar odio de forma deliberada.<\/p>\n<p>A este individuo habr\u00eda que a\u00f1adir al Sr. Bolsonaro- Presidente desde hace poco del generoso, abierto y enorme pa\u00eds que es el Brasil. Se dice que ha &#8220;jugado&#8221; a la broma grosera y f\u00e1cil de esos mensajes cortitos que se esconden en las redes sociales. Se ha metido con el Sr. Macron, presidente de nuestra vecina Francia, por el hecho de la diferencia de edad entre su esposa y \u00e9l, presumiendo de lo contrario, en su caso.<\/p>\n<p>Enamorado de su profesora ha llegado al altar con ella. Un gesto, una actitud y una conducta magnifica, si as\u00ed lo han querido los dos.<\/p>\n<p>\u00bfQui\u00e9n no ha estado enamorado de alguna de sus profesoras? Empiezo yo. Yo lo estaba de mi profesora de lat\u00edn\u2026de ah\u00ed, por cierto, que no haya pasado del ite missa est.<\/p>\n<p>Confieso aqu\u00ed sin rubor que era una morena Julio Romero de Torres , que tengo que ir a ver la exposici\u00f3n en el centro Cultural de Bankia que ahora exhibe trabajos del pintor.<\/p>\n<p>Una pena que, a veces, el mensaje, la formaci\u00f3n recibida se diluya como al arena entre las manos de miserables como el que he citado aqu\u00ed hoy. Un pena.<\/p>\n<p>De momento no he le\u00eddo nada que condene &#8220;el escritito de los hue&#8230;&#8221;. ! Que cosas!<\/p>\n","protected":false},"excerpt":{"rendered":"<p>GENTES QUE NECESITAN, CON URGENCIA, VOLVER A LA ESCUELA. Pese a que el miembro del secretariado de la ANC (Asamblea nacional catalana), el miserable Jes\u00fas i Prades, escribe (no sirve el que lo haya borrado de inmediato del twiter, porque al escribir lo que sigue evidencia la mala fe y hasta dir\u00eda el odio que [&hellip;]<\/p>\n","protected":false},"author":7,"featured_media":0,"comment_status":"closed","ping_status":"closed","sticky":false,"template":"","format":"standard","meta":[],"categories":[1],"tags":[],"_links":{"self":[{"href":"https:\/\/blogs.lasprovincias.es\/carlospajuelo\/wp-json\/wp\/v2\/posts\/4185"}],"collection":[{"href":"https:\/\/blogs.lasprovincias.es\/carlospajuelo\/wp-json\/wp\/v2\/posts"}],"about":[{"href":"https:\/\/blogs.lasprovincias.es\/carlospajuelo\/wp-json\/wp\/v2\/types\/post"}],"author":[{"embeddable":true,"href":"https:\/\/blogs.lasprovincias.es\/carlospajuelo\/wp-json\/wp\/v2\/users\/7"}],"replies":[{"embeddable":true,"href":"https:\/\/blogs.lasprovincias.es\/carlospajuelo\/wp-json\/wp\/v2\/comments?post=4185"}],"version-history":[{"count":1,"href":"https:\/\/blogs.lasprovincias.es\/carlospajuelo\/wp-json\/wp\/v2\/posts\/4185\/revisions"}],"predecessor-version":[{"id":4186,"href":"https:\/\/blogs.lasprovincias.es\/carlospajuelo\/wp-json\/wp\/v2\/posts\/4185\/revisions\/4186"}],"wp:attachment":[{"href":"https:\/\/blogs.lasprovincias.es\/carlospajuelo\/wp-json\/wp\/v2\/media?parent=4185"}],"wp:term":[{"taxonomy":"category","embeddable":true,"href":"https:\/\/blogs.lasprovincias.es\/carlospajuelo\/wp-json\/wp\/v2\/categories?post=4185"},{"taxonomy":"post_tag","embeddable":true,"href":"https:\/\/blogs.lasprovincias.es\/carlospajuelo\/wp-json\/wp\/v2\/tags?post=4185"}],"curies":[{"name":"wp","href":"https:\/\/api.w.org\/{rel}","templated":true}]}}