{"id":4190,"date":"2019-08-31T03:23:30","date_gmt":"2019-08-31T03:23:30","guid":{"rendered":"https:\/\/blogs.lasprovincias.es\/carlospajuelo\/?p=4190"},"modified":"2019-08-31T03:23:30","modified_gmt":"2019-08-31T03:23:30","slug":"hermanos-rivera-y-casado","status":"publish","type":"post","link":"https:\/\/blogs.lasprovincias.es\/carlospajuelo\/2019\/08\/31\/hermanos-rivera-y-casado\/","title":{"rendered":"HERMANOS RIVERA Y CASADO"},"content":{"rendered":"<div dir=\"ltr\">HERMANOS RIVERA Y CASADO (papel y digital)<\/div>\n<div dir=\"ltr\">Se ve que los protagonistas no se entienden. Son antagonistas. Me refiero a los del titular y a los del intento de coalici\u00f3n que no cristaliza de momento. Unos no terminan de SUMAR y otros en vez de coalicionar, colisionan.<\/div>\n<div dir=\"ltr\">\u00bfPor qu\u00e9 ser\u00e1? \u00bfSe casan o no se casan de una vez? \u00a1Que emoci\u00f3n o que tortura administrativolegal!<\/div>\n<div dir=\"ltr\">Los cuatro magn\u00edficos: S\u00e1nchez, Iglesias, Casado y Rivera y de postre el invitado de semi piedra, Abascal\u00a0 en una pi\u00f1a,<\/div>\n<div dir=\"ltr\">Todos nos est\u00e1n sodomizando durante meses y cientos o miles de proyectos est\u00e1n en el aire con la coartada de la investidura.\u00a0 Y eso que son hermanos de ideolog\u00eda pol\u00edtica unos y otros. Tienen en com\u00fan \u201cun algo\u201d. Todos sin excepci\u00f3n hablan de Espa\u00f1a y de los espa\u00f1oles. Somos propiedad privada de ellos y no conviene olvidarlo. \u00bfSufren por nosotros? \u00bfLloran por los rincones del Congreso buscando nuestra redenci\u00f3n?<\/div>\n<div dir=\"ltr\">Tras denodadas y est\u00e9riles luchas parlamentarias, los medios nos dicen que se han ido de vacaciones pagadas.<\/div>\n<div dir=\"ltr\">Dicen que han pensado. Casado se deja unos d\u00edas una barba y se da cuenta que se parece a Alberto Garz\u00f3n, el que dicen que es el l\u00edder de Izquierda Unida o el asesino del Partido Comunista seg\u00fan los viejos militantes, cuyos huesos crujen en el osario com\u00fan del Valle, del que no terminan de sacar al otrora Caudillo de las Espa\u00f1as.<\/div>\n<div dir=\"ltr\">Succionado por el revolucionario del chalet, una \u201cdacha\u201d custodiada por los hijos hist\u00f3ricos del Duque de Ahumada a tanto la hora, aunque sean extras.\u00a0 Pablo se relaja al Sol.<\/div>\n<div dir=\"ltr\">Rivera se recupera de si mismo y construye la coartada oto\u00f1al, mientras se arrulla bajo la melod\u00eda de Malu.<\/div>\n<div dir=\"ltr\">Verano todav\u00eda queda y la tormenta, a la que han llamado falsamente \u201cgota fr\u00eda\u201d los no expertos en la f\u00edsica del tiempo, ha pasado.<\/div>\n<div dir=\"ltr\">Carmen Calvo se desga\u00f1ita argumentando extra\u00f1as teor\u00edas program\u00e1ticas e inventando estrategias para justificar el rumbo de la \u201cAudaz\u201d. Una salida que ni siquiera la Armada, dicen, ha anotado en su bit\u00e1cora planetaria de ubicaci\u00f3n de nuestros barcos de guerra.<\/div>\n<div dir=\"ltr\">Gila hubiera hecho su Agosto.\u00a0 Esto es un teatro de marionetas. Nos alegramos de que el em\u00e9rito Rey, que es persona tambi\u00e9n para los republicanos y liberales, est\u00e9 mejor-. Seguiremos<\/div>\n","protected":false},"excerpt":{"rendered":"<p>HERMANOS RIVERA Y CASADO (papel y digital) Se ve que los protagonistas no se entienden. Son antagonistas. Me refiero a los del titular y a los del intento de coalici\u00f3n que no cristaliza de momento. Unos no terminan de SUMAR y otros en vez de coalicionar, colisionan. \u00bfPor qu\u00e9 ser\u00e1? \u00bfSe casan o no se [&hellip;]<\/p>\n","protected":false},"author":7,"featured_media":0,"comment_status":"closed","ping_status":"closed","sticky":false,"template":"","format":"standard","meta":[],"categories":[1],"tags":[],"_links":{"self":[{"href":"https:\/\/blogs.lasprovincias.es\/carlospajuelo\/wp-json\/wp\/v2\/posts\/4190"}],"collection":[{"href":"https:\/\/blogs.lasprovincias.es\/carlospajuelo\/wp-json\/wp\/v2\/posts"}],"about":[{"href":"https:\/\/blogs.lasprovincias.es\/carlospajuelo\/wp-json\/wp\/v2\/types\/post"}],"author":[{"embeddable":true,"href":"https:\/\/blogs.lasprovincias.es\/carlospajuelo\/wp-json\/wp\/v2\/users\/7"}],"replies":[{"embeddable":true,"href":"https:\/\/blogs.lasprovincias.es\/carlospajuelo\/wp-json\/wp\/v2\/comments?post=4190"}],"version-history":[{"count":1,"href":"https:\/\/blogs.lasprovincias.es\/carlospajuelo\/wp-json\/wp\/v2\/posts\/4190\/revisions"}],"predecessor-version":[{"id":4191,"href":"https:\/\/blogs.lasprovincias.es\/carlospajuelo\/wp-json\/wp\/v2\/posts\/4190\/revisions\/4191"}],"wp:attachment":[{"href":"https:\/\/blogs.lasprovincias.es\/carlospajuelo\/wp-json\/wp\/v2\/media?parent=4190"}],"wp:term":[{"taxonomy":"category","embeddable":true,"href":"https:\/\/blogs.lasprovincias.es\/carlospajuelo\/wp-json\/wp\/v2\/categories?post=4190"},{"taxonomy":"post_tag","embeddable":true,"href":"https:\/\/blogs.lasprovincias.es\/carlospajuelo\/wp-json\/wp\/v2\/tags?post=4190"}],"curies":[{"name":"wp","href":"https:\/\/api.w.org\/{rel}","templated":true}]}}