{"id":4209,"date":"2019-09-20T07:08:09","date_gmt":"2019-09-20T07:08:09","guid":{"rendered":"https:\/\/blogs.lasprovincias.es\/carlospajuelo\/?p=4209"},"modified":"2019-09-20T07:08:09","modified_gmt":"2019-09-20T07:08:09","slug":"todo-por-un-voto","status":"publish","type":"post","link":"https:\/\/blogs.lasprovincias.es\/carlospajuelo\/2019\/09\/20\/todo-por-un-voto\/","title":{"rendered":"TODO POR UN VOTO"},"content":{"rendered":"<div dir=\"ltr\">TODO POR UN VOTO<\/div>\n<div dir=\"ltr\">Acabo de o\u00edr una especie de editorial de Herrera en la Cope que hac\u00eda referencia a un acto ocurrido, representado, en el Parlamento vasco ayer y que giraba en torno a un tema que es el de los abusos policiales.<\/div>\n<div dir=\"ltr\">Avalentado en origen por el partido socialista y espec\u00edficamente, por se\u00f1alar con mayor precisi\u00f3n, por el Sr. S\u00e1nchez, su secretario general, al parecer para devolver el favor del voto de Bildu<\/div>\n<div dir=\"ltr\">Desarrollado por el lendakari, el asunto se ha puesto en marcha dando carpetazo hist\u00f3rico a la cadena de muertos que orla la acci\u00f3n del terrorismo. Una orla negra de una promoci\u00f3n del nueve largo.<\/div>\n<div dir=\"ltr\">Muertos guardias civiles, polic\u00edas\u00a0 nacionales, polic\u00edas auton\u00f3micos, civiles etc. parecen\u00a0 ignorarse en esta proclama de los derechos humanos.<\/div>\n<div dir=\"ltr\">La objetividad, los hechos se entierran por mor de un voto o m\u00e1s y eso es lo que indigna y te aleja del concepto sustancial de la democracia.<\/div>\n<div dir=\"ltr\">Se siembra el mal sobre tierra adulterada.\u00bfQu\u00e9 cosecha saldr\u00e1?<\/div>\n<div dir=\"ltr\">Es evidente, por si hubiera alguna duda lo repito hoy aqu\u00ed, que condeno a voz en cuello el abuso policial y el abuso en todas sus formas.<\/div>\n<div dir=\"ltr\">Todas las familias no son un dechado de virtudes, seres angelicales sin macula.<\/div>\n<div dir=\"ltr\">En las fuerzas del orden de todo tipo y condici\u00f3n, se esconden personas que han equivocado la carrera, que no hacen honor a lo que han jurado defender o creyendo que as\u00ed defienden bien o mejor cuando se\u00a0 prolongan con una mano de hostias( con perd\u00f3n) para &#8220;ablandar&#8221; al sospechoso<\/div>\n<div dir=\"ltr\">No est\u00e1 bien y debe ser vigilado, juzgado y sancionado.<\/div>\n<div dir=\"ltr\">La balanza de la justicia la pintan ciega y tiene dos platos que no est\u00e1n equilibrados. Hay uno que pesa m\u00e1s que el otro.<\/div>\n<div dir=\"ltr\">Por eso un Parlamento ha de sopesar, objetivar los hechos y evitar la persecuci\u00f3n de una y otra parte.<\/div>\n<div dir=\"ltr\">! Cuidado con el victimismo, el buen\u00edsmo y otros ismos que llegan a confundir!<\/div>\n<div dir=\"ltr\">Esta es una columna incomoda para m\u00ed y para los lectores.<\/div>\n<div dir=\"ltr\">A lo mejor es m\u00e1s divertido hablar de la gastronom\u00eda vasca, de lo ic\u00f3nico de la xapela o del Museo Guggenheim.<\/div>\n<div dir=\"ltr\">Aqu\u00ed se debe estar a las duras y a las maduras. Que se cumpla la Ley, que se siga la Constituci\u00f3n que, de momento es la que tenemos hoy,\u00a0 y que nos dejemos de &#8220;arreglitos&#8221; y pasteleo que con eso mal favor se hace a la democracia.<\/div>\n<div dir=\"ltr\">Al parecer el Sr, S\u00e1nchez dec\u00eda que no podr\u00eda dormir tranquilo con sus ministros de Podemos sentados cerca.<\/div>\n<div dir=\"ltr\">\u00bfAhora puede dormir en Nueva York, donde est\u00e1 a la saz\u00f3n viendo como se lava la imagen?<\/div>\n<div dir=\"ltr\">Los hechos se olvidan y la historia se diluye por un pu\u00f1ado de votos. Me parece tendente al autoritarismo y eso es penoso.<\/div>\n<div dir=\"ltr\">\u00bfY me pide usted que vaya a votar? Lo entiendo.<\/div>\n<div dir=\"ltr\">Por eso repaso y espero a ver a quien nos pone delante.<\/div>\n<div dir=\"ltr\">\u00bfSer\u00e1n los mismos otra vez en un ejercicio del d\u00eda de la marmota? Venga ya.<\/div>\n","protected":false},"excerpt":{"rendered":"<p>TODO POR UN VOTO Acabo de o\u00edr una especie de editorial de Herrera en la Cope que hac\u00eda referencia a un acto ocurrido, representado, en el Parlamento vasco ayer y que giraba en torno a un tema que es el de los abusos policiales. Avalentado en origen por el partido socialista y espec\u00edficamente, por se\u00f1alar [&hellip;]<\/p>\n","protected":false},"author":7,"featured_media":0,"comment_status":"closed","ping_status":"closed","sticky":false,"template":"","format":"standard","meta":[],"categories":[1],"tags":[],"_links":{"self":[{"href":"https:\/\/blogs.lasprovincias.es\/carlospajuelo\/wp-json\/wp\/v2\/posts\/4209"}],"collection":[{"href":"https:\/\/blogs.lasprovincias.es\/carlospajuelo\/wp-json\/wp\/v2\/posts"}],"about":[{"href":"https:\/\/blogs.lasprovincias.es\/carlospajuelo\/wp-json\/wp\/v2\/types\/post"}],"author":[{"embeddable":true,"href":"https:\/\/blogs.lasprovincias.es\/carlospajuelo\/wp-json\/wp\/v2\/users\/7"}],"replies":[{"embeddable":true,"href":"https:\/\/blogs.lasprovincias.es\/carlospajuelo\/wp-json\/wp\/v2\/comments?post=4209"}],"version-history":[{"count":1,"href":"https:\/\/blogs.lasprovincias.es\/carlospajuelo\/wp-json\/wp\/v2\/posts\/4209\/revisions"}],"predecessor-version":[{"id":4210,"href":"https:\/\/blogs.lasprovincias.es\/carlospajuelo\/wp-json\/wp\/v2\/posts\/4209\/revisions\/4210"}],"wp:attachment":[{"href":"https:\/\/blogs.lasprovincias.es\/carlospajuelo\/wp-json\/wp\/v2\/media?parent=4209"}],"wp:term":[{"taxonomy":"category","embeddable":true,"href":"https:\/\/blogs.lasprovincias.es\/carlospajuelo\/wp-json\/wp\/v2\/categories?post=4209"},{"taxonomy":"post_tag","embeddable":true,"href":"https:\/\/blogs.lasprovincias.es\/carlospajuelo\/wp-json\/wp\/v2\/tags?post=4209"}],"curies":[{"name":"wp","href":"https:\/\/api.w.org\/{rel}","templated":true}]}}