{"id":4309,"date":"2019-12-25T09:53:50","date_gmt":"2019-12-25T09:53:50","guid":{"rendered":"https:\/\/blogs.lasprovincias.es\/carlospajuelo\/?p=4309"},"modified":"2019-12-25T09:53:50","modified_gmt":"2019-12-25T09:53:50","slug":"a-manera-de-dos-fotos-fijas","status":"publish","type":"post","link":"https:\/\/blogs.lasprovincias.es\/carlospajuelo\/2019\/12\/25\/a-manera-de-dos-fotos-fijas\/","title":{"rendered":"A MANERA DE DOS FOTOS FIJAS"},"content":{"rendered":"<p><strong>A MANERA DE DOS FOTOS FIJAS<\/strong><\/p>\n<p><strong>Anoche fue Nochebuena- la gran fiesta de los cat\u00f3licos y por razones que no son del caso tuve que salir en torno a las once. La ciudad aparec\u00eda casi desierta, iluminada con un color amarillo c\u00e1lido, sin una pizca de aire, sin lluvia y con la sensaci\u00f3n de estar en otra latitud y en otro tiempo; apenas luces verdes en el techo de los taxis vac\u00edos que con sus conductores, muchos de ellos afincados aqu\u00ed pero con religiones distintas, intentaban entender las costumbres de su pa\u00eds acogedor y qui\u00e9n sabe si nost\u00e1lgicos de su &#8220;fiesta del cordero&#8221; u otras lejanas y ajenas.<\/strong><\/p>\n<p><strong>En una esquina pr\u00f3xima a la Catedral una pareja anidaba entre sus largos cuatro brazos que parec\u00edan uno, a otros ni\u00f1os y j\u00f3venes que pod\u00edan ir a coger sitio para recibir la bendici\u00f3n de su Bel\u00e9n particular; porque eso podr\u00edan ser lo que los m\u00e1s j\u00f3venes llevaban como en una larga bandeja el suyo. Esperaban que el Cardenal les diera la bendici\u00f3n.<\/strong><\/p>\n<p><strong>Otro peque\u00f1o grupo se apresuraba. Un poco tarde, pens\u00e9 yo, para volver de la misa &#8220;del pollo, antesala moderna puesta en marcha por algunos colegios como entrem\u00e9s tempranero a la cl\u00e1sica de las 12 del Gallo. Destinada a ni\u00f1os y pap\u00e1s que luego no van por estar en plena digesti\u00f3n familiar y gastron\u00f3mica que, ya se sabe, puede generar un relapso, hoy permitido social y org\u00e1nicamente.<\/strong><\/p>\n<p><strong>Al regreso a casa observ\u00e9 alg\u00fan local de moda vacio pero con sus puertas abiertas y el sal\u00f3n iluminado, coquetamente, pareciendo esperar a otros invitados que toman la Nochebuena de forma distinta a la anterior. No pude ver a los que iban a llegar.<\/strong><\/p>\n<p><strong>A algunos los he visto esta ma\u00f1ana al asomarme a mirar por mi balc\u00f3n. J\u00f3venes y no tan j\u00f3venes en peque\u00f1os grupos con alguna flor en la mano o una copa de esas de pl\u00e1stico que ahora debemos odiar tanto por su poder contaminante y que hace unos a\u00f1os nos vend\u00edan, como la panacea de la invenci\u00f3n productiva e ingeniosa; parec\u00edan esperar un taxi y me he retirado por un cierto pudor y pese a la necesidad de aceptar, buen grado, la libertad de culto y de expresi\u00f3n, pese a que esta no me agrade o me moleste cuando roza la descalificaci\u00f3n personal e incluso el insulto grosero, me retiro y vengo a y en escribir esto por estar todav\u00eda en mi vieja retina las sensaciones de hace unas horas.<\/strong><\/p>\n<p><strong>A unos y a otros les deseo lo mejor m\u00e1s all\u00e1 de la propia Navidad y medito sobre otros que no han alcanzado a vivirla y otros que estando vivos no pueden lo, porque su salud o su situaci\u00f3n se lo impida. Hasta pronto.<\/strong><\/p>\n<p>&nbsp;<\/p>\n<p>&nbsp;<\/p>\n","protected":false},"excerpt":{"rendered":"<p>A MANERA DE DOS FOTOS FIJAS Anoche fue Nochebuena- la gran fiesta de los cat\u00f3licos y por razones que no son del caso tuve que salir en torno a las once. La ciudad aparec\u00eda casi desierta, iluminada con un color amarillo c\u00e1lido, sin una pizca de aire, sin lluvia y con la sensaci\u00f3n de estar [&hellip;]<\/p>\n","protected":false},"author":7,"featured_media":0,"comment_status":"closed","ping_status":"closed","sticky":false,"template":"","format":"standard","meta":[],"categories":[1],"tags":[],"_links":{"self":[{"href":"https:\/\/blogs.lasprovincias.es\/carlospajuelo\/wp-json\/wp\/v2\/posts\/4309"}],"collection":[{"href":"https:\/\/blogs.lasprovincias.es\/carlospajuelo\/wp-json\/wp\/v2\/posts"}],"about":[{"href":"https:\/\/blogs.lasprovincias.es\/carlospajuelo\/wp-json\/wp\/v2\/types\/post"}],"author":[{"embeddable":true,"href":"https:\/\/blogs.lasprovincias.es\/carlospajuelo\/wp-json\/wp\/v2\/users\/7"}],"replies":[{"embeddable":true,"href":"https:\/\/blogs.lasprovincias.es\/carlospajuelo\/wp-json\/wp\/v2\/comments?post=4309"}],"version-history":[{"count":1,"href":"https:\/\/blogs.lasprovincias.es\/carlospajuelo\/wp-json\/wp\/v2\/posts\/4309\/revisions"}],"predecessor-version":[{"id":4310,"href":"https:\/\/blogs.lasprovincias.es\/carlospajuelo\/wp-json\/wp\/v2\/posts\/4309\/revisions\/4310"}],"wp:attachment":[{"href":"https:\/\/blogs.lasprovincias.es\/carlospajuelo\/wp-json\/wp\/v2\/media?parent=4309"}],"wp:term":[{"taxonomy":"category","embeddable":true,"href":"https:\/\/blogs.lasprovincias.es\/carlospajuelo\/wp-json\/wp\/v2\/categories?post=4309"},{"taxonomy":"post_tag","embeddable":true,"href":"https:\/\/blogs.lasprovincias.es\/carlospajuelo\/wp-json\/wp\/v2\/tags?post=4309"}],"curies":[{"name":"wp","href":"https:\/\/api.w.org\/{rel}","templated":true}]}}