{"id":4332,"date":"2020-01-14T07:40:18","date_gmt":"2020-01-14T07:40:18","guid":{"rendered":"https:\/\/blogs.lasprovincias.es\/carlospajuelo\/?p=4332"},"modified":"2020-01-14T07:40:18","modified_gmt":"2020-01-14T07:40:18","slug":"la-vagina-de-la-sra-paltrow-dona-gwyneth","status":"publish","type":"post","link":"https:\/\/blogs.lasprovincias.es\/carlospajuelo\/2020\/01\/14\/la-vagina-de-la-sra-paltrow-dona-gwyneth\/","title":{"rendered":"LA VAGINA DE LA SRA. PALTROW DO\u00d1A GWYNETH"},"content":{"rendered":"<p><strong>LA VAGINA DE LA SRA. PALTROW DO\u00d1A GWYNETH<\/strong><\/p>\n<p><strong>\u00a0\u00a0\u00a0\u00a0\u00a0\u00a0\u00a0 <em>Gwyneth Paltrow agota la venta de las velas que huelen como su vagina,<\/em><\/strong><\/p>\n<p><strong><em>\u00a0\u00a0\u00a0\u00a0\u00a0\u00a0\u00a0 <\/em><\/strong><em>La actriz y empresaria <\/em><a href=\"https:\/\/es.wikipedia.org\/wiki\/Gwyneth_Paltrow\" rel=\"external nofollow\"><em>Gwyneth Paltrow<\/em><\/a><em> lanz\u00f3 un producto cuya venta se ha agotado: <\/em><a href=\"https:\/\/shop.goop.com\/shop\/products\/dirty-rose-candle?country=USA&amp;variant_id=50338\" rel=\"external nofollow\"><em>una vela cuya fragancia floral huele como su vagina<\/em><\/a><em>, pero los interesados en comprarla no deben desanimarse ya que podr\u00e1n ordenarla pronto en la p\u00e1gina de su compa\u00f1\u00eda <\/em><strong><em>\u00a0\u00a0\u00a0 (FUENTE AGENCIA EFE)<\/em><\/strong><\/p>\n<p><strong>\u00a0\u00a0\u00a0\u00a0\u00a0\u00a0\u00a0 Estando el personal m\u00e1s que harto de la investidura, de las juras ante el Rey, de los nombramientos, de los discursos de toma de posesi\u00f3n, de la especulaciones sobre si la ex ministra de Justicia la Sra. Delgado es o no apropiada para ser Fiscal general del Estado y de ver ,dicen, en todo ello al Maquiavelo Dr. S\u00e1nchez ,me inclino por la vida misma y por ciertas extravagancias que marcan una manera de entender las relaciones personales.<\/strong><\/p>\n<p><strong>\u00a0\u00a0\u00a0\u00a0\u00a0\u00a0\u00a0 La noticia que encabeza esta columna alcanza, al precio de 75 d\u00f3lares la vela, el rango de fetiche. <\/strong><\/p>\n<p><strong>\u00a0\u00a0\u00a0\u00a0\u00a0\u00a0\u00a0 Un servidor ha visto a esta se\u00f1ora en la pantalla y no ha ca\u00eddo en la necesidad biol\u00f3gica de inhalar su perfume \u00edntimo. Otros si, a la vista de que las velas se han agotado.<\/strong><\/p>\n<p><strong>\u00a0\u00a0\u00a0\u00a0\u00a0\u00a0\u00a0 Me pregunto y hago extensiva la pregunta a quienes manejan la \u00e9tica matrimonial con perfecci\u00f3n moral e incluso jur\u00eddica: <\/strong><\/p>\n<p><strong>\u00a0\u00a0\u00a0\u00a0\u00a0\u00a0\u00a0 \u00bfNos encontramos ante un caso de infidelidad manifiesta y virtual? <\/strong><\/p>\n<p><strong>\u00a0\u00a0\u00a0\u00a0\u00a0\u00a0\u00a0 \u00bfEncontrar una vela con un extra\u00f1o olor calificado como el de la Sra. citada es una prueba? <\/strong><\/p>\n<p><strong>\u00a0\u00a0\u00a0\u00a0\u00a0\u00a0\u00a0 Qui\u00e9n certifica que ese es el olor?<\/strong><\/p>\n<p><strong>\u00a0\u00a0\u00a0\u00a0\u00a0\u00a0\u00a0 No es balad\u00ed el tema. Recordemos algunas grabaciones, filtradas en su d\u00eda, que hac\u00edan referencia al inter\u00e9s del pr\u00edncipe Carlos (eterno heredero del trono ingles) por las compresas de su entonces amante (un asunto que no sirvi\u00f3 para desequilibrar a la monarqu\u00eda que sigue manteniendo un 70 % de lealtad popular frente al 60% de la nuestra, dicen quienes saben de esto).<\/strong><\/p>\n<p><strong>\u00a0\u00a0\u00a0\u00a0\u00a0\u00a0\u00a0 Conozco un ginec\u00f3logo local que recibi\u00f3 una queja de un natural marroqu\u00ed por haberle &#8221; robado o quitado&#8221; el olor a hembra de su mujer, al obligarla a lavarse ante el &#8220;perfume&#8221; derivado de su exploraci\u00f3n primera.<\/strong><\/p>\n<p><strong>\u00a0\u00a0\u00a0\u00a0\u00a0\u00a0\u00a0 Los animales del bosque se huelen antes y as\u00ed identifican su estado de ansiedad reproductiva.<\/strong><\/p>\n<p><strong>\u00a0\u00a0\u00a0\u00a0\u00a0\u00a0\u00a0 \u00bfEs este el caso de los compradores de velas con olor vaginoso?<\/strong><\/p>\n<p><strong>\u00a0\u00a0\u00a0\u00a0\u00a0\u00a0\u00a0 Las feministas, a las que respeto hasta el infinito c\u00f3smico, \u00bfNo ver\u00e1n en esto una &#8220;cosificaci\u00f3n&#8221; de la mujer, una instrumentalizaci\u00f3n de su intimidad?<\/strong><\/p>\n<p><strong>\u00a0\u00a0\u00a0\u00a0\u00a0\u00a0\u00a0 He preguntado y muchas respuestas han sido &#8220;son unos guarros&#8221; refiri\u00e9ndose a ellos y no han dicho nada negativo hacia la empresaria. Esta se\u00f1ora es una lista y lo que en su d\u00eda, al parecer, empez\u00f3 siendo unos consejos hoy es una empresa de m\u00e1s de 200 millones de pavos.<\/strong><\/p>\n<p><strong>\u00a0\u00a0\u00a0\u00a0\u00a0\u00a0\u00a0 Un mundo &#8220;can\u00e9&#8221; este. Prefiero el olor a jam\u00f3n, aunque\u2026no s\u00e9. Navego en el desconcierto.<\/strong><\/p>\n","protected":false},"excerpt":{"rendered":"<p>LA VAGINA DE LA SRA. PALTROW DO\u00d1A GWYNETH \u00a0\u00a0\u00a0\u00a0\u00a0\u00a0\u00a0 Gwyneth Paltrow agota la venta de las velas que huelen como su vagina, \u00a0\u00a0\u00a0\u00a0\u00a0\u00a0\u00a0 La actriz y empresaria Gwyneth Paltrow lanz\u00f3 un producto cuya venta se ha agotado: una vela cuya fragancia floral huele como su vagina, pero los interesados en comprarla no deben desanimarse ya [&hellip;]<\/p>\n","protected":false},"author":7,"featured_media":0,"comment_status":"closed","ping_status":"closed","sticky":false,"template":"","format":"standard","meta":[],"categories":[1],"tags":[],"_links":{"self":[{"href":"https:\/\/blogs.lasprovincias.es\/carlospajuelo\/wp-json\/wp\/v2\/posts\/4332"}],"collection":[{"href":"https:\/\/blogs.lasprovincias.es\/carlospajuelo\/wp-json\/wp\/v2\/posts"}],"about":[{"href":"https:\/\/blogs.lasprovincias.es\/carlospajuelo\/wp-json\/wp\/v2\/types\/post"}],"author":[{"embeddable":true,"href":"https:\/\/blogs.lasprovincias.es\/carlospajuelo\/wp-json\/wp\/v2\/users\/7"}],"replies":[{"embeddable":true,"href":"https:\/\/blogs.lasprovincias.es\/carlospajuelo\/wp-json\/wp\/v2\/comments?post=4332"}],"version-history":[{"count":1,"href":"https:\/\/blogs.lasprovincias.es\/carlospajuelo\/wp-json\/wp\/v2\/posts\/4332\/revisions"}],"predecessor-version":[{"id":4333,"href":"https:\/\/blogs.lasprovincias.es\/carlospajuelo\/wp-json\/wp\/v2\/posts\/4332\/revisions\/4333"}],"wp:attachment":[{"href":"https:\/\/blogs.lasprovincias.es\/carlospajuelo\/wp-json\/wp\/v2\/media?parent=4332"}],"wp:term":[{"taxonomy":"category","embeddable":true,"href":"https:\/\/blogs.lasprovincias.es\/carlospajuelo\/wp-json\/wp\/v2\/categories?post=4332"},{"taxonomy":"post_tag","embeddable":true,"href":"https:\/\/blogs.lasprovincias.es\/carlospajuelo\/wp-json\/wp\/v2\/tags?post=4332"}],"curies":[{"name":"wp","href":"https:\/\/api.w.org\/{rel}","templated":true}]}}